{"id":6309,"date":"2025-07-15T07:06:04","date_gmt":"2025-07-15T10:06:04","guid":{"rendered":"https:\/\/www.enorsai.com\/noticias\/derechos-humanos\/perpetua-confirmada-para-ex-ministro-bonaerense-por-crimenes-aberrantes-durante-la-dictadura\/"},"modified":"2025-07-15T07:06:04","modified_gmt":"2025-07-15T10:06:04","slug":"perpetua-confirmada-para-ex-ministro-bonaerense-por-crimenes-aberrantes-durante-la-dictadura","status":"publish","type":"post","link":"https:\/\/www.enorsai.com\/noticias\/derechos-humanos\/perpetua-confirmada-para-ex-ministro-bonaerense-por-crimenes-aberrantes-durante-la-dictadura\/","title":{"rendered":"Perpetua confirmada para ex Ministro bonaerense por cr\u00edmenes aberrantes durante la dictadura"},"content":{"rendered":"\n<p>Casaci\u00f3n confirm\u00f3 perpetuas para Jaime Smart y un ex polic\u00eda por cr\u00edmenes de lesa humanidad durante la dictadura<br><br>La justicia reafirm\u00f3 la responsabilidad del exministro bonaerense y de un expolic\u00eda en el asesinato de Wenceslao Oru\u00e9 y el secuestro y torturas a su familia, incluidos dos menores. El tribunal exhort\u00f3 a extremar medidas para preservar la prueba sobre los cr\u00edmenes cometidos en el denominado Circuito Camps.<br><br>La Sala II de la C\u00e1mara Federal de Casaci\u00f3n Penal ratific\u00f3 las penas de prisi\u00f3n perpetua impuestas al exministro de Gobierno de la provincia de Buenos Aires, Jaime Lamont Smart, y al ex polic\u00eda Juan Humberto Keller, por su participaci\u00f3n en cr\u00edmenes de lesa humanidad cometidos durante la \u00faltima dictadura c\u00edvico-militar. El fallo confirma la sentencia dictada en febrero de 2024 por el Tribunal Oral en lo Criminal Federal N\u00b01 de La Plata, que los hall\u00f3 responsables del homicidio de Horacio Wenceslao Oru\u00e9, el secuestro y las torturas sufridas por su familia, incluidos dos ni\u00f1os de 14 y 9 a\u00f1os.<br><br>El tribunal revisor, integrado por la jueza \u00c1ngela Ledesma y los jueces Alejandro Slokar y Guillermo Yacobucci, rechaz\u00f3 en su mayor\u00eda los recursos presentados por las defensas. Aunque Yacobucci vot\u00f3 por absolver a Smart, coincidi\u00f3 en la calificaci\u00f3n de los hechos como cr\u00edmenes de lesa humanidad y en la necesidad de preservar las pruebas del caso.<br><br>Cr\u00edmenes en el Circuito Camps<br><br>La causa investiga un operativo ilegal ocurrido el 22 de abril de 1978, cuando un grupo de polic\u00edas irrumpi\u00f3, sin orden judicial, en una vivienda de Rafael Calzada. All\u00ed, asesinaron a Wenceslao Oru\u00e9 y secuestraron a su medio hermano Ra\u00fal Ernesto Aguirre, a su t\u00eda Marcelina Juani y a sus primos Marcelo Adolfo y Ariel Bernardo Juani. Estos \u00faltimos, de 14 y 9 a\u00f1os respectivamente, padecieron tormentos y amenazas en la Comisar\u00eda 1era de Berazategui. Adem\u00e1s, los efectivos robaron bienes del domicilio e incluso mataron al perro ovejero alem\u00e1n de la familia. Keller se apropi\u00f3 de un perro salchicha, que m\u00e1s tarde devolvi\u00f3 tras la liberaci\u00f3n de los menores y su madre.<br><br>El cuerpo de Oru\u00e9 fue enterrado como NN en el cementerio de Rafael Calzada, en un intento deliberado por ocultar el crimen.<br><br>Seg\u00fan lo probado, Smart, como ministro de Gobierno provincial bajo la intervenci\u00f3n de facto de Ib\u00e9rico Saint Jean, tuvo un rol determinante en el sostenimiento del aparato represivo ilegal. \u201cEl Ministerio de Gobierno, a cargo del acusado Smart, desempe\u00f1\u00f3 un rol estrat\u00e9gico, dotando de cobertura institucional y recursos administrativos al accionar ilegal de las fuerzas de seguridad\u201d, sostuvo el juez Slokar, aludiendo al funcionamiento del denominado Circuito Camps, red integrada por alrededor de treinta centros clandestinos de detenci\u00f3n, tortura y exterminio bajo la \u00f3rbita de la Polic\u00eda de la Provincia de Buenos Aires.<br><br>Responsabilidad pol\u00edtica y penal<br><br>En su voto, Slokar destac\u00f3 que Smart no solo ocup\u00f3 un alto cargo pol\u00edtico, sino que ejerc\u00eda dominio sobre la asignaci\u00f3n de recursos econ\u00f3micos, materiales y humanos, esenciales para la ejecuci\u00f3n del plan represivo. \u201cSu intervenci\u00f3n fue determinante en el sostenimiento del plan sistem\u00e1tico de represi\u00f3n, lo que compromete directamente su responsabilidad penal en los cr\u00edmenes cometidos en el marco de dicho circuito\u201d, subray\u00f3 el magistrado.<br><br>Por su parte, la defensa de Keller argument\u00f3 que el expolic\u00eda hab\u00eda actuado convencido de la legalidad del procedimiento, amparado en un expediente judicial por el robo de un veh\u00edculo. Sin embargo, la C\u00e1mara rechaz\u00f3 esa postura: \u201cLa existencia de esa causa judicial no acreditaba la legalidad de los hechos ocurridos el 22 de abril de 1978\u201d, afirm\u00f3 el juez Yacobucci, quien consider\u00f3 probada la responsabilidad penal de Keller como coautor material.<br><br>V\u00edctimas menores de edad y deber de preservar la prueba<br><br>La resoluci\u00f3n de Casaci\u00f3n remarc\u00f3 especialmente la situaci\u00f3n de las v\u00edctimas menores. \u201cNo puede dejar de ponerse de resalto que las v\u00edctimas Marcelo Adolfo Juani y Ariel Bernardo Juani, que contaban por entonces con 14 y 9 a\u00f1os de edad, respectivamente, no solamente padecieron circunstancias extremadamente cruentas en el domicilio, sino que fueron conducidos contra su voluntad a la comisar\u00eda y fueron interrogados mediante tormentos y amenazas\u201d, indica el fallo.<br><br>Adem\u00e1s de confirmar las condenas, la C\u00e1mara exhort\u00f3 al tribunal de juicio a adoptar medidas para preservar la totalidad del material probatorio de la causa. Se dispuso su digitalizaci\u00f3n, resguardo y difusi\u00f3n, para evitar la p\u00e9rdida de evidencia clave en futuras investigaciones sobre cr\u00edmenes de lesa humanidad.<br><br>La decisi\u00f3n se enmarca en est\u00e1ndares internacionales, como los se\u00f1alados por la Corte Interamericana de Derechos Humanos y la ONU, que advierten sobre los riesgos de recortar recursos destinados a esclarecer estos cr\u00edmenes. En particular, se cit\u00f3 la preocupaci\u00f3n expresada por Jan Jarab, representante de la Oficina del Alto Comisionado de las Naciones Unidas para los Derechos Humanos, quien alert\u00f3 que \u201cla existencia de una crisis econ\u00f3mica no deber\u00eda significar la limitaci\u00f3n de recursos hacia \u00e1reas cruciales para los procesos de justicia transicional\u201d.<br><br>Una sentencia que refuerza la memoria<br><br>Este nuevo fallo constituye un paso m\u00e1s en el camino de justicia y memoria, que en Argentina ha permitido consolidar la verdad sobre el terrorismo de Estado. El asesinato de Oru\u00e9 y el calvario sufrido por sus familiares, incluso siendo ni\u00f1os, son muestra de la brutalidad del aparato represivo. La ratificaci\u00f3n de estas condenas reafirma que los delitos de lesa humanidad son imprescriptibles y que la responsabilidad penal alcanza tanto a ejecutores directos como a funcionarios que desde sus despachos avalaron o facilitaron el accionar criminal.<br><br>La causa, en la que intervino en la instancia de revisi\u00f3n el fiscal general Ra\u00fal Omar Ple\u00e9 y en el juicio el auxiliar fiscal Juan Mart\u00edn Nogueira junto a Ana Oberlin y Gonzalo Miranda, sigue siendo un emblema del compromiso judicial con los principios de memoria, verdad y justicia.<br><br><\/p>\n\n\n\n<p>Fuente:<\/p>\n\n\n\n<ul class=\"wp-block-list\">\n<li>https:\/\/www.fiscales.gob.ar\/lesa-humanidad\/casacion-confirmo-las-prisiones-perpetuas-del-exministro-smart-y-de-un-expolicia-por-el-homicidio-de-un-hombre-y-el-secuestro-de-sus-familiares-en-1978\/<\/li>\n<\/ul>\n","protected":false},"excerpt":{"rendered":"<p>Casaci\u00f3n confirm\u00f3 perpetuas para Jaime Smart y un ex polic\u00eda por cr\u00edmenes de lesa humanidad durante la dictadura La justicia reafirm\u00f3 la responsabilidad del exministro bonaerense y de un expolic\u00eda en el asesinato de Wenceslao Oru\u00e9 y el secuestro y torturas a su familia, incluidos dos menores. El tribunal exhort\u00f3 a extremar medidas para preservar&#8230;<\/p>\n","protected":false},"author":12,"featured_media":6308,"comment_status":"open","ping_status":"open","sticky":false,"template":"","format":"standard","meta":{"_monsterinsights_skip_tracking":false,"_monsterinsights_sitenote_active":false,"_monsterinsights_sitenote_note":"","_monsterinsights_sitenote_category":0,"footnotes":"","jetpack_publicize_message":"","jetpack_publicize_feature_enabled":true,"jetpack_social_post_already_shared":true,"jetpack_social_options":{"image_generator_settings":{"template":"highway","default_image_id":0,"font":"","enabled":false},"version":2}},"categories":[1908],"tags":[],"class_list":["post-6309","post","type-post","status-publish","format-standard","has-post-thumbnail","hentry","category-derechos-humanos"],"jetpack_publicize_connections":[],"_links":{"self":[{"href":"https:\/\/www.enorsai.com\/noticias\/wp-json\/wp\/v2\/posts\/6309","targetHints":{"allow":["GET"]}}],"collection":[{"href":"https:\/\/www.enorsai.com\/noticias\/wp-json\/wp\/v2\/posts"}],"about":[{"href":"https:\/\/www.enorsai.com\/noticias\/wp-json\/wp\/v2\/types\/post"}],"author":[{"embeddable":true,"href":"https:\/\/www.enorsai.com\/noticias\/wp-json\/wp\/v2\/users\/12"}],"replies":[{"embeddable":true,"href":"https:\/\/www.enorsai.com\/noticias\/wp-json\/wp\/v2\/comments?post=6309"}],"version-history":[{"count":0,"href":"https:\/\/www.enorsai.com\/noticias\/wp-json\/wp\/v2\/posts\/6309\/revisions"}],"wp:featuredmedia":[{"embeddable":true,"href":"https:\/\/www.enorsai.com\/noticias\/wp-json\/wp\/v2\/media\/6308"}],"wp:attachment":[{"href":"https:\/\/www.enorsai.com\/noticias\/wp-json\/wp\/v2\/media?parent=6309"}],"wp:term":[{"taxonomy":"category","embeddable":true,"href":"https:\/\/www.enorsai.com\/noticias\/wp-json\/wp\/v2\/categories?post=6309"},{"taxonomy":"post_tag","embeddable":true,"href":"https:\/\/www.enorsai.com\/noticias\/wp-json\/wp\/v2\/tags?post=6309"}],"curies":[{"name":"wp","href":"https:\/\/api.w.org\/{rel}","templated":true}]}}