{"id":6295,"date":"2025-07-15T05:35:11","date_gmt":"2025-07-15T08:35:11","guid":{"rendered":"http:\/\/www.enorsai.com\/noticias\/?p=6295"},"modified":"2025-07-15T05:35:11","modified_gmt":"2025-07-15T08:35:11","slug":"tension-cambiaria-el-dolar-sube-las-reservas-caen-y-milei-se-queda-sin-margen","status":"publish","type":"post","link":"https:\/\/www.enorsai.com\/noticias\/economia\/tension-cambiaria-el-dolar-sube-las-reservas-caen-y-milei-se-queda-sin-margen\/","title":{"rendered":"Tensi\u00f3n cambiaria: el d\u00f3lar sube, las reservas caen y Milei se queda sin margen"},"content":{"rendered":"\n<p><strong><em>La escalada del d\u00f3lar expone la fragilidad de un modelo que pregona libertad de mercado pero opera bajo intervenciones y controles. Con un Banco Central exhausto y el riesgo pa\u00eds en alza, el gobierno de Javier Milei enfrenta un desaf\u00edo monumental que amenaza con devorar sus propias promesas de estabilidad.<\/em><\/strong><\/p>\n\n\n\n<p>El d\u00f3lar en Argentina se ha convertido en una especie de fantasma que recorre cada conversaci\u00f3n cotidiana, una obsesi\u00f3n nacional que va mucho m\u00e1s all\u00e1 del billete verde. En estos d\u00edas, el fantasma se materializ\u00f3 con furia: el blue alcanz\u00f3 los 1.300 pesos, encendiendo todas las alarmas y haciendo retumbar los cimientos del relato oficial de \u201clibertad econ\u00f3mica\u201d. Porque aunque el gobierno de Javier Milei se jacte de haber soltado las amarras del mercado, lo cierto es que las sogas siguen tensas, y el mercado se revuelca en un mar de incertidumbre que ni las proclamas libertarias consiguen calmar.<\/p>\n\n\n\n<p>Seg\u00fan el an\u00e1lisis publicado en <strong>El D\u00eda<\/strong>, la tensi\u00f3n cambiaria es hija directa de la pol\u00edtica, que est\u00e1 impregnada de cruces, discursos encendidos y gestos que, lejos de tranquilizar, multiplican el desconcierto. Mientras Milei amenaza con vetar cualquier ley que implique gasto p\u00fablico, los operadores financieros se mantienen en estado de alerta, percibiendo una econom\u00eda que se sostiene apenas con parches y maniobras desesperadas. El gobierno repite hasta el cansancio su mantra liberal, pero en la pr\u00e1ctica interviene el mercado, juega con los tipos de cambio y hace malabares para evitar que las reservas se desangren a\u00fan m\u00e1s. Esa contradicci\u00f3n no solo genera desconfianza: alimenta la sensaci\u00f3n de que nadie, ni siquiera el propio Presidente, tiene el tim\u00f3n bien firme en este barco a la deriva.<\/p>\n\n\n\n<p>Por su parte, <strong>P\u00e1gina\/12<\/strong> describe el momento actual con crudeza: el d\u00f3lar pas\u00f3 los $1.300 y dej\u00f3 al gobierno \u201cen jaque\u201d, en un contexto donde la brecha cambiaria sigue siendo un c\u00e1ncer que corroe la credibilidad del plan econ\u00f3mico. Las reservas netas, mientras tanto, est\u00e1n en m\u00ednimos peligrosos y el Banco Central se ve obligado a vender para intentar contener la corrida, pero cada d\u00f3lar que se va, es un grano m\u00e1s de arena que se escurre del reloj. Y en el fondo, lo que subyace es el miedo a una devaluaci\u00f3n abrupta que pueda encender una espiral de precios todav\u00eda m\u00e1s dram\u00e1tica que la que ya sufren millones de argentinos.<\/p>\n\n\n\n<p>No se trata solo de cifras fr\u00edas. Lo que se ve en la calle es un humor social cargado de nerviosismo, donde comerciantes, empresarios y trabajadores est\u00e1n en vilo. Cada salto del d\u00f3lar se traduce en remarcaciones, y cada remarcaci\u00f3n es un nuevo mazazo para bolsillos exhaustos. No hay relato que alcance para tapar esa angustia. Las promesas libertarias quedan en offside ante la evidencia de que la \u201cmano invisible\u201d est\u00e1, en realidad, maniatada por una crisis que no deja de morder.<\/p>\n\n\n\n<p><strong>Google News<\/strong>, en su cobertura, se\u00f1ala con precisi\u00f3n que el d\u00f3lar \u201cse va para arriba\u201d y que, lejos de calmarse, la tensi\u00f3n cambiaria se ha convertido en el epicentro del temblor econ\u00f3mico y pol\u00edtico. La nota retrata c\u00f3mo la pulseada entre el gobierno y el mercado termin\u00f3 inclin\u00e1ndose a favor de este \u00faltimo. Las intervenciones oficiales, que buscaban frenar la suba, no solo no lograron detenerla sino que le pusieron un reflector a\u00fan m\u00e1s potente a la fragilidad del esquema vigente. Es como si cada medida para controlar el tipo de cambio funcionara como gasolina arrojada sobre un fuego que ya est\u00e1 fuera de control.<\/p>\n\n\n\n<p>La percepci\u00f3n dominante es que el gobierno camina sobre un alambre peligrosamente fino. Milei apuesta a su discurso radical de ajuste y equilibrio fiscal, pero los n\u00fameros no cierran y el margen de maniobra se achica con cada d\u00eda que pasa. El mercado exige se\u00f1ales de confianza, pero las respuestas llegan tarde, mal o nunca. Mientras tanto, el d\u00f3lar no es solo una variable econ\u00f3mica: es el s\u00edmbolo visible de que el \u201cplan Milei\u201d est\u00e1 empezando a resquebrajarse.<\/p>\n\n\n\n<p>Todo esto ocurre en un contexto donde las expectativas de inflaci\u00f3n, lejos de moderarse, se recalientan. La misma nota de <strong>P\u00e1gina\/12<\/strong> advierte que la aceleraci\u00f3n del tipo de cambio se traduce de inmediato en presi\u00f3n sobre los precios, y que la percepci\u00f3n de que podr\u00eda haber una devaluaci\u00f3n mayor alimenta el c\u00edrculo vicioso. El riesgo pa\u00eds, adem\u00e1s, supera los 1.600 puntos, reflejando la creciente percepci\u00f3n de que Argentina est\u00e1 m\u00e1s cerca de una crisis severa que de la recuperaci\u00f3n prometida.<\/p>\n\n\n\n<p>Si algo deja claro esta crisis es que las ideas libertarias, sin respaldo real en reservas ni en confianza, se convierten en castillos de naipes. Milei se presenta como el gladiador dispuesto a enfrentar \u201cla casta\u201d y a dinamitar privilegios, pero el d\u00f3lar lo devuelve brutalmente a la realidad. Porque en la econom\u00eda, los relatos duran lo que tardan las cifras en desmentirlos. Y hoy, las cifras son un pu\u00f1al: el blue a $1.300, las reservas netas desplom\u00e1ndose, la brecha en aumento y la angustia social en niveles insoportables.<\/p>\n\n\n\n<p>El interrogante es inevitable: \u00bfcu\u00e1nto tiempo m\u00e1s podr\u00e1 resistir este esquema? \u00bfHasta cu\u00e1ndo el gobierno podr\u00e1 sostener el relato de la libertad de mercado mientras se multiplica la intervenci\u00f3n y se evaporan los d\u00f3lares? \u00bfNo ser\u00e1 acaso que la \u201clibertad\u201d es solo un eslogan para disimular que, en el fondo, estamos ante un modelo que no logra salir de la l\u00f3gica de crisis permanente?<\/p>\n\n\n\n<p>En definitiva, el d\u00f3lar sube no s\u00f3lo porque faltan billetes verdes. Sube porque sobran dudas. Y cuando la confianza se hace a\u00f1icos, ninguna receta m\u00e1gica alcanza para recomponerla. Ni siquiera la de los libertarios que so\u00f1aron con \u201cdinamitar todo\u201d y hoy se encuentran atrapados en el mismo laberinto que sus antecesores. El mercado no espera discursos: exige d\u00f3lares. Y ah\u00ed, lamentablemente, Milei se est\u00e1 quedando sin palabras\u2026 y sin reservas.<\/p>\n\n\n\n<p>Fuentes:<\/p>\n\n\n\n<ul class=\"wp-block-list\">\n<li><a href=\"https:\/\/www.eldia.com\/nota\/2025-7-15-1-44-29-el-dolar-se-va-para-arriba-a-que-se-debe-la-tension-cambiaria-politica-y-economia\">https:\/\/www.eldia.com\/nota\/2025-7-15-1-44-29-el-dolar-se-va-para-arriba-a-que-se-debe-la-tension-cambiaria-politica-y-economia<\/a><\/li>\n\n\n\n<li><a href=\"https:\/\/www.pagina12.com.ar\/842007-el-dolar-pasa-los-1300-y-pone-en-jaque-al-gobierno\">https:\/\/www.pagina12.com.ar\/842007-el-dolar-pasa-los-1300-y-pone-en-jaque-al-gobierno<\/a><\/li>\n\n\n\n<li><\/li>\n<\/ul>\n","protected":false},"excerpt":{"rendered":"<p>El d\u00f3lar escal\u00f3 a $1.300 y expuso las fracturas del plan econ\u00f3mico de Javier Milei. Mientras las reservas se diluyen y el riesgo pa\u00eds sube, el relato de libertad econ\u00f3mica se desmorona. La tensi\u00f3n cambiaria refleja un modelo atrapado entre intervenciones, parches y la desconfianza social y financiera.<\/p>\n","protected":false},"author":9,"featured_media":6296,"comment_status":"open","ping_status":"open","sticky":false,"template":"","format":"standard","meta":{"_monsterinsights_skip_tracking":false,"_monsterinsights_sitenote_active":false,"_monsterinsights_sitenote_note":"","_monsterinsights_sitenote_category":0,"footnotes":"","jetpack_publicize_message":"","jetpack_publicize_feature_enabled":true,"jetpack_social_post_already_shared":true,"jetpack_social_options":{"image_generator_settings":{"template":"highway","default_image_id":0,"font":"","enabled":false},"version":2}},"categories":[3],"tags":[58,43,147,282,15,227,790,45,72,66],"class_list":["post-6295","post","type-post","status-publish","format-standard","has-post-thumbnail","hentry","category-economia","tag-ajuste","tag-crisis","tag-devaluacion","tag-dolar","tag-economia","tag-inflacion","tag-mercado","tag-milei","tag-politica","tag-reservas"],"jetpack_publicize_connections":[],"_links":{"self":[{"href":"https:\/\/www.enorsai.com\/noticias\/wp-json\/wp\/v2\/posts\/6295","targetHints":{"allow":["GET"]}}],"collection":[{"href":"https:\/\/www.enorsai.com\/noticias\/wp-json\/wp\/v2\/posts"}],"about":[{"href":"https:\/\/www.enorsai.com\/noticias\/wp-json\/wp\/v2\/types\/post"}],"author":[{"embeddable":true,"href":"https:\/\/www.enorsai.com\/noticias\/wp-json\/wp\/v2\/users\/9"}],"replies":[{"embeddable":true,"href":"https:\/\/www.enorsai.com\/noticias\/wp-json\/wp\/v2\/comments?post=6295"}],"version-history":[{"count":1,"href":"https:\/\/www.enorsai.com\/noticias\/wp-json\/wp\/v2\/posts\/6295\/revisions"}],"predecessor-version":[{"id":6297,"href":"https:\/\/www.enorsai.com\/noticias\/wp-json\/wp\/v2\/posts\/6295\/revisions\/6297"}],"wp:featuredmedia":[{"embeddable":true,"href":"https:\/\/www.enorsai.com\/noticias\/wp-json\/wp\/v2\/media\/6296"}],"wp:attachment":[{"href":"https:\/\/www.enorsai.com\/noticias\/wp-json\/wp\/v2\/media?parent=6295"}],"wp:term":[{"taxonomy":"category","embeddable":true,"href":"https:\/\/www.enorsai.com\/noticias\/wp-json\/wp\/v2\/categories?post=6295"},{"taxonomy":"post_tag","embeddable":true,"href":"https:\/\/www.enorsai.com\/noticias\/wp-json\/wp\/v2\/tags?post=6295"}],"curies":[{"name":"wp","href":"https:\/\/api.w.org\/{rel}","templated":true}]}}