{"id":6273,"date":"2025-07-14T05:57:31","date_gmt":"2025-07-14T08:57:31","guid":{"rendered":"https:\/\/www.enorsai.com\/noticias\/?p=6273"},"modified":"2025-07-14T05:57:31","modified_gmt":"2025-07-14T08:57:31","slug":"la-justicia-desarma-la-coartada-de-milei-en-la-causa-libra-y-lo-complica-en-la-investigacion-por-el-fraude-cripto","status":"publish","type":"post","link":"https:\/\/www.enorsai.com\/noticias\/politica\/la-justicia-desarma-la-coartada-de-milei-en-la-causa-libra-y-lo-complica-en-la-investigacion-por-el-fraude-cripto\/","title":{"rendered":"La Justicia desarma la coartada de Milei en la causa $Libra y lo complica en la investigaci\u00f3n por el fraude cripto"},"content":{"rendered":"\n<p><strong><em>Mientras el Presidente se escuda en su cuenta \u201cpersonal\u201d de X para desligarse del esc\u00e1ndalo $Libra, la Justicia Federal lo contradice y expone grietas legales y \u00e9ticas que podr\u00edan sacudir su inmunidad pol\u00edtica. Un dictamen de la Fiscal\u00eda Federal de La Plata pulveriza el argumento que exim\u00eda a Javier Milei de responsabilidades por sus publicaciones en redes sociales, reabriendo un frente judicial que conecta pol\u00edtica, criptomonedas y la utilizaci\u00f3n del poder presidencial en las plataformas digitales.<\/em><\/strong><\/p>\n\n\n\n<p>Hay un silencio espeso, casi c\u00f3mplice, que a veces envuelve los esc\u00e1ndalos pol\u00edticos en Argentina, pero basta que un fiscal interino decida levantar la voz para que todo retumbe. Eso es lo que acaba de ocurrir con el caso $Libra, un cap\u00edtulo inc\u00f3modo en la ya tumultuosa saga presidencial de Javier Milei. Lo que hasta hace pocos d\u00edas parec\u00eda una causa moribunda, sellada bajo la lapidaria frase \u201cla Oficina Anticorrupci\u00f3n prob\u00f3 que soy inocente\u201d, de pronto revive con la furia de quien viene a desmentir una coartada cuidadosamente construida. Y es que el dictamen del fiscal federal interino de La Plata, Oscar Guti\u00e9rrez Egu\u00eda, no s\u00f3lo refuta los argumentos con los que Milei intent\u00f3 blindarse, sino que asesta un golpe al coraz\u00f3n de la estrategia jur\u00eddica que lo quiso separar de sus propias palabras en la red social X.<\/p>\n\n\n\n<p>Para entender la magnitud del rev\u00e9s, hay que regresar al origen del laberinto. Cuando la historia del token $Libra sali\u00f3 a la luz, las alarmas se encendieron. Milei hab\u00eda promovido en su cuenta de X el contrato para adquirir este activo cripto, conocido tambi\u00e9n como \u201cViva la Libertad Project\u201d. Hasta ah\u00ed, puro Milei: liberalismo, criptoactivos y \u00e9pica libertaria. Pero la cuesti\u00f3n no era tan na\u00efve. En juego estaba la eventual utilizaci\u00f3n del cargo presidencial para beneficiar un proyecto privado, con implicancias \u00e9ticas y legales nada menores. Para sacarse de encima esa sospecha, el presidente cont\u00f3 con un dictamen de Alejandro Melik, jefe de la Oficina Anticorrupci\u00f3n (OA), quien lo eximi\u00f3 de responsabilidad alegando que sus posteos se hicieron desde su cuenta \u201cpersonal\u201d y no como mandatario. Un artilugio jur\u00eddico tan forzado que rozaba lo grotesco, pero que Milei no dud\u00f3 en enarbolar como prueba absoluta de su inocencia.<\/p>\n\n\n\n<p>As\u00ed, en una entrevista reciente con Luis Majul, apenas surgi\u00f3 el tema $Libra, el presidente se despach\u00f3 sin rubor: \u201cla Oficina Anticorrupci\u00f3n prob\u00f3 que soy inocente\u201d. M\u00e1s claro, imposible. O al menos, eso cre\u00eda \u00e9l. Porque la Justicia, que a veces camina lento pero no necesariamente ciego, empez\u00f3 a mirar el tema con otros ojos. Y lo hizo a partir de otro expediente que, en apariencia, poco ten\u00eda que ver con $Libra: la denuncia de Marlene Spesso, madre de Ian Moche, el ni\u00f1o activista con autismo a quien Milei atac\u00f3 indirectamente en sus redes, reposteando el 1 de junio una publicaci\u00f3n que lo vinculaba con operaciones pol\u00edticas \u201cultra kirchneristas\u201d.<\/p>\n\n\n\n<p>En ese dictamen reciente, el fiscal Guti\u00e9rrez Egu\u00eda hizo a\u00f1icos la l\u00ednea argumental que us\u00f3 Melik para absolver a Milei. Con precisi\u00f3n quir\u00fargica, el fiscal se\u00f1al\u00f3 que la cuenta de X del presidente posee la verificaci\u00f3n gris, signo inequ\u00edvoco \u2014seg\u00fan las propias reglas de la red\u2014 de que se trata de una cuenta oficial de un funcionario de gobierno. Y aunque aclar\u00f3 que la cuenta institucional de Presidencia es @CasaRosada, no dud\u00f3 en enfatizar que Javier Milei figura en X como \u201cEconomista\u201d pero ejerce, indiscutiblemente, como presidente de la Naci\u00f3n. Ergo: lo que Milei publica, incluso en su \u201ccuenta personal\u201d, no puede separarse del ejercicio del poder p\u00fablico. Y en esa grieta se cuela ahora el caso $Libra, porque el argumento de \u201cno soy presidente cuando tuiteo desde mi cuenta personal\u201d se derrumba como un castillo de naipes.<\/p>\n\n\n\n<p>Esta nueva interpretaci\u00f3n judicial mete presi\u00f3n no solo sobre la causa por los agravios contra Ian Moche, sino sobre el expediente $Libra, que sigue vivo en Comodoro Py. Y ah\u00ed, la olla est\u00e1 lejos de estar tapada. Porque mientras Milei insiste en declararse inocente, surgen datos cada vez m\u00e1s escandalosos alrededor de las finanzas del proyecto cripto. Hace apenas d\u00edas, el especialista en criptomonedas Fernando Molina revel\u00f3 una serie de transferencias millonarias vinculadas a Hayden Davis, creador del token $Libra, realizadas justo antes de la publicaci\u00f3n presidencial del 14 de febrero que promov\u00eda el contrato. Entre ellas, una particularmente explosiva: una transferencia de 1275 millones de d\u00f3lares a una billetera desconocida, Gate.io, apenas 24 horas antes de que Milei hiciera p\u00fablico el v\u00ednculo contractual.<\/p>\n\n\n<div class=\"wp-block-image\">\n<figure class=\"aligncenter size-large\"><img loading=\"lazy\" decoding=\"async\" width=\"1024\" height=\"577\" src=\"https:\/\/www.enorsai.com\/noticias\/wp-content\/uploads\/2025\/07\/EnOrsai-2025-07-14T055511.710-1024x577.png\" alt=\"Caso $Libra\" class=\"wp-image-6275\" srcset=\"https:\/\/www.enorsai.com\/noticias\/wp-content\/uploads\/2025\/07\/EnOrsai-2025-07-14T055511.710-1024x577.png 1024w, https:\/\/www.enorsai.com\/noticias\/wp-content\/uploads\/2025\/07\/EnOrsai-2025-07-14T055511.710-300x169.png 300w, https:\/\/www.enorsai.com\/noticias\/wp-content\/uploads\/2025\/07\/EnOrsai-2025-07-14T055511.710-768x433.png 768w, https:\/\/www.enorsai.com\/noticias\/wp-content\/uploads\/2025\/07\/EnOrsai-2025-07-14T055511.710-1536x865.png 1536w, https:\/\/www.enorsai.com\/noticias\/wp-content\/uploads\/2025\/07\/EnOrsai-2025-07-14T055511.710.png 1640w\" sizes=\"auto, (max-width: 1024px) 100vw, 1024px\" \/><figcaption class=\"wp-element-caption\"><strong>Toda la informaci\u00f3n sobre el Caso $Libra<\/strong><\/figcaption><\/figure>\n<\/div>\n\n\n<p>Si alguien esperaba que la causa $Libra se apagara por inanici\u00f3n, est\u00e1 profundamente equivocado. La querella que conduce Juan Grabois en Comodoro Py sigue empujando el expediente y ya pidi\u00f3 que Molina vuelva a declarar, esta vez para exponer las pistas sobre estas transferencias que, hasta ahora, estaban fuera del radar de la Justicia. No se trata solo de montos siderales que generan v\u00e9rtigo. El n\u00facleo del problema es otro, mucho m\u00e1s inquietante: \u00bftuvo el presidente alg\u00fan inter\u00e9s en el \u00e9xito del token que impuls\u00f3 desde su cuenta? \u00bfO fue apenas otro acto de la performance libertaria en redes? Preguntas que, con cada dato nuevo, se hacen m\u00e1s inc\u00f3modas de responder.<\/p>\n\n\n\n<p>El riesgo para Milei no es menor. Porque si la Justicia valida la postura del fiscal Guti\u00e9rrez Egu\u00eda, se abre la posibilidad de que sus publicaciones en X sean consideradas actos oficiales o, al menos, acciones que no pueden quedar escindidas de su condici\u00f3n de presidente. En ese caso, cualquier promoci\u00f3n de negocios privados, como $Libra, podr\u00eda arrastrar consecuencias legales graves. Y, por supuesto, pol\u00edticas. Nadie puede fingir demencia frente a la sospecha de que un jefe de Estado use su plataforma p\u00fablica \u2014aunque la pinte de \u201cpersonal\u201d\u2014 para empujar negocios turbios.<\/p>\n\n\n\n<p>Es cierto, vivimos tiempos en que las fronteras entre lo p\u00fablico y lo privado son cada vez m\u00e1s difusas, sobre todo en un pa\u00eds donde la pol\u00edtica se mud\u00f3 a las redes. Pero el caso Milei encarna un dilema inquietante: \u00bfd\u00f3nde termina el influencer y empieza el presidente? \u00bfHasta d\u00f3nde puede escudarse detr\u00e1s de su avatar digital mientras su firma y su investidura cargan el peso de la funci\u00f3n p\u00fablica? Lo que parec\u00eda una maniobra legal para lavarse las manos en el caso $Libra, hoy se estrella contra el muro de la realidad judicial.<\/p>\n\n\n\n<p>Mientras tanto, los tribunales de Comodoro Py bullen. Y la causa $Libra, lejos de ser un episodio menor, amenaza con convertirse en la estocada que exponga la vulnerabilidad pol\u00edtica de un presidente que, en p\u00fablico, proclama pureza \u00e9tica pero, en privado, juega con fichas millonarias en el tablero cripto. El blindaje que le ofreci\u00f3 la Oficina Anticorrupci\u00f3n se empieza a agrietar, y la narrativa de \u201csoy inocente porque tuiteo como ciudadano\u201d suena cada vez m\u00e1s a cuento chino.<\/p>\n\n\n\n<p>Puede que Milei siga tuiteando furioso desde @JMilei. Pero en el horizonte judicial, las cuentas \u2014y no s\u00f3lo las de X\u2014 podr\u00edan empezar a rendirle un balance mucho menos libertario de lo que esperaba.<\/p>\n\n\n\n<p>Fuente:<\/p>\n\n\n\n<ul class=\"wp-block-list\">\n<li><a href=\"https:\/\/www.tiempoar.com.ar\/ta_article\/libra-cae-el-argumento-que-uso-la-oficina-anticorrupcion-para-desligar-a-milei-de-la-causa\/\">https:\/\/www.tiempoar.com.ar\/ta_article\/libra-cae-el-argumento-que-uso-la-oficina-anticorrupcion-para-desligar-a-milei-de-la-causa\/<\/a><\/li>\n<\/ul>\n","protected":false},"excerpt":{"rendered":"<p>El blindaje que la Oficina Anticorrupci\u00f3n teji\u00f3 para Javier Milei en la causa $Libra se resquebraja. Un fiscal federal lo contradice y pone en jaque la excusa de las \u201ccuentas personales\u201d, reavivando un caso que mezcla poder, redes sociales y criptomonedas, y amenaza con salpicar la investidura presidencial.<\/p>\n","protected":false},"author":11,"featured_media":6274,"comment_status":"open","ping_status":"open","sticky":false,"template":"","format":"standard","meta":{"_monsterinsights_skip_tracking":false,"_monsterinsights_sitenote_active":false,"_monsterinsights_sitenote_note":"","_monsterinsights_sitenote_category":0,"footnotes":"","jetpack_publicize_message":"","jetpack_publicize_feature_enabled":true,"jetpack_social_post_already_shared":true,"jetpack_social_options":{"image_generator_settings":{"template":"highway","default_image_id":0,"font":"","enabled":false},"version":2}},"categories":[1956,2],"tags":[1997,1633,75,1998,1229,70,797,45,72,925],"class_list":["post-6273","post","type-post","status-publish","format-standard","has-post-thumbnail","hentry","category-libra","category-politica","tag-anticorrupcion","tag-comodoropy","tag-corrupcion","tag-criptoactivos","tag-fiscalia","tag-justicia","tag-libra-2","tag-milei","tag-politica","tag-redes"],"jetpack_publicize_connections":[],"_links":{"self":[{"href":"https:\/\/www.enorsai.com\/noticias\/wp-json\/wp\/v2\/posts\/6273","targetHints":{"allow":["GET"]}}],"collection":[{"href":"https:\/\/www.enorsai.com\/noticias\/wp-json\/wp\/v2\/posts"}],"about":[{"href":"https:\/\/www.enorsai.com\/noticias\/wp-json\/wp\/v2\/types\/post"}],"author":[{"embeddable":true,"href":"https:\/\/www.enorsai.com\/noticias\/wp-json\/wp\/v2\/users\/11"}],"replies":[{"embeddable":true,"href":"https:\/\/www.enorsai.com\/noticias\/wp-json\/wp\/v2\/comments?post=6273"}],"version-history":[{"count":1,"href":"https:\/\/www.enorsai.com\/noticias\/wp-json\/wp\/v2\/posts\/6273\/revisions"}],"predecessor-version":[{"id":6276,"href":"https:\/\/www.enorsai.com\/noticias\/wp-json\/wp\/v2\/posts\/6273\/revisions\/6276"}],"wp:featuredmedia":[{"embeddable":true,"href":"https:\/\/www.enorsai.com\/noticias\/wp-json\/wp\/v2\/media\/6274"}],"wp:attachment":[{"href":"https:\/\/www.enorsai.com\/noticias\/wp-json\/wp\/v2\/media?parent=6273"}],"wp:term":[{"taxonomy":"category","embeddable":true,"href":"https:\/\/www.enorsai.com\/noticias\/wp-json\/wp\/v2\/categories?post=6273"},{"taxonomy":"post_tag","embeddable":true,"href":"https:\/\/www.enorsai.com\/noticias\/wp-json\/wp\/v2\/tags?post=6273"}],"curies":[{"name":"wp","href":"https:\/\/api.w.org\/{rel}","templated":true}]}}