{"id":6270,"date":"2025-07-14T05:40:41","date_gmt":"2025-07-14T08:40:41","guid":{"rendered":"https:\/\/www.enorsai.com\/noticias\/?p=6270"},"modified":"2025-07-14T05:40:41","modified_gmt":"2025-07-14T08:40:41","slug":"milei-y-villarruel-guerra-sin-retorno-traiciones-furia-tuitera-y-un-gobierno-al-borde-del-abismo-legislativo","status":"publish","type":"post","link":"https:\/\/www.enorsai.com\/noticias\/politica\/milei-y-villarruel-guerra-sin-retorno-traiciones-furia-tuitera-y-un-gobierno-al-borde-del-abismo-legislativo\/","title":{"rendered":"Milei y Villarruel, guerra sin retorno: traiciones, furia tuitera y un Gobierno al borde del abismo legislativo"},"content":{"rendered":"\n<p><strong><em>Mientras el Senado se convierte en campo de batalla y los vetos se multiplican, el Presidente descarga insultos contra su propia vice y revela las grietas profundas que amenazan al oficialismo libertario. El Gobierno de Javier Milei exhibe una crisis sin precedentes, con una interna feroz entre el Presidente y Victoria Villarruel. Desde acusaciones de traici\u00f3n hasta insultos en redes sociales, el oficialismo navega en aguas turbulentas mientras la Casa Rosada se atrinchera para sostener vetos que podr\u00edan dinamitar su base pol\u00edtica y social.<\/em><\/strong><\/p>\n\n\n\n<p>Javier Milei amaneci\u00f3 el domingo con la furia instalada en el pecho como un bicho que no lo deja en paz. El caf\u00e9 compartido con Patricia Bullrich en la Quinta de Olivos apenas sirvi\u00f3 para avivarle la sangre. Y no tard\u00f3 ni un suspiro en blandir el celular como un hacha. Reposte\u00f3, comparti\u00f3, agit\u00f3. Cada clic fue un misil dirigido a la persona que, hace apenas unos meses, era su compa\u00f1era de f\u00f3rmula: Victoria Villarruel.<\/p>\n\n\n\n<p>La crisis ya no es una presunci\u00f3n: es un incendio a cielo abierto. \u201cBurra\u201d, \u201ctraidora\u201d, \u201cpopulista\u201d. Las palabras retumbaron como escopetazos en las redes sociales, amplificadas desde cuentas de su propio entorno libertario. El Presidente, sin decirlo de su propia boca, pero con su pulgar c\u00f3mplice, convirti\u00f3 en suyas las agresiones. La artiller\u00eda digital incluy\u00f3 a su \u201ccineasta\u201d de cabecera, Santiago Or\u00eda, y a portales como La Derecha Diario, que se despacharon contra Villarruel con un furor casi pornogr\u00e1fico. All\u00ed la tildaron de traidora por no levantar una sesi\u00f3n en el Senado que el Gobierno calific\u00f3 de ilegal y por, supuestamente, \u201capoyar las leyes golpistas kirchneristas que rompen el super\u00e1vit fiscal\u201d.<\/p>\n\n\n\n<p>Es que el Senado fue, la semana pasada, el escenario sangriento de esta nueva fractura en la c\u00fapula libertaria. Bullrich \u2014que mientras desayuna con el Presidente planea su candidatura a senadora por la Ciudad\u2014 le exigi\u00f3 a Villarruel que levantara la sesi\u00f3n. Ella se neg\u00f3. Y ese simple gesto desat\u00f3 la tormenta. Desde entonces, las redes sociales se convirtieron en una trituradora de carne, donde Milei y su s\u00e9quito despellejan a la vice sin piedad.<\/p>\n\n\n\n<p>Pero el conflicto no se limita al ring digital. Bajo la superficie se mueve una tensi\u00f3n m\u00e1s profunda y peligrosa. En Balcarce 50 admiten que \u201cya no hay relaci\u00f3n alguna con la vicepresidenta\u201d. Se habla de ella casi como si fuese una enemiga infiltrada. Una pieza de la oposici\u00f3n plantada en la primera l\u00ednea de la Casa Rosada. A Villarruel, dicen cerca del Presidente, \u201cla devor\u00f3 la ambici\u00f3n de ser presidenta igual que a Larreta\u201d. La acusan de populismo, de querer regalar plata que no hay, de atacar el equilibrio fiscal. La furia es tanta que, en el entorno libertario, hasta se analiza la posibilidad de que ella juegue por fuera en 2027. Y si eso ocurre, saben que podr\u00eda infligirles un da\u00f1o letal, sobre todo porque Villarruel aport\u00f3 un voto \u201cm\u00e1s de derecha y religioso\u201d que consolid\u00f3 parte de la base electoral de La Libertad Avanza.<\/p>\n\n\n\n<p>La vicepresidenta, lejos de retroceder, sali\u00f3 a contestar. Y lo hizo con el filo afilado de alguien que se siente herida y traicionada. \u201cUn jubilado no puede esperar y una discapacitada menos. Que ahorre en la SIDE y en viajes\u201d, dispar\u00f3 Villarruel en redes, respondiendo a un usuario que la atac\u00f3. Acus\u00f3 a Milei y a su hermana de vivir encerrados en un palacio, de usar aviones del Estado y de \u201cni saludar a la persona con la que lleg\u00f3 al poder\u201d. Fue un pu\u00f1etazo directo al ment\u00f3n presidencial. No hubo margen para el disimulo: la pelea es real y se cocina a fuego alto.<\/p>\n\n\n\n<p>Todo esto ocurre mientras el Presidente se enfrenta a un Congreso que ya no lo teme. No s\u00f3lo acumula derrotas parlamentarias, sino que empieza a quedar expuesto como un l\u00edder cada vez m\u00e1s aislado, encapsulado en sus redes, sin m\u00fasculo pol\u00edtico real para sostener la gobernabilidad. Su reacci\u00f3n \u2014tan visceral como repetida\u2014 es el veto. Lo grita a los cuatro vientos: vetar\u00e1 cualquier ley que \u201cponga en peligro el d\u00e9ficit cero\u201d. Es un mantra que repite mientras se derrumba su capital pol\u00edtico.<\/p>\n\n\n\n<p>El listado de leyes en la mira es tan largo como explosivo. La ley que mejora las jubilaciones, la que recompone las moratorias previsionales, la emergencia en discapacidad, fondos para Bah\u00eda Blanca. Y si se aprueban, tambi\u00e9n las normas que reclaman los gobernadores para un reparto m\u00e1s equitativo de impuestos y Aportes del Tesoro Nacional. Pero vetar no es gratis. Cada firma en tinta que bloquee esas leyes ser\u00e1 otro disparo al coraz\u00f3n de sectores vulnerables que ya no toleran m\u00e1s ajuste.<\/p>\n\n\n\n<p>En los pasillos del Congreso se respira la posibilidad de nuevas derrotas para el oficialismo. Esta misma semana podr\u00edan avanzar en Diputados los proyectos de emergencia pedi\u00e1trica para el Garrahan y el financiamiento universitario. Son leyes que tocan fibras sensibles y que podr\u00edan exponer a Milei, una vez m\u00e1s, como el verdugo de causas sociales. En la Casa Rosada lo saben y corren contra reloj para asegurarse los 87 votos que impidan que sus vetos sean volteados. Es una danza fren\u00e9tica. Y cada semana que pasa, es m\u00e1s evidente que ni sus propias filas est\u00e1n unidas.<\/p>\n\n\n\n<p>Mientras Milei agita las redes, se abraza a encuestas dudosas que, seg\u00fan \u00e9l, lo muestran arrasando en octubre. Pero incluso sus fervorosos fans empiezan a preguntarse si no est\u00e1 prendiendo fuego su propia casa. El pa\u00eds se hunde en una crisis econ\u00f3mica feroz, los precios no aflojan, los salarios son papel mojado, y la paciencia social es un recurso que se agota. En ese contexto, la interna libertaria es un espect\u00e1culo tr\u00e1gico que revela un dato escalofriante: el Gobierno que promet\u00eda dinamitar la casta est\u00e1 dinamit\u00e1ndose a s\u00ed mismo.<\/p>\n\n\n\n<p>Nada indica que la guerra entre Milei y Villarruel vaya a enfriarse pronto. Y mientras tanto, el Congreso se transforma en el campo de batalla donde se decidir\u00e1 si el Presidente puede sostener su hoja de ruta econ\u00f3mica o si terminar\u00e1 siendo devorado por las mismas furias que \u00e9l mismo desat\u00f3. Hoy, la Libertad Avanza no es un proyecto s\u00f3lido. Es un ring. Y los rounds se pelean a golpes de Twitter, insultos, vetos y traiciones. Con un pa\u00eds mirando, cada vez m\u00e1s perplejo y cada vez m\u00e1s cansado.<\/p>\n\n\n\n<h2 class=\"wp-block-heading\">Fuente:<\/h2>\n\n\n\n<ul class=\"wp-block-list\">\n<li><a href=\"https:\/\/www.pagina12.com.ar\/589363-ya-no-hay-relacion-alguna-con-la-vicepresidenta-admiten-en-la-rosada\">https:\/\/www.pagina12.com.ar\/589363-ya-no-hay-relacion-alguna-con-la-vicepresidenta-admiten-en-la-rosada<\/a><\/li>\n<\/ul>\n\n\n\n<h2 class=\"wp-block-heading\"><\/h2>\n","protected":false},"excerpt":{"rendered":"<p>La fractura entre Milei y Villarruel estalla con insultos y acusaciones de traici\u00f3n, mientras el Presidente amenaza con vetos que golpean derechos sociales. El Gobierno se hunde en una crisis pol\u00edtica y legislativa, exhibiendo su propia fragilidad. La interna libertaria es hoy el mayor peligro para la gobernabilidad.<\/p>\n","protected":false},"author":9,"featured_media":6271,"comment_status":"open","ping_status":"open","sticky":false,"template":"","format":"standard","meta":{"_monsterinsights_skip_tracking":false,"_monsterinsights_sitenote_active":false,"_monsterinsights_sitenote_note":"","_monsterinsights_sitenote_category":0,"footnotes":"","jetpack_publicize_message":"","jetpack_publicize_feature_enabled":true,"jetpack_social_post_already_shared":true,"jetpack_social_options":{"image_generator_settings":{"template":"highway","default_image_id":0,"font":"","enabled":false},"version":2}},"categories":[2],"tags":[93,257,43,27,605,45,72,647,1978,1992],"class_list":["post-6270","post","type-post","status-publish","format-standard","has-post-thumbnail","hentry","category-politica","tag-argentina","tag-congreso","tag-crisis","tag-gobierno","tag-libertarios","tag-milei","tag-politica","tag-senado","tag-vetos","tag-villarruel"],"jetpack_publicize_connections":[],"_links":{"self":[{"href":"https:\/\/www.enorsai.com\/noticias\/wp-json\/wp\/v2\/posts\/6270","targetHints":{"allow":["GET"]}}],"collection":[{"href":"https:\/\/www.enorsai.com\/noticias\/wp-json\/wp\/v2\/posts"}],"about":[{"href":"https:\/\/www.enorsai.com\/noticias\/wp-json\/wp\/v2\/types\/post"}],"author":[{"embeddable":true,"href":"https:\/\/www.enorsai.com\/noticias\/wp-json\/wp\/v2\/users\/9"}],"replies":[{"embeddable":true,"href":"https:\/\/www.enorsai.com\/noticias\/wp-json\/wp\/v2\/comments?post=6270"}],"version-history":[{"count":1,"href":"https:\/\/www.enorsai.com\/noticias\/wp-json\/wp\/v2\/posts\/6270\/revisions"}],"predecessor-version":[{"id":6272,"href":"https:\/\/www.enorsai.com\/noticias\/wp-json\/wp\/v2\/posts\/6270\/revisions\/6272"}],"wp:featuredmedia":[{"embeddable":true,"href":"https:\/\/www.enorsai.com\/noticias\/wp-json\/wp\/v2\/media\/6271"}],"wp:attachment":[{"href":"https:\/\/www.enorsai.com\/noticias\/wp-json\/wp\/v2\/media?parent=6270"}],"wp:term":[{"taxonomy":"category","embeddable":true,"href":"https:\/\/www.enorsai.com\/noticias\/wp-json\/wp\/v2\/categories?post=6270"},{"taxonomy":"post_tag","embeddable":true,"href":"https:\/\/www.enorsai.com\/noticias\/wp-json\/wp\/v2\/tags?post=6270"}],"curies":[{"name":"wp","href":"https:\/\/api.w.org\/{rel}","templated":true}]}}