{"id":6265,"date":"2025-07-14T05:28:25","date_gmt":"2025-07-14T08:28:25","guid":{"rendered":"https:\/\/www.enorsai.com\/noticias\/?p=6265"},"modified":"2025-07-14T05:28:25","modified_gmt":"2025-07-14T08:28:25","slug":"la-ultima-foto-de-pablo-grillo-prueba-clave-de-la-represion-que-el-estado-quiere-silenciar","status":"publish","type":"post","link":"https:\/\/www.enorsai.com\/noticias\/politica\/la-ultima-foto-de-pablo-grillo-prueba-clave-de-la-represion-que-el-estado-quiere-silenciar\/","title":{"rendered":"La \u00faltima foto de Pablo Grillo: prueba clave de la represi\u00f3n que el Estado quiere silenciar"},"content":{"rendered":"\n<p>Mientras el cabo Guerrero sigue en funciones y la ministra Bullrich reprime con impunidad, la causa judicial por el ataque a Pablo Grillo permanece estancada. Las im\u00e1genes de la c\u00e1mara del fot\u00f3grafo desnudan el brutal operativo represivo del 12 de marzo, mientras su familia exige respuestas que la Justicia parece no querer dar.<\/p>\n\n\n\n<p><strong>Bajada:<\/strong><br>Pablo Grillo fue herido de un disparo de gas lacrim\u00f3geno directo a la cabeza por un gendarme durante la represi\u00f3n de la marcha del 12 de marzo. La \u00faltima foto que logr\u00f3 tomar, revelada ahora, muestra el instante exacto antes del impacto. A cuatro meses del ataque, el agresor no fue llamado a indagatoria y contin\u00faa activo en la fuerza. La inacci\u00f3n judicial, la autocomplacencia de la Gendarmer\u00eda y el silencio pol\u00edtico forman una red de impunidad que expone las sombras m\u00e1s densas del aparato represivo del gobierno de Javier Milei.<\/p>\n\n\n\n<p><strong>Cuerpo del art\u00edculo:<\/strong><br>Hay im\u00e1genes que no s\u00f3lo capturan un momento. Lo congelan para siempre, lo inmortalizan, lo incrustan en la retina social como una prueba irrefutable. La \u00faltima foto que Pablo Grillo tom\u00f3 antes de caer desplomado por el impacto de un cartucho de gas lacrim\u00f3geno disparado directo a su cr\u00e1neo, no es una imagen m\u00e1s. Es, como escribi\u00f3 su pariente y especialista en fotoperiodismo Cora Gamarnik, una denuncia muda pero ensordecedora. Una prueba concreta contra una represi\u00f3n ilegal que no s\u00f3lo dej\u00f3 a un fot\u00f3grafo al borde de la muerte, sino que sigue cubri\u00e9ndose con el manto oscuro de la impunidad institucional.<\/p>\n\n\n\n<p>En esa fotograf\u00eda, se ve una estructura de madera quemada, parte del escenario ca\u00f3tico de aquella jornada de marzo. Sobre ella, una muesca: la marca del proyectil que, apenas milisegundos despu\u00e9s, impactar\u00eda en la cabeza de Pablo. No hay margen de duda. No hay interpretaci\u00f3n posible que la desactive. Esa imagen no fue publicada por azar. Fue rescatada de su c\u00e1mara por el equipo del Mapa de la Polic\u00eda, incorporada a la causa judicial, y publicada este domingo por Gamarnik para volver a gritar lo que ya es insoportable callar: sabemos qui\u00e9n dispar\u00f3, sabemos qui\u00e9n mand\u00f3 a disparar, y sabemos que la responsabilidad escala hasta lo m\u00e1s alto del Ministerio de Seguridad.<\/p>\n\n\n\n<p>Pero la respuesta institucional es el mutismo. El silencio c\u00f3modo de una Justicia que se hace la desentendida, como si el paso del tiempo diluyera responsabilidades. Cuatro meses. Ese es el tiempo que pas\u00f3 desde que el cabo de la Gendarmer\u00eda H\u00e9ctor Guerrero le dispar\u00f3 a Pablo Grillo, violando todos los protocolos de uso de armas \u00abmenos letales\u00bb, y a\u00fan no ha sido llamado a declarar. No s\u00f3lo eso: sigue en funciones, como si nada hubiese pasado, como si el hecho fuera parte de una ficci\u00f3n, y no de la brutal realidad que qued\u00f3 registrada en decenas de im\u00e1genes y videos.<\/p>\n\n\n\n<p>El padre de Pablo, Fabi\u00e1n Grillo, lo dice con desesperaci\u00f3n que ya mut\u00f3 en rabia: \u00abNo entendemos por qu\u00e9 todav\u00eda no lo llamaron a indagar\u00bb. \u00bfQu\u00e9 esperan? \u00bfQue el caso se enfr\u00ede? \u00bfQue la opini\u00f3n p\u00fablica olvide? \u00bfO acaso es una estrategia deliberada de encubrimiento, un pacto t\u00e1cito entre los poderes del Estado para garantizar que la cadena de mando no sea tocada? La causa est\u00e1 a cargo de la jueza Mar\u00eda Servini y el fiscal Eduardo Taiano. \u00bfQu\u00e9 m\u00e1s necesitan para actuar? \u00bfNo alcanza con la evidencia fotogr\u00e1fica, los videos, los testimonios, el arma secuestrada, los cartuchos incautados?<\/p>\n\n\n\n<p>La Gendarmer\u00eda, lejos de asumir responsabilidad, escribi\u00f3 su propia novela de los hechos. En su informe interno, atribuy\u00f3 el disparo a un \u00abhecho fortuito\u00bb y responsabiliz\u00f3 a Pablo por \u201cponerse en la l\u00ednea de fuego\u201d. Un relato c\u00ednico, descarado, que busca trasladar la culpa a la v\u00edctima y encubrir a un cabo que dispar\u00f3 sin respetar el protocolo: en lugar de hacerlo hacia el cielo, en un \u00e1ngulo de 45\u00b0, lo hizo directo, a la cabeza de un manifestante. No es una interpretaci\u00f3n. Es un hecho. As\u00ed fue asesinado Carlos Fuentealba en 2007, y as\u00ed casi matan a Pablo Grillo en 2025.<\/p>\n\n\n\n<p>Pero mientras la Justicia duerme y la Gendarmer\u00eda se autoexculpa, Pablo lucha. Su recuperaci\u00f3n avanza en el Hospital de Rehabilitaci\u00f3n Manuel Rocca, con una entereza que conmueve. Est\u00e1 de buen \u00e1nimo, sigue el tratamiento, espera la colocaci\u00f3n de una pr\u00f3tesis craneal. Se aferra a la vida, al f\u00fatbol, a los amigos. Aunque no recuerda el momento del disparo, sabe que estuvo ah\u00ed, sabe que fue v\u00edctima de una represi\u00f3n salvaje. Lo recuerda todo menos el instante en que, literalmente, se apag\u00f3 la luz.<\/p>\n\n\n\n<p>En contraposici\u00f3n al parate judicial, la solidaridad no cesa. Su barrio, Remedios de Escalada, organiza actividades semanales, festivales mensuales, actos frente al Congreso. Reporteros gr\u00e1ficos y colectivos de derechos humanos exigen justicia. Cora Gamarnik lo sintetiza con crudeza: \u00abLa opini\u00f3n p\u00fablica no tiene que pensar que esto ya pas\u00f3. Pablo sigue en recuperaci\u00f3n, el gendarme sigue sin ser juzgado y Bullrich sigue reprimiendo\u00bb.<\/p>\n\n\n\n<p>Porque s\u00ed, en el fondo del asunto hay una verdad m\u00e1s cruda. No se trata de un gendarme que actu\u00f3 por su cuenta. El disparo de Guerrero no fue un exabrupto individual, sino la ejecuci\u00f3n concreta de una l\u00f3gica de Estado que criminaliza la protesta, que ataca a los que registran lo que el poder quiere ocultar, que silencia con gases y palos lo que no puede refutar con argumentos. Patricia Bullrich, ministra de Seguridad, no es una mera observadora: es parte de la cadena de responsabilidad. Ella dise\u00f1\u00f3 ese operativo. Ella justific\u00f3 esa violencia. Y bajo su mando, Pablo Grillo fue herido de muerte.<\/p>\n\n\n\n<p>Hay una reconstrucci\u00f3n pendiente. Literalmente. La Justicia debe fijar una fecha para reproducir el disparo con el arma secuestrada y los cartuchos incautados. Pero tambi\u00e9n hay una reconstrucci\u00f3n simb\u00f3lica que a\u00fan no empieza: la de la verdad, la de la memoria, la de la responsabilidad pol\u00edtica.<\/p>\n\n\n\n<p>Porque cada d\u00eda que pasa sin justicia, el mensaje es claro: se puede disparar a la cabeza, se puede reprimir con sa\u00f1a, se puede intentar matar a un reportero gr\u00e1fico y quedar impune. Es un mensaje de disciplinamiento social. Un mensaje de miedo. Y frente a eso, s\u00f3lo queda resistir, visibilizar, se\u00f1alar, incomodar.<\/p>\n\n\n\n<p>La foto de Pablo no es s\u00f3lo una imagen. Es un disparo de verdad, de memoria, de dignidad. Que todav\u00eda resuena. Que no ser\u00e1 olvidado.<\/p>\n\n\n\n<p>Fuente:<\/p>\n\n\n\n<ul class=\"wp-block-list\">\n<li><a href=\"https:\/\/www.pagina12.com.ar\/841730-la-historia-detras-de-la-ultima-foto-de-pablo-grillo-antes-d\">https:\/\/www.pagina12.com.ar\/841730-la-historia-detras-de-la-ultima-foto-de-pablo-grillo-antes-d<\/a><\/li>\n<\/ul>\n","protected":false},"excerpt":{"rendered":"<p>La \u00faltima foto de Pablo Grillo, tomada segundos antes de recibir el disparo de un gendarme, es prueba y s\u00edmbolo. Cuatro meses despu\u00e9s, no hay imputados ni justicia. El agresor sigue en funciones. El silencio institucional cubre la represi\u00f3n. La imagen resiste, como testimonio vivo de una impunidad intolerable.<\/p>\n","protected":false},"author":12,"featured_media":6266,"comment_status":"open","ping_status":"open","sticky":false,"template":"","format":"standard","meta":{"_monsterinsights_skip_tracking":false,"_monsterinsights_sitenote_active":false,"_monsterinsights_sitenote_note":"","_monsterinsights_sitenote_category":0,"footnotes":"","jetpack_publicize_message":"","jetpack_publicize_feature_enabled":true,"jetpack_social_post_already_shared":true,"jetpack_social_options":{"image_generator_settings":{"template":"highway","default_image_id":0,"font":"","enabled":false},"version":2}},"categories":[2],"tags":[262,69,882,261,98,70,45,371,365,711],"class_list":["post-6265","post","type-post","status-publish","format-standard","has-post-thumbnail","hentry","category-politica","tag-bullrich","tag-derechos","tag-fotografia","tag-gendarmeria","tag-impunidad","tag-justicia","tag-milei","tag-protesta","tag-represion","tag-violencia"],"jetpack_publicize_connections":[],"_links":{"self":[{"href":"https:\/\/www.enorsai.com\/noticias\/wp-json\/wp\/v2\/posts\/6265","targetHints":{"allow":["GET"]}}],"collection":[{"href":"https:\/\/www.enorsai.com\/noticias\/wp-json\/wp\/v2\/posts"}],"about":[{"href":"https:\/\/www.enorsai.com\/noticias\/wp-json\/wp\/v2\/types\/post"}],"author":[{"embeddable":true,"href":"https:\/\/www.enorsai.com\/noticias\/wp-json\/wp\/v2\/users\/12"}],"replies":[{"embeddable":true,"href":"https:\/\/www.enorsai.com\/noticias\/wp-json\/wp\/v2\/comments?post=6265"}],"version-history":[{"count":1,"href":"https:\/\/www.enorsai.com\/noticias\/wp-json\/wp\/v2\/posts\/6265\/revisions"}],"predecessor-version":[{"id":6267,"href":"https:\/\/www.enorsai.com\/noticias\/wp-json\/wp\/v2\/posts\/6265\/revisions\/6267"}],"wp:featuredmedia":[{"embeddable":true,"href":"https:\/\/www.enorsai.com\/noticias\/wp-json\/wp\/v2\/media\/6266"}],"wp:attachment":[{"href":"https:\/\/www.enorsai.com\/noticias\/wp-json\/wp\/v2\/media?parent=6265"}],"wp:term":[{"taxonomy":"category","embeddable":true,"href":"https:\/\/www.enorsai.com\/noticias\/wp-json\/wp\/v2\/categories?post=6265"},{"taxonomy":"post_tag","embeddable":true,"href":"https:\/\/www.enorsai.com\/noticias\/wp-json\/wp\/v2\/tags?post=6265"}],"curies":[{"name":"wp","href":"https:\/\/api.w.org\/{rel}","templated":true}]}}