{"id":6240,"date":"2025-07-13T07:58:40","date_gmt":"2025-07-13T10:58:40","guid":{"rendered":"http:\/\/www.enorsai.com\/noticias\/?p=6240"},"modified":"2025-07-13T09:12:56","modified_gmt":"2025-07-13T12:12:56","slug":"junio-rompe-la-tregua-inflacionaria-milei-atrapado-entre-la-suba-de-precios-y-su-estrategia-electoral","status":"publish","type":"post","link":"https:\/\/www.enorsai.com\/noticias\/economia\/junio-rompe-la-tregua-inflacionaria-milei-atrapado-entre-la-suba-de-precios-y-su-estrategia-electoral\/","title":{"rendered":"Junio rompe la tregua inflacionaria: Milei, atrapado entre la suba de precios y su estrategia electoral"},"content":{"rendered":"\n<p>Pese a su discurso triunfalista, el gobierno libertario enfrenta el retorno de la inflaci\u00f3n, con alimentos disparados, salarios pulverizados y una clase media y baja cada vez m\u00e1s empobrecida. Entre pron\u00f3sticos sombr\u00edos y cifras crudas, la estrategia de Milei cruje bajo el peso de la realidad.<\/p>\n\n\n\n<p>Mientras el presidente Javier Milei se jacta de la supuesta victoria sobre la inflaci\u00f3n, los precios se encarecen nuevamente, sobre todo en alimentos b\u00e1sicos, ahogando los ingresos de millones. Los datos privados revelan un rebrote inflacionario que, lejos de ser una an\u00e9cdota, desnuda la fragilidad de la pol\u00edtica econ\u00f3mica oficial y amenaza la principal carta electoral del oficialismo.<\/p>\n\n\n\n<p>No hay \u00e9pica que alcance para tapar el ruido implacable de las g\u00f3ndolas. Aunque Javier Milei y su equipo insistan en dibujar un relato de triunfo sobre la inflaci\u00f3n, la realidad se cuela en los bolsillos con la misma fiereza de siempre. Junio lleg\u00f3 con la curva inflacionaria pegando la vuelta, en una se\u00f1al inquietante para un gobierno que ha hecho del \u201cenfriamiento de la econom\u00eda\u201d su bandera pol\u00edtica y su coartada para el ajuste. Pero el enfriamiento, si es que existe, parece solo estar ocurriendo en el consumo, no en los precios que siguen su escalada silenciosa.<\/p>\n\n\n\n<p>En los primeros seis meses del a\u00f1o, el gobierno se jact\u00f3 de haber hecho descender la inflaci\u00f3n interanual del 84,5% de enero al 43,5% en mayo. Una proeza estad\u00edstica que, en el mundo real, se siente m\u00e1s bien como un espejismo. Porque junto con los precios, tambi\u00e9n se desplomaron los salarios, las jubilaciones y las pensiones. No sirve de mucho que las g\u00f3ndolas suban m\u00e1s lento si los sueldos son tan flacos que ni alcanzan para llegar al mostrador. Y es all\u00ed donde la \u00e9pica mile\u00edsta se estrella contra la pared: menos inflaci\u00f3n, s\u00ed, pero tambi\u00e9n menos plata en el bolsillo. Resultado: la gente sigue sin volver a los comercios.<\/p>\n\n\n\n<p>El rebote de junio es particularmente dram\u00e1tico en los barrios populares, donde la inflaci\u00f3n siempre se siente como un golpe m\u00e1s brutal. All\u00ed, los precios de los alimentos duplican el promedio general. Y si en el resto del pa\u00eds el consumo cae, en esas zonas directamente se derrumba. No es un detalle menor. Seg\u00fan la encuesta de Latam Pulse, la inflaci\u00f3n ocupa el segundo lugar entre las mayores preocupaciones de la sociedad, solo superada por el temor al desempleo. Es decir: el monstruo inflacionario sigue vivo y coleando, y se convierte en un enemigo directo de la estrategia electoral de La Libertad Avanza.<\/p>\n\n\n\n<p>Las consultoras privadas que corren siempre un paso adelante del Indec midieron en junio aumentos de precios minoristas de entre 1,5% y 1,8%, n\u00fameros casi id\u00e9nticos a los de mayo, pero que pulverizan la narrativa de que el problema estaba resuelto. Incluso el \u00edndice oficial de la Ciudad de Buenos Aires, el IPCBA, se dispar\u00f3 al 2,1%, rompiendo con el clima de euforia que hab\u00eda generado la medici\u00f3n de mayo, la m\u00e1s baja en cinco a\u00f1os y motivo de festejos oficiales. Como si la inflaci\u00f3n se hubiera tomado un breve recreo solo para volver con m\u00e1s br\u00edos.<\/p>\n\n\n\n<p>Los datos duros siguen martillando la confianza en el plan libertario. El Instituto Estad\u00edstico de los Trabajadores (IET), de la Universidad Metropolitana (Umet), y el Centro para la Concertaci\u00f3n y el Desarrollo (CCD) registraron tambi\u00e9n un 1,8% en junio, pero advirtieron que la cifra implica una aceleraci\u00f3n del 50% respecto a mayo. Para Nicol\u00e1s Trotta, director del CCD, la ra\u00edz del problema est\u00e1 clar\u00edsima: la duplicaci\u00f3n de la suba en los alimentos, que pone en jaque la supuesta estabilidad cambiaria y la estrategia oficial de anclar el d\u00f3lar y frenar paritarias. Y es que, en la Argentina, el precio del pan y de la carne es mucho m\u00e1s que una cuesti\u00f3n econ\u00f3mica; es un term\u00f3metro social y pol\u00edtico.<\/p>\n\n\n\n<p>La fragilidad del plan libertario se vuelve todav\u00eda m\u00e1s visible cuando se mira el futuro. Los analistas advierten sobre varios fantasmas que amenazan con incendiar los n\u00fameros del gobierno. Entre ellos, las expectativas de devaluaci\u00f3n, la imposibilidad del Banco Central de acumular reservas sin recalentar los precios, la ca\u00edda de las liquidaciones del campo y la fuga de d\u00f3lares en distintas formas de ahorro en divisa extranjera. Todo esto tensiona al m\u00e1ximo la estabilidad cambiaria, el coraz\u00f3n mismo de la estrategia oficial para frenar la inflaci\u00f3n y llegar con algo de ox\u00edgeno a las elecciones de octubre.<\/p>\n\n\n\n<p>Mientras tanto, la suba del d\u00f3lar sigue siendo la chispa que prende el fuego. El billete del Banco Naci\u00f3n se dispar\u00f3 un 10,3% entre el 18 de junio y el viernes \u00faltimo, y esa suba impact\u00f3 de lleno en los alimentos. Carne, verduras, productos de almac\u00e9n: todo se encarece, y detr\u00e1s suben la pobreza y la indigencia. Marina Dal Poggetto, de la consultora EcoGo, puso el dedo en la llaga al recordar que las presiones cambiarias son casi una tradici\u00f3n en la Argentina antes de una elecci\u00f3n. Y esta vez no es la excepci\u00f3n. Para el gobierno, el desaf\u00edo es monumental: sostener la calma en el mercado de cambios, evitar un salto inflacionario y, al mismo tiempo, lidiar con un acuerdo con el Fondo Monetario Internacional que sigue enredado.<\/p>\n\n\n\n<p>Por si faltara algo, la consultora LCG, vinculada al senador Mart\u00edn Lousteau, sum\u00f3 otro factor de inestabilidad: la fragilidad pol\u00edtica. El gobierno de La Libertad Avanza empieza a ver c\u00f3mo se le escurren entre los dedos sectores con los que hasta hace poco dialogaba. El \u201cplan motosierra\u201d puede servir para discursos encendidos en televisi\u00f3n, pero la gente se est\u00e1 cansando de ajustar siempre en el mismo lado del mostrador.<\/p>\n\n\n\n<p>Y si se busca una radiograf\u00eda m\u00e1s cruda de la tragedia cotidiana, basta mirar lo que pasa en los barrios. Seg\u00fan el Instituto de Investigaci\u00f3n Social, Econ\u00f3mica y Pol\u00edtica Ciudadana (Isepci), los precios de la Canasta B\u00e1sica de Alimentos en territorio bonaerense treparon un 3,41% en junio. Dentro de esa suba, los productos de almac\u00e9n volaron un 4,1%, los cortes de carne un 3,6% y las verduras un 1,26%. Para una familia, eso significa haber necesitado $186.330,15 m\u00e1s que en junio del a\u00f1o pasado solo para comprar los mismos productos de almac\u00e9n. Y $110.339,65 adicionales para la misma carne. Y otros $75.067,08 si quer\u00edan llevarse a casa las mismas verduras. Las cifras marean, pero son la mejor fotograf\u00eda de lo que est\u00e1 pasando: la plata no alcanza, los sueldos no suben, y la inflaci\u00f3n se cobra su tributo en forma de hambre.<\/p>\n\n\n\n<p>Isaak Rudnik, director del Isepci, lo resumi\u00f3 sin vueltas. Aunque haya una desaceleraci\u00f3n de los precios, los aumentos en productos y servicios esenciales siguen impidiendo que las familias puedan planificar un presupuesto. Es decir, se vive al d\u00eda, con la angustia de no saber si ma\u00f1ana se podr\u00e1 pagar la comida.<\/p>\n\n\n\n<p>Mientras Milei sigue agitando el discurso de la victoria sobre la inflaci\u00f3n, los hechos cuentan otra historia. Una historia donde el d\u00f3lar se recalienta, los alimentos vuelven a dispararse y la ilusi\u00f3n del \u201corden econ\u00f3mico\u201d se desvanece al ritmo de las g\u00f3ndolas. Porque en la Argentina, como bien sabemos, no se puede cantar victoria mientras el supermercado siga siendo un campo de batalla. Y esa es la batalla que el presidente libertario, por ahora, est\u00e1 perdiendo.<\/p>\n\n\n\n<p>Fuente:<\/p>\n\n\n\n<ul class=\"wp-block-list\">\n<li><a href=\"https:\/\/www.tiempoar.com.ar\/ta_article\/inflacion-sigue-viva-volvio-a-subir-en-junio-y-compromete-la-estrategia-electoral-del-gobierno\/\">https:\/\/www.tiempoar.com.ar\/ta_article\/inflacion-sigue-viva-volvio-a-subir-en-junio-y-compromete-la-estrategia-electoral-del-gobierno\/<\/a><\/li>\n<\/ul>\n","protected":false},"excerpt":{"rendered":"<p>Aunque Milei festeja la supuesta victoria sobre la inflaci\u00f3n, la realidad lo contradice: los precios repuntan, sobre todo en alimentos, devorando los magros salarios. El rebrote inflacionario desnuda la fragilidad del modelo libertario y amenaza el relato electoral, mientras millones enfrentan un costo de vida que no deja de subir.<\/p>\n","protected":false},"author":13,"featured_media":6241,"comment_status":"open","ping_status":"open","sticky":false,"template":"","format":"standard","meta":{"_monsterinsights_skip_tracking":false,"_monsterinsights_sitenote_active":false,"_monsterinsights_sitenote_note":"","_monsterinsights_sitenote_category":0,"footnotes":"","jetpack_publicize_message":"","jetpack_publicize_feature_enabled":true,"jetpack_social_post_already_shared":true,"jetpack_social_options":{"image_generator_settings":{"template":"highway","default_image_id":0,"font":"","enabled":false},"version":2}},"categories":[3],"tags":[1497,282,15,190,227,45,475,1169,263],"class_list":["post-6240","post","type-post","status-publish","format-standard","has-post-thumbnail","hentry","category-economia","tag-alimentos","tag-dolar","tag-economia","tag-elecciones","tag-inflacion","tag-milei","tag-pobreza","tag-precios","tag-salarios"],"jetpack_publicize_connections":[],"_links":{"self":[{"href":"https:\/\/www.enorsai.com\/noticias\/wp-json\/wp\/v2\/posts\/6240","targetHints":{"allow":["GET"]}}],"collection":[{"href":"https:\/\/www.enorsai.com\/noticias\/wp-json\/wp\/v2\/posts"}],"about":[{"href":"https:\/\/www.enorsai.com\/noticias\/wp-json\/wp\/v2\/types\/post"}],"author":[{"embeddable":true,"href":"https:\/\/www.enorsai.com\/noticias\/wp-json\/wp\/v2\/users\/13"}],"replies":[{"embeddable":true,"href":"https:\/\/www.enorsai.com\/noticias\/wp-json\/wp\/v2\/comments?post=6240"}],"version-history":[{"count":1,"href":"https:\/\/www.enorsai.com\/noticias\/wp-json\/wp\/v2\/posts\/6240\/revisions"}],"predecessor-version":[{"id":6242,"href":"https:\/\/www.enorsai.com\/noticias\/wp-json\/wp\/v2\/posts\/6240\/revisions\/6242"}],"wp:featuredmedia":[{"embeddable":true,"href":"https:\/\/www.enorsai.com\/noticias\/wp-json\/wp\/v2\/media\/6241"}],"wp:attachment":[{"href":"https:\/\/www.enorsai.com\/noticias\/wp-json\/wp\/v2\/media?parent=6240"}],"wp:term":[{"taxonomy":"category","embeddable":true,"href":"https:\/\/www.enorsai.com\/noticias\/wp-json\/wp\/v2\/categories?post=6240"},{"taxonomy":"post_tag","embeddable":true,"href":"https:\/\/www.enorsai.com\/noticias\/wp-json\/wp\/v2\/tags?post=6240"}],"curies":[{"name":"wp","href":"https:\/\/api.w.org\/{rel}","templated":true}]}}