{"id":624,"date":"2025-02-04T07:28:55","date_gmt":"2025-02-04T10:28:55","guid":{"rendered":"https:\/\/www.enorsai.com\/noticias\/?p=624"},"modified":"2025-02-04T07:28:55","modified_gmt":"2025-02-04T10:28:55","slug":"elogios-a-la-dictadura-una-anciana-reivindico-a-videla-y-el-periodista-jony-viale-la-celebro","status":"publish","type":"post","link":"https:\/\/www.enorsai.com\/noticias\/sociedad\/elogios-a-la-dictadura-una-anciana-reivindico-a-videla-y-el-periodista-jony-viale-la-celebro\/","title":{"rendered":"Elogios a la dictadura: Una anciana reivindic\u00f3 a Videla y el periodista Jony Viale la celebr\u00f3"},"content":{"rendered":"\n<p><strong><em>En medio de la Marcha Federal del Orgullo Antifascista, una mujer defendi\u00f3 a Videla y critic\u00f3 la diversidad. Jony Viale la elogi\u00f3 en redes, desatando una ola de repudio. Este episodio revela la peligrosa grieta que se abre entre el discurso oficial y los valores democr\u00e1ticos.<br><\/em><\/strong><br>En una jornada que deb\u00eda ser de celebraci\u00f3n y resistencia, la Marcha Federal del Orgullo Antifascista y Antirracista se vio empa\u00f1ada por un episodio que dej\u00f3 al descubierto las tensiones pol\u00edticas y sociales que atraviesa la Argentina bajo el gobierno de Javier Milei. Una anciana, infiltrada en la manifestaci\u00f3n, aprovech\u00f3 la ocasi\u00f3n para lanzar un discurso que no solo reivindic\u00f3 la dictadura c\u00edvico-militar, sino que tambi\u00e9n cuestion\u00f3 la legitimidad de la protesta. \u00abVidela se qued\u00f3 corto\u00bb, sentenci\u00f3, en una frase que reson\u00f3 como un golpe bajo a la memoria colectiva y a los derechos humanos. <br><br>Lo m\u00e1s preocupante no fue solo su declaraci\u00f3n, sino la reacci\u00f3n de figuras p\u00fablicas como el periodista Jony Viale, quien, lejos de repudiar sus palabras, las celebr\u00f3 con un entusiasmo que raya en la complicidad. \u00abAh, pero esta se\u00f1ora es lo mejor de la vida\u00bb, escribi\u00f3 en su cuenta de X (antes Twitter), antes de borrar el tuit debido a la avalancha de cr\u00edticas. Sin embargo, el da\u00f1o ya estaba hecho: su comentario no solo legitim\u00f3 un discurso antidemocr\u00e1tico, sino que tambi\u00e9n expuso la fragilidad de sus valores que deber\u00edan sostener a una sociedad plural y respetuosa.<\/p>\n\n\n\n<div class=\"wp-block-jetpack-related-posts\">\n<h2 class=\"wp-block-heading\"><\/h2>\n<\/div>\n\n\n\n<p><br>Este episodio no es un hecho aislado. Ocurre en un contexto en el que el gobierno de Milei ha sido acusado de fomentar un clima de polarizaci\u00f3n y de normalizar discursos que, hasta hace poco, eran marginales. Desde su pol\u00e9mica intervenci\u00f3n en el Foro Econ\u00f3mico de Davos, donde vincul\u00f3 la homosexualidad con la pedofilia, hasta su silencio ante este tipo de incidentes, el presidente parece m\u00e1s interesado en alimentar la grieta que en construir puentes. La anciana que elogi\u00f3 a Videla no es m\u00e1s que un s\u00edntoma de un problema mayor: la erosi\u00f3n de los consensos b\u00e1sicos que sostienen la democracia.<br><br>La marcha, que congreg\u00f3 a miles de personas en Plaza de Mayo, ten\u00eda como objetivo rechazar no solo los dichos homof\u00f3bicos de Milei, sino tambi\u00e9n cualquier forma de discriminaci\u00f3n y autoritarismo. Sin embargo, la presencia de esta mujer, con su pancarta contra Axel Kicillof y su discurso cargado de odio, demostr\u00f3 que la batalla cultural est\u00e1 lejos de terminar. \u00abEstamos en democracia y me da verg\u00fcenza lo que estoy viendo\u00bb, dijo, en una iron\u00eda cruel, mientras defend\u00eda a un r\u00e9gimen que secuestr\u00f3, tortur\u00f3 y desapareci\u00f3 a miles de personas.<br><br>El silencio del gobierno ante este episodio es elocuente. Mientras Jony Viale borraba su tuit y las redes sociales ard\u00edan de indignaci\u00f3n, ni el presidente ni sus funcionarios condenaron las palabras de la anciana. Tampoco se pronunciaron sobre el apoyo expl\u00edcito de un periodista influyente a un discurso que justifica el terrorismo de Estado. Este vac\u00edo no es casual: refleja una estrategia calculada para normalizar ideas que, en cualquier otra circunstancia, ser\u00edan inaceptables.<br><br><strong>Fuentes<\/strong>:<\/p>\n\n\n\n<ul class=\"wp-block-list\">\n<li><a href=\"https:\/\/www.lapoliticaonline.com\/politica\/jony-viale-elogio-un-video-de-una-anciana-que-dijo-que-videla-se-quedo-corto-y-lo-destrozaron-en-las-redes\/\">https:\/\/www.lapoliticaonline.com\/politica\/jony-viale-elogio-un-video-de-una-anciana-que-dijo-que-videla-se-quedo-corto-y-lo-destrozaron-en-las-redes\/<\/a><\/li>\n\n\n\n<li><a href=\"https:\/\/www.minutouno.com\/politica\/jonatan-viale-celebro-el-mensaje-la-senora-que-reivindico-videla-television-n6109253\">https:\/\/www.minutouno.com\/politica\/jonatan-viale-celebro-el-mensaje-la-senora-que-reivindico-videla-television-n6109253<\/a><\/li>\n\n\n\n<li><a href=\"https:\/\/www.eldestapeweb.com\/politica\/jonatan-viale\/repudiable-jonatan-viale-apoyo-a-una-senora-que-dijo-que-videla-se-quedo-corto--20252212520\">https:\/\/www.eldestapeweb.com\/politica\/jonatan-viale\/repudiable-jonatan-viale-apoyo-a-una-senora-que-dijo-que-videla-se-quedo-corto&#8211;20252212520<\/a><\/li>\n<\/ul>\n\n\n","protected":false},"excerpt":{"rendered":"<p>Una anciana elogi\u00f3 a Videla en la marcha LGTB, y Jony Viale la celebr\u00f3. Este episodio revela la grieta que Milei no quiere cerrar: la normalizaci\u00f3n del discurso antidemocr\u00e1tico. \u00bfHasta d\u00f3nde llegaremos como sociedad? La memoria y la democracia est\u00e1n en juego.<\/p>\n","protected":false},"author":1,"featured_media":632,"comment_status":"open","ping_status":"open","sticky":false,"template":"","format":"standard","meta":{"_monsterinsights_skip_tracking":false,"_monsterinsights_sitenote_active":false,"_monsterinsights_sitenote_note":"","_monsterinsights_sitenote_category":0,"footnotes":"","jetpack_publicize_message":"","jetpack_publicize_feature_enabled":true,"jetpack_social_post_already_shared":true,"jetpack_social_options":{"image_generator_settings":{"template":"highway","default_image_id":0,"font":"","enabled":false},"version":2}},"categories":[4],"tags":[209,207,135,45,208],"class_list":["post-624","post","type-post","status-publish","format-standard","has-post-thumbnail","hentry","category-sociedad","tag-democracia","tag-dictadura","tag-diversidad","tag-milei","tag-viale"],"jetpack_publicize_connections":[],"_links":{"self":[{"href":"https:\/\/www.enorsai.com\/noticias\/wp-json\/wp\/v2\/posts\/624","targetHints":{"allow":["GET"]}}],"collection":[{"href":"https:\/\/www.enorsai.com\/noticias\/wp-json\/wp\/v2\/posts"}],"about":[{"href":"https:\/\/www.enorsai.com\/noticias\/wp-json\/wp\/v2\/types\/post"}],"author":[{"embeddable":true,"href":"https:\/\/www.enorsai.com\/noticias\/wp-json\/wp\/v2\/users\/1"}],"replies":[{"embeddable":true,"href":"https:\/\/www.enorsai.com\/noticias\/wp-json\/wp\/v2\/comments?post=624"}],"version-history":[{"count":2,"href":"https:\/\/www.enorsai.com\/noticias\/wp-json\/wp\/v2\/posts\/624\/revisions"}],"predecessor-version":[{"id":633,"href":"https:\/\/www.enorsai.com\/noticias\/wp-json\/wp\/v2\/posts\/624\/revisions\/633"}],"wp:featuredmedia":[{"embeddable":true,"href":"https:\/\/www.enorsai.com\/noticias\/wp-json\/wp\/v2\/media\/632"}],"wp:attachment":[{"href":"https:\/\/www.enorsai.com\/noticias\/wp-json\/wp\/v2\/media?parent=624"}],"wp:term":[{"taxonomy":"category","embeddable":true,"href":"https:\/\/www.enorsai.com\/noticias\/wp-json\/wp\/v2\/categories?post=624"},{"taxonomy":"post_tag","embeddable":true,"href":"https:\/\/www.enorsai.com\/noticias\/wp-json\/wp\/v2\/tags?post=624"}],"curies":[{"name":"wp","href":"https:\/\/api.w.org\/{rel}","templated":true}]}}