{"id":6229,"date":"2025-07-12T12:42:53","date_gmt":"2025-07-12T15:42:53","guid":{"rendered":"http:\/\/www.enorsai.com\/noticias\/?p=6229"},"modified":"2025-07-12T12:51:54","modified_gmt":"2025-07-12T15:51:54","slug":"esteban-paulon-denunciamos-al-streaming-carajo-hay-que-responderle-a-estos-violentos","status":"publish","type":"post","link":"https:\/\/www.enorsai.com\/noticias\/politica\/esteban-paulon-denunciamos-al-streaming-carajo-hay-que-responderle-a-estos-violentos\/","title":{"rendered":"Esteban Paul\u00f3n: \u00abDenunciamos al Streaming &#8216;Carajo&#8217;, hay que responderle a estos violentos\u00bb"},"content":{"rendered":"\n<p>Esteban Paul\u00f3n denuncia una campa\u00f1a de odio: \u201cA esta gente le molesta todo lo que represente al campo nacional y popular\u201d. El diputado nacional por Santa Fe revel\u00f3 en AM530 que fue blanco de ataques discriminatorios desde un canal de streaming vinculado al ultraderechismo. Apunt\u00f3 contra Javier Milei y anunci\u00f3 acciones legales para frenar la violencia simb\u00f3lica y el hostigamiento.<\/p>\n\n\n\n<p>En una entrevista con V\u00edctor Mastrangelo en <em>Somos Radio<\/em>, Esteban Paul\u00f3n expuso los insultos homof\u00f3bicos y calumnias de los que fue v\u00edctima tras criticar el veto presidencial a la emergencia en Bah\u00eda Blanca. El legislador present\u00f3 una denuncia en el marco de la ley antidiscriminatoria y una cautelar contra el canal \u201cCarajo\u201d, al que vincula con fondos de inteligencia. \u201cMilei degrada el debate democr\u00e1tico\u201d, afirm\u00f3.<\/p>\n\n\n\n<p>El diputado nacional Esteban Paul\u00f3n (Partido Socialista &#8211; Santa Fe) decidi\u00f3 romper el silencio luego de sufrir una serie de agresiones sistem\u00e1ticas por parte de sectores ultraconservadores en redes sociales y medios de streaming. En di\u00e1logo con <em>V\u00edctor Mastrangelo<\/em> por <em>AM530 &#8211; Somos Radio<\/em>, el legislador denunci\u00f3 una campa\u00f1a de odio homof\u00f3bica motorizada desde el canal \u201cCarajo\u201d, que \u00e9l vincula a financiamiento proveniente de servicios de inteligencia.<\/p>\n\n\n\n<blockquote class=\"wp-block-quote is-layout-flow wp-block-quote-is-layout-flow\">\n<p>\u201cLos ataques son sistem\u00e1ticos hacia distintos colectivos, vemos c\u00f3mo aparecen en determinados momentos. Yo tengo un perfil muy opositor\u201d, se\u00f1al\u00f3 Paul\u00f3n, dando contexto a la escalada de agresiones que comenzaron tras su cr\u00edtica al veto presidencial sobre la declaraci\u00f3n de emergencia para Bah\u00eda Blanca, ciudad afectada por un desastre clim\u00e1tico a fines de 2023.<\/p>\n<\/blockquote>\n\n\n\n<p>El detonante fue una intervenci\u00f3n parlamentaria donde Paul\u00f3n cuestion\u00f3 abiertamente la insensibilidad del Ejecutivo nacional frente a esa situaci\u00f3n. A partir de entonces, comenzaron los ataques: insultos, calumnias y mensajes de odio. \u201cUno me contest\u00f3: \u2018ped\u00f3filo, operador y cara de pelotudo\u2019. A cualquier publicaci\u00f3n aleatoria que yo hac\u00eda me pon\u00edan &#8216;ped\u00f3filo&#8217;\u201d, relat\u00f3 con indignaci\u00f3n.<\/p>\n\n\n\n<p>Frente a este escenario, el diputado decidi\u00f3 avanzar por la v\u00eda judicial: \u201cPrimero mand\u00e9 una carta documento y luego hice una denuncia en el marco de la ley antidiscriminatoria\u201d, explic\u00f3. Adem\u00e1s, present\u00f3 una medida cautelar para que desde el canal de streaming <em>Carajo<\/em> \u201cse abstengan de seguir difam\u00e1ndome\u201d.<\/p>\n\n\n\n<p>Paul\u00f3n tambi\u00e9n fue enf\u00e1tico al describir la ra\u00edz ideol\u00f3gica del ataque: \u201cTodo lo que tenga que ver con el campo nacional y popular a toda esta gente le cae mal\u201d. A su juicio, el accionar del canal responde a un discurso de odio sistem\u00e1tico que busca demonizar a las disidencias y estigmatizar a la comunidad LGBT+: \u201cEsta gente vincula la homosexualidad con la pedofilia, est\u00e1n con un viejo estigma y un prejuicio infundado como el del VIH que se instal\u00f3 para perseguir a la comunidad\u201d.<\/p>\n\n\n\n<p>Consultado sobre el motivo de fondo de semejante hostigamiento, el legislador fue claro: \u201cNo termino de entender bien por qu\u00e9 me agredieron\u201d, pero advirti\u00f3 que no se trata de un hecho aislado, sino de una mec\u00e1nica de disciplinamiento que ya ha sido aplicada contra periodistas, artistas, docentes y militantes sociales.<\/p>\n\n\n\n<p>Paul\u00f3n tambi\u00e9n cuestion\u00f3 al presidente Javier Milei por crear el clima pol\u00edtico que habilita estos discursos violentos: \u201cMilei tiene tendencias a degradar el debate democr\u00e1tico\u201d, dijo, y remarc\u00f3 que \u201cel l\u00edmite tiene que ver con esta acci\u00f3n judicial que voy a iniciar\u201d.<\/p>\n\n\n\n<p>Finalmente, el diputado expres\u00f3 su preocupaci\u00f3n por el crecimiento de estos canales que operan desde la clandestinidad medi\u00e1tica con discursos de odio: \u201cIntuimos que el streaming <em>Carajo<\/em> est\u00e1 financiado por dinero de inteligencia\u201d, advirti\u00f3, y pidi\u00f3 a la justicia actuar con celeridad para proteger a quienes son v\u00edctimas de persecuci\u00f3n ideol\u00f3gica y discriminaci\u00f3n sexual.<\/p>\n\n\n\n<p>Con esta denuncia, Esteban Paul\u00f3n se suma a una creciente lista de dirigentes y referentes sociales que deciden enfrentar el discurso de odio no solo desde el plano pol\u00edtico, sino tambi\u00e9n en el terreno judicial. Una batalla por los derechos, la democracia y la dignidad en tiempos donde la violencia medi\u00e1tica busca silenciar las voces disidentes.<\/p>\n\n\n\n<p>Fuente:<\/p>\n\n\n\n<ul class=\"wp-block-list\">\n<li>Declaraciones de Esteban Paul\u00f3n a V\u00edctor Mastrangelo en <em>AM530 Somos Radio<\/em>.<\/li>\n<\/ul>\n","protected":false},"excerpt":{"rendered":"<p>Esteban Paul\u00f3n denuncia una campa\u00f1a de odio: \u201cA esta gente le molesta todo lo que represente al campo nacional y popular\u201d. El diputado nacional por Santa Fe revel\u00f3 en AM530 que fue blanco de ataques discriminatorios desde un canal de streaming vinculado al ultraderechismo. Apunt\u00f3 contra Javier Milei y anunci\u00f3 acciones legales para frenar la&#8230;<\/p>\n","protected":false},"author":1,"featured_media":6230,"comment_status":"open","ping_status":"open","sticky":false,"template":"","format":"standard","meta":{"_monsterinsights_skip_tracking":false,"_monsterinsights_sitenote_active":false,"_monsterinsights_sitenote_note":"","_monsterinsights_sitenote_category":0,"footnotes":"","jetpack_publicize_message":"","jetpack_publicize_feature_enabled":true,"jetpack_social_post_already_shared":true,"jetpack_social_options":{"image_generator_settings":{"template":"highway","default_image_id":0,"font":"","enabled":false},"version":2}},"categories":[2],"tags":[],"class_list":["post-6229","post","type-post","status-publish","format-standard","has-post-thumbnail","hentry","category-politica"],"jetpack_publicize_connections":[],"_links":{"self":[{"href":"https:\/\/www.enorsai.com\/noticias\/wp-json\/wp\/v2\/posts\/6229","targetHints":{"allow":["GET"]}}],"collection":[{"href":"https:\/\/www.enorsai.com\/noticias\/wp-json\/wp\/v2\/posts"}],"about":[{"href":"https:\/\/www.enorsai.com\/noticias\/wp-json\/wp\/v2\/types\/post"}],"author":[{"embeddable":true,"href":"https:\/\/www.enorsai.com\/noticias\/wp-json\/wp\/v2\/users\/1"}],"replies":[{"embeddable":true,"href":"https:\/\/www.enorsai.com\/noticias\/wp-json\/wp\/v2\/comments?post=6229"}],"version-history":[{"count":1,"href":"https:\/\/www.enorsai.com\/noticias\/wp-json\/wp\/v2\/posts\/6229\/revisions"}],"predecessor-version":[{"id":6231,"href":"https:\/\/www.enorsai.com\/noticias\/wp-json\/wp\/v2\/posts\/6229\/revisions\/6231"}],"wp:featuredmedia":[{"embeddable":true,"href":"https:\/\/www.enorsai.com\/noticias\/wp-json\/wp\/v2\/media\/6230"}],"wp:attachment":[{"href":"https:\/\/www.enorsai.com\/noticias\/wp-json\/wp\/v2\/media?parent=6229"}],"wp:term":[{"taxonomy":"category","embeddable":true,"href":"https:\/\/www.enorsai.com\/noticias\/wp-json\/wp\/v2\/categories?post=6229"},{"taxonomy":"post_tag","embeddable":true,"href":"https:\/\/www.enorsai.com\/noticias\/wp-json\/wp\/v2\/tags?post=6229"}],"curies":[{"name":"wp","href":"https:\/\/api.w.org\/{rel}","templated":true}]}}