{"id":6189,"date":"2025-07-11T15:12:06","date_gmt":"2025-07-11T18:12:06","guid":{"rendered":"https:\/\/www.enorsai.com\/noticias\/?p=6189"},"modified":"2025-07-15T06:04:36","modified_gmt":"2025-07-15T09:04:36","slug":"el-avaro","status":"publish","type":"post","link":"https:\/\/www.enorsai.com\/noticias\/cultura\/el-avaro\/","title":{"rendered":"El Avaro"},"content":{"rendered":"\n<p>El Avaro de Moli\u00e8re bajo la direcci\u00f3n de Alberto Mad\u00edn. <\/p>\n\n\n\n<p>La codicia, ese deseo desmesurado que todo lo consume, vuelve a escena de la mano de El Avaro, cl\u00e1sico inmortal de Moli\u00e8re que cobra nueva vida en la versi\u00f3n dirigida y adaptada por Alberto Madin. Con funciones los domingos a las 18 hs en MUY Teatro (Humahuaca 4310, CABA), la obra ofrece un espect\u00e1culo vibrante, que logra combinar fidelidad al esp\u00edritu sat\u00edrico del autor con una mirada renovada, \u00e1gil y profundamente entretenida.<\/p>\n\n\n\n<figure class=\"wp-block-image size-large\"><img loading=\"lazy\" decoding=\"async\" width=\"1024\" height=\"682\" src=\"https:\/\/www.enorsai.com\/noticias\/wp-content\/uploads\/2025\/07\/1000831144-1024x682.jpg\" alt=\"\" class=\"wp-image-6190\" srcset=\"https:\/\/www.enorsai.com\/noticias\/wp-content\/uploads\/2025\/07\/1000831144-1024x682.jpg 1024w, https:\/\/www.enorsai.com\/noticias\/wp-content\/uploads\/2025\/07\/1000831144-300x200.jpg 300w, https:\/\/www.enorsai.com\/noticias\/wp-content\/uploads\/2025\/07\/1000831144-768x512.jpg 768w, https:\/\/www.enorsai.com\/noticias\/wp-content\/uploads\/2025\/07\/1000831144-1536x1024.jpg 1536w, https:\/\/www.enorsai.com\/noticias\/wp-content\/uploads\/2025\/07\/1000831144.jpg 2000w\" sizes=\"auto, (max-width: 1024px) 100vw, 1024px\" \/><\/figure>\n\n\n\n<p>En esta puesta, Harpag\u00f3n \u2014el avaro por excelencia\u2014 queda expuesto en su mezquindad grotesca, rodeado de un entorno que oscila entre la risa y la cr\u00edtica mordaz. El elenco, integrado por actores y actrices de gran trayectoria como Ariel Arroyo, Daniel Di Rubba, Alejandra Figueras y Rub\u00e9n Noceda, ofrece interpretaciones precisas que construyen un universo de personajes tan caricaturescos como reconocibles.<\/p>\n\n\n\n<p>Uno de los puntos m\u00e1s destacados de esta versi\u00f3n es el vestuario, tambi\u00e9n dise\u00f1ado por Mad\u00edn, que no solo acompa\u00f1a sino que potencia la teatralidad de cada escena. Colorido, expresivo y minuciosamente construido, logra enriquecer la narraci\u00f3n visual y subrayar las caracter\u00edsticas de cada personaje, sin caer en lo obvio ni perder frescura.<\/p>\n\n\n\n<figure class=\"wp-block-image size-large\"><img loading=\"lazy\" decoding=\"async\" width=\"1024\" height=\"576\" src=\"https:\/\/www.enorsai.com\/noticias\/wp-content\/uploads\/2025\/07\/1000831143-1024x576.jpg\" alt=\"\" class=\"wp-image-6191\" srcset=\"https:\/\/www.enorsai.com\/noticias\/wp-content\/uploads\/2025\/07\/1000831143-1024x576.jpg 1024w, https:\/\/www.enorsai.com\/noticias\/wp-content\/uploads\/2025\/07\/1000831143-300x169.jpg 300w, https:\/\/www.enorsai.com\/noticias\/wp-content\/uploads\/2025\/07\/1000831143-768x432.jpg 768w, https:\/\/www.enorsai.com\/noticias\/wp-content\/uploads\/2025\/07\/1000831143-1536x864.jpg 1536w, https:\/\/www.enorsai.com\/noticias\/wp-content\/uploads\/2025\/07\/1000831143.jpg 1600w\" sizes=\"auto, (max-width: 1024px) 100vw, 1024px\" \/><\/figure>\n\n\n\n<p>El ritmo es sostenido, la escenograf\u00eda efectiva, y la musicalizaci\u00f3n acompa\u00f1a con acierto. Con 70 minutos de duraci\u00f3n, la obra no da respiro y mantiene al p\u00fablico cautivo entre carcajadas y reflexiones. Como dec\u00eda el propio Moli\u00e8re: \u00abLa regla de oro, por sobre todas las cosas, es divertir\u00bb. Y esta puesta lo cumple con creces.Una s\u00e1tira social que sigue interpelando con fuerza en tiempos donde el individualismo y la ambici\u00f3n siguen al centro de la escena. Una invitaci\u00f3n imperdible para redescubrir a Moli\u00e8re desde una mirada actual, divertida y comprometida con el buen teatro.<\/p>\n\n\n\n<figure class=\"wp-block-image size-large\"><img loading=\"lazy\" decoding=\"async\" width=\"724\" height=\"1024\" src=\"https:\/\/www.enorsai.com\/noticias\/wp-content\/uploads\/2025\/07\/1000831119-724x1024.jpg\" alt=\"\" class=\"wp-image-6192\" srcset=\"https:\/\/www.enorsai.com\/noticias\/wp-content\/uploads\/2025\/07\/1000831119-724x1024.jpg 724w, https:\/\/www.enorsai.com\/noticias\/wp-content\/uploads\/2025\/07\/1000831119-212x300.jpg 212w, https:\/\/www.enorsai.com\/noticias\/wp-content\/uploads\/2025\/07\/1000831119-768x1086.jpg 768w, https:\/\/www.enorsai.com\/noticias\/wp-content\/uploads\/2025\/07\/1000831119-1086x1536.jpg 1086w, https:\/\/www.enorsai.com\/noticias\/wp-content\/uploads\/2025\/07\/1000831119.jpg 1131w\" sizes=\"auto, (max-width: 724px) 100vw, 724px\" \/><\/figure>\n\n\n\n<p>Su director, Alberto Mad\u00edn, es actor, director, escen\u00f3grafo y docente teatral. Egres\u00f3 del Instituto de Arte Moderno. Trabaj\u00f3 en \u201cLos dos hidalgos de Verona\u201d (director), \u201cJettatore\u00bb (actor y director), \u201cEl m\u00e9dico a palos\u201d (Director), \u201cEl enfermo imaginario\u201d (actor y director), \u201cEl Burgu\u00e9s Gentilhombre\u201d (director), \u201cEl avaro\u201d (director), \u201cLas criadas\u201d (director), \u201cReflejos en el agua\u201d (director), \u201cAlima\u00f1as ponzo\u00f1osas\u201d (autor y director).<\/p>\n\n\n\n<p>Ficha t\u00e9cnico art\u00edstica<\/p>\n\n\n\n<p>Autor\u00eda: Moli\u00e8re<\/p>\n\n\n\n<p>Act\u00faan: Ariel Arroyo, Leandro Caccia, Alberto Alburquerque, Daniel Di Rubba, Lorena Navaridas, Alejandra Figueras, Rub\u00e9n Noceda, Ernesto Ocampo, Rub\u00e9n Otero, Micaela Ventoso<\/p>\n\n\n\n<p>Musicalizaci\u00f3n: Andy Buonfrate<\/p>\n\n\n\n<p>Asistencia de direcci\u00f3n: Lina Rodriguez<\/p>\n\n\n\n<p>Direcci\u00f3n general, adaptaci\u00f3n, vestuario y ambientaci\u00f3n: Alberto Madin<\/p>\n\n\n\n<p>Duraci\u00f3n: 70 minutos<\/p>\n\n\n\n<p>Notas y acreditacions: Andrea FeiguinTEHAGOLAPRENSA<\/p>\n\n\n\n<p>\ud83c\udf9f Reservas: [https:\/\/www.alternativateatral.com.ar\/obra90870-el-avaro](https:\/\/www.alternativateatral.com.ar\/obra90870-el-avaro)<\/p>\n\n\n\n<p>\ud83d\udccd MUY Teatro ~ Humahuaca 4310~ Almagro ~ CABA ~<\/p>\n\n\n\n<p>\ud83d\udcb2 Entrada general: \\$12.000\ud83d\udcf7 Instagram: [@elavaro.obra](https:\/\/www.instagram.com\/elavaro.obra)<\/p>\n\n\n\n<p><\/p>\n","protected":false},"excerpt":{"rendered":"<p>El Avaro de Moli\u00e8re bajo la direcci\u00f3n de Alberto Mad\u00edn. La codicia, ese deseo desmesurado que todo lo consume, vuelve a escena de la mano de El Avaro, cl\u00e1sico inmortal de Moli\u00e8re que cobra nueva vida en la versi\u00f3n dirigida y adaptada por Alberto Madin. Con funciones los domingos a las 18 hs en MUY&#8230;<\/p>\n","protected":false},"author":15,"featured_media":6305,"comment_status":"open","ping_status":"open","sticky":false,"template":"","format":"standard","meta":{"_monsterinsights_skip_tracking":false,"_monsterinsights_sitenote_active":false,"_monsterinsights_sitenote_note":"","_monsterinsights_sitenote_category":0,"footnotes":"","jetpack_publicize_message":"","jetpack_publicize_feature_enabled":true,"jetpack_social_post_already_shared":true,"jetpack_social_options":{"image_generator_settings":{"template":"highway","default_image_id":0,"font":"","enabled":false},"version":2}},"categories":[5,1585],"tags":[1985,663,907],"class_list":["post-6189","post","type-post","status-publish","format-standard","has-post-thumbnail","hentry","category-cultura","category-cultura-teatro","tag-clasicos","tag-cultura","tag-teatro"],"jetpack_publicize_connections":[],"_links":{"self":[{"href":"https:\/\/www.enorsai.com\/noticias\/wp-json\/wp\/v2\/posts\/6189","targetHints":{"allow":["GET"]}}],"collection":[{"href":"https:\/\/www.enorsai.com\/noticias\/wp-json\/wp\/v2\/posts"}],"about":[{"href":"https:\/\/www.enorsai.com\/noticias\/wp-json\/wp\/v2\/types\/post"}],"author":[{"embeddable":true,"href":"https:\/\/www.enorsai.com\/noticias\/wp-json\/wp\/v2\/users\/15"}],"replies":[{"embeddable":true,"href":"https:\/\/www.enorsai.com\/noticias\/wp-json\/wp\/v2\/comments?post=6189"}],"version-history":[{"count":1,"href":"https:\/\/www.enorsai.com\/noticias\/wp-json\/wp\/v2\/posts\/6189\/revisions"}],"predecessor-version":[{"id":6193,"href":"https:\/\/www.enorsai.com\/noticias\/wp-json\/wp\/v2\/posts\/6189\/revisions\/6193"}],"wp:featuredmedia":[{"embeddable":true,"href":"https:\/\/www.enorsai.com\/noticias\/wp-json\/wp\/v2\/media\/6305"}],"wp:attachment":[{"href":"https:\/\/www.enorsai.com\/noticias\/wp-json\/wp\/v2\/media?parent=6189"}],"wp:term":[{"taxonomy":"category","embeddable":true,"href":"https:\/\/www.enorsai.com\/noticias\/wp-json\/wp\/v2\/categories?post=6189"},{"taxonomy":"post_tag","embeddable":true,"href":"https:\/\/www.enorsai.com\/noticias\/wp-json\/wp\/v2\/tags?post=6189"}],"curies":[{"name":"wp","href":"https:\/\/api.w.org\/{rel}","templated":true}]}}