{"id":6179,"date":"2025-07-11T08:35:51","date_gmt":"2025-07-11T11:35:51","guid":{"rendered":"https:\/\/www.enorsai.com\/noticias\/?p=6179"},"modified":"2025-07-11T08:35:51","modified_gmt":"2025-07-11T11:35:51","slug":"en-pie-de-lucha-trabajadores-del-astillero-rio-santiago-continuan-con-las-medidas-de-fuerza","status":"publish","type":"post","link":"https:\/\/www.enorsai.com\/noticias\/politica\/en-pie-de-lucha-trabajadores-del-astillero-rio-santiago-continuan-con-las-medidas-de-fuerza\/","title":{"rendered":"En pie de lucha: trabajadores del Astillero R\u00edo Santiago contin\u00faan con las medidas de fuerza"},"content":{"rendered":"\n<p><strong><em>Los trabajadores del Astillero R\u00edo Santiago resolvieron, con el impulso de la Agrupaci\u00f3n Celeste CCC-ARS, continuar con las medidas de fuerza por un aumento de emergencia en el sector y convocaron a un corte de ruta el pr\u00f3ximo jueves 17 de julio a las 10:00 horas en la bajada de la Autopista Buenos Aires-La Plata. Adem\u00e1s, insistir\u00e1n con el reclamo al gobierno de Axel Kicillof para que se reabran las paritarias y adelantaron que lanzar\u00e1n un nuevo plan de lucha \u201ccontra las pol\u00edticas de ajuste de Milei\u201d.<\/em><\/strong><\/p>\n\n\n\n<p>Los trabajadores del Astillero R\u00edo Santiago (ARS), impulsados por la Agrupaci\u00f3n Celeste CCC-ARS, decidieron escalar el plan de lucha del sector para exigir un aumento salarial de emergencia. Durante una asamblea celebrada el martes pasado, se decidi\u00f3 aceptar la propuesta de la mesa t\u00e9cnica conformada con el gobierno provincial, que reconoce mejoras en sus condiciones laborales como nuevas categor\u00edas y pases a planta permanente que implican un incremento del 10% al b\u00e1sico para el 70% de los trabajadores. Sin embargo, consideran que los montos econ\u00f3micos (entre $15.000 y $30.000) son \u201cinsuficientes\u201d respecto a la inflaci\u00f3n.<\/p>\n\n\n\n<p>En esa l\u00ednea, remarcaon que, desde la Agrupaci\u00f3n, \u201csomos plenamente conscientes de que los incrementos salariales en t\u00e9rminos monetarios resultan insuficientes\u201d y que, \u201clo conseguido en la mesa t\u00e9cnica no representa un aumento salarial real para paliar la inflaci\u00f3n y la p\u00e9rdida del poder adquisitivo\u201d, apuntaron.<\/p>\n\n\n\n<p>A trav\u00e9s de una asamblea general, los trabajadores del astillero ratificaron la necesidad de mantenerse movilizados y convocaron a un corte de ruta para el jueves 17 de julio a las 10:00 horas en la bajada a la Autopista Buenos Aires-La Plata. Adem\u00e1s, resolvieron articular el reclamo con demandas de otros sectores que se encuentren en conflicto y adelantaron que participar\u00e1n en la movilizaci\u00f3n en apoyo a los trabajadores del Hospital Garrahan.<\/p>\n\n\n\n<p>Paralelamente, el Astillero impulsar\u00e1 un proyecto de ley de aporte solidario en la provincia de Buenos Aires. La propuesta incluye aumentar el impuesto inmobiliario rural a los grandes propietarios (m\u00e1s de 10.000 hect\u00e1reas) y aplicar una al\u00edcuota especial de Ingresos Brutos a las grandes empresas radicadas en territorio bonaerense.<\/p>\n\n\n\n<p>Finalmente, el gremio convoc\u00f3 a un nuevo plenario regional para lanzar un \u201ccontundente plan de lucha contra las pol\u00edticas de ajuste de Milei\u201d y una gran movilizaci\u00f3n provincial a la Casa de Gobierno de la Provincia en la primera semana de agosto para exigir la reapertura de paritarias, junto a otros gremios estatales. Desde la Agrupaci\u00f3n enfatizaron, en este marco, que la \u201cunidad y la movilizaci\u00f3n\u201d son la clave para defender sus derechos y la soberan\u00eda industrial.<\/p>\n\n\n\n<p>Por Mundo Gremial<\/p>\n","protected":false},"excerpt":{"rendered":"<p>Los trabajadores del Astillero R\u00edo Santiago resolvieron, con el impulso de la Agrupaci\u00f3n Celeste CCC-ARS, continuar con las medidas de fuerza por un aumento de emergencia en el sector y convocaron a un corte de ruta el pr\u00f3ximo jueves 17 de julio a las 10:00 horas en la bajada de la Autopista Buenos Aires-La Plata&#8230;.<\/p>\n","protected":false},"author":5,"featured_media":6180,"comment_status":"open","ping_status":"open","sticky":false,"template":"","format":"standard","meta":{"_monsterinsights_skip_tracking":false,"_monsterinsights_sitenote_active":false,"_monsterinsights_sitenote_note":"","_monsterinsights_sitenote_category":0,"footnotes":"","jetpack_publicize_message":"","jetpack_publicize_feature_enabled":true,"jetpack_social_post_already_shared":true,"jetpack_social_options":{"image_generator_settings":{"template":"highway","default_image_id":0,"font":"","enabled":false},"version":2}},"categories":[2],"tags":[58,43,45],"class_list":["post-6179","post","type-post","status-publish","format-standard","has-post-thumbnail","hentry","category-politica","tag-ajuste","tag-crisis","tag-milei"],"jetpack_publicize_connections":[],"_links":{"self":[{"href":"https:\/\/www.enorsai.com\/noticias\/wp-json\/wp\/v2\/posts\/6179","targetHints":{"allow":["GET"]}}],"collection":[{"href":"https:\/\/www.enorsai.com\/noticias\/wp-json\/wp\/v2\/posts"}],"about":[{"href":"https:\/\/www.enorsai.com\/noticias\/wp-json\/wp\/v2\/types\/post"}],"author":[{"embeddable":true,"href":"https:\/\/www.enorsai.com\/noticias\/wp-json\/wp\/v2\/users\/5"}],"replies":[{"embeddable":true,"href":"https:\/\/www.enorsai.com\/noticias\/wp-json\/wp\/v2\/comments?post=6179"}],"version-history":[{"count":1,"href":"https:\/\/www.enorsai.com\/noticias\/wp-json\/wp\/v2\/posts\/6179\/revisions"}],"predecessor-version":[{"id":6181,"href":"https:\/\/www.enorsai.com\/noticias\/wp-json\/wp\/v2\/posts\/6179\/revisions\/6181"}],"wp:featuredmedia":[{"embeddable":true,"href":"https:\/\/www.enorsai.com\/noticias\/wp-json\/wp\/v2\/media\/6180"}],"wp:attachment":[{"href":"https:\/\/www.enorsai.com\/noticias\/wp-json\/wp\/v2\/media?parent=6179"}],"wp:term":[{"taxonomy":"category","embeddable":true,"href":"https:\/\/www.enorsai.com\/noticias\/wp-json\/wp\/v2\/categories?post=6179"},{"taxonomy":"post_tag","embeddable":true,"href":"https:\/\/www.enorsai.com\/noticias\/wp-json\/wp\/v2\/tags?post=6179"}],"curies":[{"name":"wp","href":"https:\/\/api.w.org\/{rel}","templated":true}]}}