{"id":6177,"date":"2025-07-11T06:49:26","date_gmt":"2025-07-11T09:49:26","guid":{"rendered":"https:\/\/www.enorsai.com\/noticias\/politica\/villarruel-cruzo-a-bullrich-por-su-pasado-montonero-cuando-la-ministra-exigio-levantar-la-sesion-del-senado\/"},"modified":"2025-07-11T06:49:26","modified_gmt":"2025-07-11T09:49:26","slug":"villarruel-cruzo-a-bullrich-por-su-pasado-montonero-cuando-la-ministra-exigio-levantar-la-sesion-del-senado","status":"publish","type":"post","link":"https:\/\/www.enorsai.com\/noticias\/politica\/villarruel-cruzo-a-bullrich-por-su-pasado-montonero-cuando-la-ministra-exigio-levantar-la-sesion-del-senado\/","title":{"rendered":"Villarruel cruz\u00f3 a Bullrich por su pasado montonero cuando la ministra exigi\u00f3 levantar la sesi\u00f3n del Senado"},"content":{"rendered":"\n<p>Patricia Bullrich exigi\u00f3 a Victoria Villarruel que levantara la sesi\u00f3n en el Senado para impedir el tratamiento de los decretos de Javier Milei. La titular del cuerpo no solo le neg\u00f3 la maniobra sino que le enrostr\u00f3 su pasado en Montoneros, en un cruce que expone las tensiones en el oficialismo y el desprecio de Bullrich por la institucionalidad parlamentaria.<br><br>La tensi\u00f3n en el oficialismo alcanz\u00f3 un nuevo pico este mi\u00e9rcoles cuando la ministra de Seguridad, Patricia Bullrich, intent\u00f3 presionar p\u00fablicamente a la vicepresidenta Victoria Villarruel para que levantara la sesi\u00f3n en el Senado que iba a tratar los decretos del presidente Javier Milei. El cruce, lejos de saldarse en privado, deriv\u00f3 en un episodio pol\u00edtico de alto voltaje, donde Villarruel no solo ratific\u00f3 su decisi\u00f3n de permitir el debate, sino que, adem\u00e1s, le record\u00f3 a Bullrich su pasado como militante de Montoneros en los a\u00f1os 70.<br><br>\u201c\u00a1Lev\u00e1ntese y no sea c\u00f3mplice del kirchnerismo!\u201d, le reclam\u00f3 Bullrich a Villarruel en declaraciones p\u00fablicas, seg\u00fan consignaron medios como La Naci\u00f3n y Los Andes. La ministra busc\u00f3 as\u00ed bloquear la sesi\u00f3n para evitar que la oposici\u00f3n avanzara sobre los decretos presidenciales, en particular el DNU 70\/2023, n\u00facleo de la estrategia desreguladora del Gobierno.<br><br>Villarruel, lejos de ceder, respondi\u00f3 con dureza: \u201cAlgunos que hoy me se\u00f1alan estuvieron en Montoneros\u201d, lanz\u00f3, en una alusi\u00f3n directa y cargada de historia pol\u00edtica hacia la actual ministra de Seguridad. La frase, recogida por P\u00e1gina\/12, no solo dej\u00f3 expuesta la fractura interna en el oficialismo, sino que reflot\u00f3 el pasado guerrillero de Bullrich, un tema que ella misma ha buscado minimizar o relativizar en su carrera pol\u00edtica reciente.<br><br>Pero m\u00e1s all\u00e1 del pase de facturas personales, el episodio dej\u00f3 entrever algo m\u00e1s profundo: el desprecio de Bullrich hacia el funcionamiento institucional. Su exigencia de suspender la sesi\u00f3n en el Senado constituye un gesto que choca frontalmente con el principio republicano de divisi\u00f3n de poderes y con el rol del Parlamento como \u00e1mbito de debate y control democr\u00e1tico.<br><br>La ofensiva de Bullrich para frenar la sesi\u00f3n exhibe, adem\u00e1s, el nerviosismo del Gobierno ante la posibilidad de que sus decretos sean rechazados por la C\u00e1mara Alta. Seg\u00fan La Naci\u00f3n, Villarruel sostuvo que \u201cla C\u00e1mara no se puede callar\u201d, ratificando su rol institucional por encima de las presiones pol\u00edticas. En la misma l\u00ednea, destac\u00f3 que no se dejar\u00e1 amedrentar por quienes quieren silenciar el debate parlamentario.<br><br>La disputa revela as\u00ed una interna feroz en el seno del oficialismo libertario y, al mismo tiempo, expone las tensiones entre el ala dura, representada por Bullrich, y sectores m\u00e1s institucionalistas como el que encabeza Villarruel. Mientras la ministra de Seguridad parece dispuesta a dinamitar las reglas parlamentarias en nombre del proyecto libertario, la vicepresidenta reivindica el funcionamiento del Congreso como pilar de la democracia.<br><br>La frase de Villarruel sobre el pasado montonero de Bullrich es m\u00e1s que un simple ataque personal: es tambi\u00e9n un mensaje pol\u00edtico. Al recordarle su historia en la guerrilla, la vicepresidenta la coloca en contradicci\u00f3n con el discurso de \u201cmano dura\u201d y republicanismo que la ministra esgrime en la actualidad.<br><br>Lo ocurrido en el Senado deja al descubierto dos cosas: por un lado, el profundo quiebre interno dentro del Gobierno; por otro, la peligrosa tentaci\u00f3n de sectores oficiales de desconocer la institucionalidad democr\u00e1tica cuando no les conviene. Y, en el centro de la escena, queda flotando la inc\u00f3moda pregunta: \u00bfhasta d\u00f3nde est\u00e1 dispuesta a llegar la ministra Bullrich para imponer su voluntad pol\u00edtica, aun a costa de vulnerar las reglas de la democracia que dice defender?<br><br>Fuentes:<\/p>\n\n\n\n<ul class=\"wp-block-list\">\n<li>https:\/\/www.lanacion.com.ar\/politica\/que-se-dijeron-patricia-bullrich-y-victoria-villarruel-por-la-sesion-en-el-senado-nid10072025\/<\/li>\n\n\n\n<li>https:\/\/www.losandes.com.ar\/politica\/patricia-bullrich-contra-villarruel-la-sesion-el-senado-levantese-no-sea-complice-del-kirchnerismo-n5954904\/<\/li>\n\n\n\n<li>https:\/\/www.pagina12.com.ar\/841032-patricia-bullrich-apreto-a-victoria-villarruel-para-frenar-l<\/li>\n<\/ul>\n","protected":false},"excerpt":{"rendered":"<p>Patricia Bullrich exigi\u00f3 a Victoria Villarruel que levantara la sesi\u00f3n en el Senado para impedir el tratamiento de los decretos de Javier Milei. La titular del cuerpo no solo le neg\u00f3 la maniobra sino que le enrostr\u00f3 su pasado en Montoneros, en un cruce que expone las tensiones en el oficialismo y el desprecio de&#8230;<\/p>\n","protected":false},"author":13,"featured_media":6176,"comment_status":"open","ping_status":"open","sticky":false,"template":"","format":"standard","meta":{"_monsterinsights_skip_tracking":false,"_monsterinsights_sitenote_active":false,"_monsterinsights_sitenote_note":"","_monsterinsights_sitenote_category":0,"footnotes":"","jetpack_publicize_message":"","jetpack_publicize_feature_enabled":true,"jetpack_social_post_already_shared":true,"jetpack_social_options":{"image_generator_settings":{"template":"highway","default_image_id":0,"font":"","enabled":false},"version":2}},"categories":[2],"tags":[],"class_list":["post-6177","post","type-post","status-publish","format-standard","has-post-thumbnail","hentry","category-politica"],"jetpack_publicize_connections":[],"_links":{"self":[{"href":"https:\/\/www.enorsai.com\/noticias\/wp-json\/wp\/v2\/posts\/6177","targetHints":{"allow":["GET"]}}],"collection":[{"href":"https:\/\/www.enorsai.com\/noticias\/wp-json\/wp\/v2\/posts"}],"about":[{"href":"https:\/\/www.enorsai.com\/noticias\/wp-json\/wp\/v2\/types\/post"}],"author":[{"embeddable":true,"href":"https:\/\/www.enorsai.com\/noticias\/wp-json\/wp\/v2\/users\/13"}],"replies":[{"embeddable":true,"href":"https:\/\/www.enorsai.com\/noticias\/wp-json\/wp\/v2\/comments?post=6177"}],"version-history":[{"count":0,"href":"https:\/\/www.enorsai.com\/noticias\/wp-json\/wp\/v2\/posts\/6177\/revisions"}],"wp:featuredmedia":[{"embeddable":true,"href":"https:\/\/www.enorsai.com\/noticias\/wp-json\/wp\/v2\/media\/6176"}],"wp:attachment":[{"href":"https:\/\/www.enorsai.com\/noticias\/wp-json\/wp\/v2\/media?parent=6177"}],"wp:term":[{"taxonomy":"category","embeddable":true,"href":"https:\/\/www.enorsai.com\/noticias\/wp-json\/wp\/v2\/categories?post=6177"},{"taxonomy":"post_tag","embeddable":true,"href":"https:\/\/www.enorsai.com\/noticias\/wp-json\/wp\/v2\/tags?post=6177"}],"curies":[{"name":"wp","href":"https:\/\/api.w.org\/{rel}","templated":true}]}}