{"id":6173,"date":"2025-07-11T06:18:16","date_gmt":"2025-07-11T09:18:16","guid":{"rendered":"http:\/\/www.enorsai.com\/noticias\/?p=6173"},"modified":"2025-07-11T06:18:16","modified_gmt":"2025-07-11T09:18:16","slug":"milei-veta-el-aumento-a-jubilados-y-amenaza-con-judicializar-la-ley-mientras-califica-de-traidora-a-villarruel","status":"publish","type":"post","link":"https:\/\/www.enorsai.com\/noticias\/politica\/milei-veta-el-aumento-a-jubilados-y-amenaza-con-judicializar-la-ley-mientras-califica-de-traidora-a-villarruel\/","title":{"rendered":"Milei veta el aumento a jubilados y amenaza con judicializar la ley mientras califica de \u201ctraidora\u201d a Villarruel"},"content":{"rendered":"\n<p>Javier Milei, desde la Bolsa de Comercio y ante un auditorio empresarial, carg\u00f3 con furia contra el Congreso, calific\u00f3 a sus miembros de \u201cdegenerados fiscales\u201d, llam\u00f3 \u201ctraidora\u201d a su vicepresidenta y asegur\u00f3 que vetar\u00e1 el aumento para jubilados aprobado en el Senado. En un giro dram\u00e1tico, amenaz\u00f3 con judicializar la ley y desestim\u00f3 el impacto social de su decisi\u00f3n, reivindicando su ajuste fiscal como un dogma incuestionable. El futuro de millones de adultos mayores, nuevamente en la cuerda floja.<\/p>\n\n\n\n<p>La escena fue casi teatral. Luces, micr\u00f3fonos, la solemnidad de la Bolsa de Comercio de Buenos Aires y, en el centro, un Javier Milei dispuesto a incendiar todo a su paso. Como si se tratara de un mon\u00f3logo cargado de furia, el presidente argentino se despach\u00f3 contra gobernadores, senadores y hasta contra su propia vicepresidenta, Victoria Villarruel, a quien, sin nombrarla directamente, tach\u00f3 de \u201ctraidora\u201d. Todo mientras confirmaba lo que se ven\u00eda rumoreando: vetar\u00e1 el aumento a los jubilados que el Senado convirti\u00f3 en ley, y si hace falta, llevar\u00e1 el asunto a la Justicia.<\/p>\n\n\n\n<p>En su discurso, Milei no escatim\u00f3 en adjetivos: llam\u00f3 al Congreso \u201cmadriguera inmunda\u201d, poblada de \u201cdegenerados fiscales\u201d. Esas palabras retumbaron entre empresarios y socios burs\u00e1tiles que lo escuchaban atentos, acaso con la mezcla de fascinaci\u00f3n y pavor con la que se observa un incendio. El mandatario no solo se enred\u00f3 en insultos, sino que teji\u00f3 un relato \u00e9pico en el que \u00e9l mismo se erige como el gladiador que libra la madre de todas las batallas contra \u201cla casta\u201d. Y en medio de ese relato, los jubilados quedaron otra vez a la intemperie.<\/p>\n\n\n\n<p>La ley que Milei promete vetar establece un incremento real del 7,2% en los haberes jubilatorios y en pensiones, excluyendo reg\u00edmenes especiales, y eleva el bono de 70.000 a 110.000 pesos, con actualizaci\u00f3n autom\u00e1tica por inflaci\u00f3n. A esto se suma la restituci\u00f3n, por dos a\u00f1os, de la moratoria previsional, que permite a quienes no alcanzaron los 30 a\u00f1os de aportes completar los per\u00edodos faltantes para acceder al haber m\u00ednimo. Para un pa\u00eds donde millones de adultos mayores sobreviven con haberes que rozan la l\u00ednea de pobreza, esta ley es algo m\u00e1s que n\u00fameros: es la diferencia entre comer todos los d\u00edas o no. Pero a Milei, a juzgar por su ret\u00f3rica, lo \u00fanico que parece importarle es el super\u00e1vit fiscal, su \u201cchaleco de seguridad macroecon\u00f3mico\u201d.<\/p>\n\n\n\n<p>La crudeza del presidente qued\u00f3 en evidencia cuando relativiz\u00f3 el impacto que tendr\u00eda su veto. \u201cAun si la Justicia tuviera un acto de celeridad, el da\u00f1o ser\u00eda m\u00ednimo. Ser\u00eda solamente una mancha de dos meses, que el 11 de diciembre vamos a revertir\u201d, afirm\u00f3, como si esos dos meses no implicaran el sufrimiento cotidiano de jubilados que no llegan a fin de mes. Es all\u00ed donde se revela el costado m\u00e1s descarnado de su l\u00f3gica: Milei habla de la econom\u00eda como un tablero de ajedrez, pero en el tablero hay personas reales que envejecen, se enferman y comen menos de lo que necesitan.<\/p>\n\n\n\n<p>Y no es casual que eligiera la Bolsa de Comercio como escenario para este discurso cargado de p\u00f3lvora. Frente a empresarios que celebran el ajuste porque ven en \u00e9l la promesa de un mercado liberado y rentabilidades crecientes, Milei se permite despreciar cualquier pol\u00edtica que implique gasto social. Es el evangelio libertario en su m\u00e1xima expresi\u00f3n: el Estado es el enemigo, y los \u201cdegenerados fiscales\u201d \u2014l\u00e9ase, diputados y senadores que votaron a favor de los jubilados\u2014 deben ser destruidos pol\u00edticamente para que el super\u00e1vit se mantenga a salvo.<\/p>\n\n\n\n<p>En otro momento de su intervenci\u00f3n, el presidente enumer\u00f3 sus supuestos logros: \u201cNo solo hemos tenido un programa de estabilizaci\u00f3n mucho m\u00e1s exitoso que la Convertibilidad, adem\u00e1s hemos hecho 25 veces m\u00e1s de reformas estructurales, con 15% de la C\u00e1mara de Diputados, 7 senadores, una traidora pero con el mejor Jefe de Gabinete de la historia, Guillermo Francos\u201d. La cifra es discutible y, como buena parte de su discurso, cargada de \u00e9pica m\u00e1s que de precisi\u00f3n. Pero revela su obsesi\u00f3n por mostrar resultados aunque la realidad en la calle cuente otra historia: inflaci\u00f3n que sigue devorando salarios, ca\u00edda del consumo y una pobreza que, aunque Milei jura haber reducido dr\u00e1sticamente, persiste como un c\u00e1ncer cr\u00f3nico en el cuerpo social argentino.<\/p>\n\n\n\n<p>Para colmo, Milei no se conform\u00f3 con embestir contra el Congreso. Tambi\u00e9n descarg\u00f3 su furia sobre quienes critican su falta de sensibilidad social: \u201cUsualmente se nos suele acusar a los liberales de no tener coraz\u00f3n, ser desalmados y crueles. Que venga a decirme cruel el imb\u00e9cil que los ocult\u00f3, borrando las estad\u00edsticas, es bastante insultante\u201d. Y remat\u00f3 con una afirmaci\u00f3n digna de stand-up libertario: \u201cDesde el fat\u00eddico 57%, hemos sacado de la pobreza a 11 millones de argentinos, les guste o no a las cucarachas\u201d.<\/p>\n\n\n\n<p>Sus palabras pueden tener gancho entre un segmento de la sociedad hastiado de la pol\u00edtica tradicional, pero no dejan de ser un mensaje alarmante. La discusi\u00f3n sobre las jubilaciones se ha convertido en un campo de batalla simb\u00f3lico donde Milei no est\u00e1 dispuesto a ceder. No porque no entienda que los jubilados la pasan mal \u2014es imposible ignorarlo\u2014, sino porque su narrativa exige un enemigo, y esta vez ese enemigo son los \u201cgastos previsionales\u201d que, en su visi\u00f3n, amenazan su santuario del super\u00e1vit.<\/p>\n\n\n\n<p>Lo m\u00e1s grave es que, mientras el presidente juega al ajedrez pol\u00edtico y escupe fuego contra quienes lo contradicen, hay millones de argentinos que miran su heladera vac\u00eda y se preguntan si el pr\u00f3ximo aumento de medicamentos o la pr\u00f3xima factura de luz ser\u00e1 el golpe final que los condene a la miseria. Porque la econom\u00eda, se\u00f1or presidente, no es solo macro. Es micro. Es carne, hueso y est\u00f3magos vac\u00edos. Y eso, por m\u00e1s super\u00e1vit que exhiba la Bolsa de Comercio, no se soluciona con insultos ni con promesas de que \u201cen octubre la libertad arrasa\u201d.<\/p>\n\n\n\n<p>La incertidumbre crece. Si el Congreso insiste en sostener la ley y Milei cumple su amenaza de judicializarla, se abre un campo minado de litigios, dilaciones y, sobre todo, angustia social. Mientras tanto, la grieta se profundiza. No solo entre oficialismo y oposici\u00f3n, sino en el propio seno del gobierno, donde una vicepresidenta \u201ctraidora\u201d y senadores d\u00edscolos dejan a la vista que el poder de Milei, por m\u00e1s gritos y show medi\u00e1tico que despliegue, no es absoluto.<\/p>\n\n\n\n<p>As\u00ed se escribe otro cap\u00edtulo de la tragicomedia argentina, con jubilados de carne y hueso como rehenes de una guerra pol\u00edtica que parece no tener fin. Y en el centro del escenario, un presidente que, entre v\u00edtores y abucheos, promete vetar hasta el \u00faltimo centavo que huela a gasto social. Porque para Javier Milei, todo se resume en dos palabras: super\u00e1vit o muerte.<\/p>\n\n\n\n<p>Fuente:<\/p>\n\n\n\n<ul class=\"wp-block-list\">\n<li><a href=\"https:\/\/www.infonews.com\/milei-contra-los-jubilados-anuncia-veto-al-aumento-y-amenaza-judicializar-la-ley.html\">https:\/\/www.infonews.com\/milei-contra-los-jubilados-anuncia-veto-al-aumento-y-amenaza-judicializar-la-ley.html<\/a><\/li>\n\n\n\n<li><a href=\"https:\/\/www.perfil.com\/noticias\/economia\/javier-milei-habla-en-el-aniversario-de-la-bolsa-de-comercio-tras-el-reves-para-el-oficialismo-en-el-senado.phtml\">https:\/\/www.perfil.com\/noticias\/economia\/javier-milei-habla-en-el-aniversario-de-la-bolsa-de-comercio-tras-el-reves-para-el-oficialismo-en-el-senado.phtml<\/a><\/li>\n<\/ul>\n","protected":false},"excerpt":{"rendered":"<p>Javier Milei, desde la Bolsa de Comercio y ante un auditorio empresarial, carg\u00f3 con furia contra el Congreso, calific\u00f3 a sus miembros de \u201cdegenerados fiscales\u201d, llam\u00f3 \u201ctraidora\u201d a su vicepresidenta y asegur\u00f3 que vetar\u00e1 el aumento para jubilados aprobado en el Senado. En un giro dram\u00e1tico, amenaz\u00f3 con judicializar la ley y desestim\u00f3 el impacto&#8230;<\/p>\n","protected":false},"author":1,"featured_media":6174,"comment_status":"open","ping_status":"open","sticky":false,"template":"","format":"standard","meta":{"_monsterinsights_skip_tracking":false,"_monsterinsights_sitenote_active":false,"_monsterinsights_sitenote_note":"","_monsterinsights_sitenote_category":0,"footnotes":"","jetpack_publicize_message":"","jetpack_publicize_feature_enabled":true,"jetpack_social_post_already_shared":true,"jetpack_social_options":{"image_generator_settings":{"template":"highway","default_image_id":0,"font":"","enabled":false},"version":2}},"categories":[2],"tags":[58,257,227,509,45,1982,72,1979,1487],"class_list":["post-6173","post","type-post","status-publish","format-standard","has-post-thumbnail","hentry","category-politica","tag-ajuste","tag-congreso","tag-inflacion","tag-jubilados","tag-milei","tag-moratoria","tag-politica","tag-superavit-2","tag-veto"],"jetpack_publicize_connections":[],"_links":{"self":[{"href":"https:\/\/www.enorsai.com\/noticias\/wp-json\/wp\/v2\/posts\/6173","targetHints":{"allow":["GET"]}}],"collection":[{"href":"https:\/\/www.enorsai.com\/noticias\/wp-json\/wp\/v2\/posts"}],"about":[{"href":"https:\/\/www.enorsai.com\/noticias\/wp-json\/wp\/v2\/types\/post"}],"author":[{"embeddable":true,"href":"https:\/\/www.enorsai.com\/noticias\/wp-json\/wp\/v2\/users\/1"}],"replies":[{"embeddable":true,"href":"https:\/\/www.enorsai.com\/noticias\/wp-json\/wp\/v2\/comments?post=6173"}],"version-history":[{"count":1,"href":"https:\/\/www.enorsai.com\/noticias\/wp-json\/wp\/v2\/posts\/6173\/revisions"}],"predecessor-version":[{"id":6175,"href":"https:\/\/www.enorsai.com\/noticias\/wp-json\/wp\/v2\/posts\/6173\/revisions\/6175"}],"wp:featuredmedia":[{"embeddable":true,"href":"https:\/\/www.enorsai.com\/noticias\/wp-json\/wp\/v2\/media\/6174"}],"wp:attachment":[{"href":"https:\/\/www.enorsai.com\/noticias\/wp-json\/wp\/v2\/media?parent=6173"}],"wp:term":[{"taxonomy":"category","embeddable":true,"href":"https:\/\/www.enorsai.com\/noticias\/wp-json\/wp\/v2\/categories?post=6173"},{"taxonomy":"post_tag","embeddable":true,"href":"https:\/\/www.enorsai.com\/noticias\/wp-json\/wp\/v2\/tags?post=6173"}],"curies":[{"name":"wp","href":"https:\/\/api.w.org\/{rel}","templated":true}]}}