{"id":6157,"date":"2025-07-11T05:18:45","date_gmt":"2025-07-11T08:18:45","guid":{"rendered":"http:\/\/www.enorsai.com\/noticias\/?p=6157"},"modified":"2025-07-11T05:35:11","modified_gmt":"2025-07-11T08:35:11","slug":"victima-del-recorte-de-milei-murio-araceli-julio-la-cantante-que-denuncio-la-falta-de-medicacion-oncologica","status":"publish","type":"post","link":"https:\/\/www.enorsai.com\/noticias\/sociedad\/victima-del-recorte-de-milei-murio-araceli-julio-la-cantante-que-denuncio-la-falta-de-medicacion-oncologica\/","title":{"rendered":"V\u00edctima del recorte de Milei: Muri\u00f3 Araceli Julio, la cantante que denunci\u00f3 la falta de medicaci\u00f3n oncol\u00f3gica"},"content":{"rendered":"\n<p><strong><em>La muerte de Araceli Julio, el grito silenciado contra la motosierra de Milei. Ten\u00eda 43 a\u00f1os, una voz luminosa y la furia justa para denunciar el ajuste que le neg\u00f3 medicamentos. La muerte de la cantante de Sat\u00e9lite Kingston, atravesada por el drama de los recortes en salud, se convierte en una bandera inc\u00f3moda que el Gobierno no podr\u00e1 ignorar.<\/em><\/strong><\/p>\n\n\n\n<p>La historia de Araceli Julio, la artista que denunci\u00f3 p\u00fablicamente no recibir su medicaci\u00f3n oncol\u00f3gica, expone de manera brutal los costos humanos del ajuste econ\u00f3mico de Javier Milei. Su muerte sacude la escena cultural y pone rostro a la crisis sanitaria que el Gobierno se empe\u00f1a en minimizar.<\/p>\n\n\n\n<p>Araceli Julio muri\u00f3 a los 43 a\u00f1os, y con ella se apag\u00f3 una voz luminosa y \u00e1spera a la vez, una de esas voces capaces de transformarse en bandera. No era solo la cantante que llen\u00f3 de ska, reggae y punk la escena argentina con Sat\u00e9lite Kingston. Era, sobre todo, una mujer que se plant\u00f3 frente a las c\u00e1maras y, con la serenidad de quien ya no tiene nada que perder, denunci\u00f3 algo tan b\u00e1sico como letal: no estaba recibiendo la medicaci\u00f3n oncol\u00f3gica que necesitaba para vivir. Su muerte, ahora, retumba como una bomba inc\u00f3moda en los pasillos del poder, porque exhibe en carne viva el costo humano de esa \u201cmotosierra\u201d que Javier Milei ondea como si fuera un trofeo libertario.<\/p>\n\n\n\n<p>A veces, la pol\u00edtica se mide en n\u00fameros fr\u00edos, planillas de Excel y porcentajes de d\u00e9ficit. Pero otras veces \u2014y Araceli lo supo mostrar\u2014 la pol\u00edtica se mide en cuerpos concretos, en rostros que lloran, en madres, hijas, amigas que ya no est\u00e1n. Que Araceli haya sido una artista no la convirti\u00f3 en una v\u00edctima m\u00e1s importante que cualquier otra persona que muere por falta de medicamentos. Pero s\u00ed convirti\u00f3 su historia en un meg\u00e1fono. Ten\u00eda esa potencia extra que tienen los m\u00fasicos, los artistas, los que saben usar la palabra y el escenario para romper la indiferencia. No es casual que se atreviera a filmarse explicando, con el mismo temple con que enfrentaba un micr\u00f3fono arriba de un escenario, que deb\u00eda costear tratamientos que el Estado dej\u00f3 de cubrir. Ni es casual que muchos medios la escucharan y la entrevistaran. Fue, sin quererlo, el rostro del ajuste sanitario.<\/p>\n\n\n\n<figure class=\"wp-block-embed is-type-video is-provider-youtube wp-block-embed-youtube wp-embed-aspect-16-9 wp-has-aspect-ratio\"><div class=\"wp-block-embed__wrapper\">\n<iframe loading=\"lazy\" title=\"SAT\u00c9LITE KINGSTON &quot;LA ULTIMA CARTA&quot; Justo cuando cre\u00edas que no (The Romaphonic Sessions)\" width=\"640\" height=\"360\" src=\"https:\/\/www.youtube.com\/embed\/hs088in8h_Y?feature=oembed\" frameborder=\"0\" allow=\"accelerometer; autoplay; clipboard-write; encrypted-media; gyroscope; picture-in-picture; web-share\" referrerpolicy=\"strict-origin-when-cross-origin\" allowfullscreen><\/iframe>\n<\/div><\/figure>\n\n\n\n<p>La noticia de su muerte, informada por su propia banda Sat\u00e9lite Kingston, termin\u00f3 de transformar su denuncia en un pu\u00f1al clavado en la narrativa oficial. Mientras Milei sigue recitando su catecismo de d\u00e9ficit cero, la historia de Araceli se filtra como agua sucia por las grietas de ese discurso. No se trata de algo anecd\u00f3tico: se trata de una mujer que tuvo que interrumpir tratamientos porque el Estado Nacional, seg\u00fan ella misma explic\u00f3 en entrevistas y publicaciones, dej\u00f3 de proveer los medicamentos oncol\u00f3gicos que antes recib\u00eda. Decirlo duele. Es brutal. Pero es la pura realidad. Su voz, cada vez m\u00e1s d\u00e9bil, denunci\u00f3 con todas las letras que el ajuste mata.<\/p>\n\n\n\n<p>Desde el oficialismo, el tema se maneja con el m\u00e1s profundo silencio. Nadie, hasta el momento, sali\u00f3 a dar explicaciones concretas sobre la situaci\u00f3n de pacientes oncol\u00f3gicos que atraviesan el mismo calvario. Ni la Secretar\u00eda de Salud, ni la Ministra Sandra Pettovello, ni Javier Milei, dedicaron una palabra p\u00fablica al caso. El Gobierno no quiere que su motosierra tenga nombres y apellidos. Pero Araceli Julio, con su voz punzante, se los puso.<\/p>\n\n\n\n<p>En cada entrevista que brind\u00f3, la cantante dej\u00f3 claro que no pretend\u00eda hacer pol\u00edtica partidaria. Su reclamo no era ideol\u00f3gico, sino absolutamente vital: exig\u00eda lo m\u00ednimo que cualquier persona diagnosticada con c\u00e1ncer podr\u00eda pedir. Quer\u00eda vivir. Y para vivir, necesitaba sus medicamentos. Aun as\u00ed, su historia es inevitablemente pol\u00edtica. Porque lo personal es pol\u00edtico cuando la vida se convierte en reh\u00e9n de recortes presupuestarios.<\/p>\n\n\n\n<p>La paradoja es que Araceli, desde el under musical, termin\u00f3 convirti\u00e9ndose en un s\u00edmbolo que le arruina el marketing a la Libertad Avanza. Porque es f\u00e1cil vociferar que \u201cno hay plata\u201d, pero bastante m\u00e1s dif\u00edcil mirar a la c\u00e1mara y explicar por qu\u00e9 una mujer joven y activa debe mendigar por drogas oncol\u00f3gicas que antes se entregaban de forma gratuita. Es sencillo sacarse fotos abrazado a motosierra en mano, pero muy dif\u00edcil responderle a los familiares de Araceli, que ahora velan a una hija, a una hermana, a una amiga que quiz\u00e1 podr\u00eda seguir viva.<\/p>\n\n\n\n<p>En su comunicado, Sat\u00e9lite Kingston despidi\u00f3 a Araceli con un mensaje cargado de tristeza, agradeci\u00e9ndole los a\u00f1os compartidos sobre el escenario. Tambi\u00e9n expresaron el dolor de una p\u00e9rdida que no es s\u00f3lo musical, sino social. Porque, aunque duela admitirlo, hay un hilo directo que conecta las tijeras de los recortes presupuestarios con el deterioro de la salud p\u00fablica. Araceli se lo puso en palabras: \u201cEstoy cost\u00e9andome los medicamentos porque el Estado dej\u00f3 de cubrirlos. Y es imposible sostenerlo en el tiempo.\u201d<\/p>\n\n\n\n<p>No hay que ser experto en macroeconom\u00eda para entender que el d\u00e9ficit cero se traduce en muertes cuando el Estado decide dejar de comprar medicaci\u00f3n para c\u00e1ncer. No hace falta un m\u00e1ster en Harvard para advertir que detr\u00e1s del relato libertario hay historias humanas que se parten en mil pedazos. Araceli no fue la \u00fanica. Pero fue de las pocas que se anim\u00f3 a decirlo con nombre y apellido.<\/p>\n\n\n\n<p>Queda flotando la pregunta de siempre: \u00bfcu\u00e1ntas Aracelis m\u00e1s deber\u00e1n morir antes de que el Gobierno deje de mirar para otro lado? \u00bfCu\u00e1ntos pacientes oncol\u00f3gicos est\u00e1n enfrentando el mismo destino en silencio, sin c\u00e1maras, sin prensa, sin redes sociales que amplifiquen su grito? Nadie lo sabe a ciencia cierta, porque el Gobierno ha optado por blindar la informaci\u00f3n. Lo \u00fanico indiscutible es que Araceli Julio muri\u00f3, y en su muerte hay un eco que denuncia a viva voz lo que el ajuste prefiere callar.<\/p>\n\n\n\n<p>As\u00ed, su historia trasciende la m\u00fasica y se clava como una espina en la conciencia social. Araceli quer\u00eda seguir cantando. Quer\u00eda subirse otra vez al escenario con Sat\u00e9lite Kingston. Quer\u00eda vivir. Pero el Estado la dej\u00f3 sola. Y esa es la verdad m\u00e1s descarnada que el gobierno de Javier Milei no podr\u00e1 maquillar con estad\u00edsticas ni con discursos grandilocuentes. Porque, al final, ninguna motosierra puede cortar el filo de una muerte injusta.<\/p>\n\n\n\n<p>Fuentes:<\/p>\n\n\n\n<p><a href=\"https:\/\/www.tiempoar.com.ar\/ta_article\/murio-araceli-julio-cantante-de-satelite-kingston-denuncio-motosierra-milei-medicamentos-oncologicos\/\">https:\/\/www.tiempoar.com.ar\/ta_article\/murio-araceli-julio-cantante-de-satelite-kingston-denuncio-motosierra-milei-medicamentos-oncologicos\/<\/a><br><a href=\"https:\/\/www.perfil.com\/noticias\/cultura\/fallecio-araceli-julio-de-la-banda-satelite-kingston-tras-denunciar-que-no-recibia-su-medicacion-oncologica.phtml\">https:\/\/www.perfil.com\/noticias\/cultura\/fallecio-araceli-julio-de-la-banda-satelite-kingston-tras-denunciar-que-no-recibia-su-medicacion-oncologica.phtml<\/a><br><a href=\"https:\/\/www.c5n.com\/ratingcero\/murio-araceli-julio-la-cantante-que-denuncio-los-recortes-salud-javier-milei-n207357\">https:\/\/www.c5n.com\/ratingcero\/murio-araceli-julio-la-cantante-que-denuncio-los-recortes-salud-javier-milei-n207357<\/a><\/p>\n\n\n\n<ul class=\"wp-block-list\">\n<li><\/li>\n<\/ul>\n\n\n\n<ul class=\"wp-block-list\">\n<li><\/li>\n<\/ul>\n\n\n\n<hr class=\"wp-block-separator has-alpha-channel-opacity\"\/>\n\n\n\n<h2 class=\"wp-block-heading\">TRES T\u00cdTULOS DESCRIPTIVOS<\/h2>\n\n\n\n<ul class=\"wp-block-list\">\n<li><\/li>\n\n\n\n<li>El ajuste de Milei y la tragedia de Araceli Julio: muri\u00f3 sin los medicamentos que el Estado dej\u00f3 de entregar<\/li>\n\n\n\n<li>Falleci\u00f3 Araceli Julio, artista de Sat\u00e9lite Kingston, tras denunciar los recortes en salud del Gobierno libertario<\/li>\n<\/ul>\n\n\n\n<p>\u00bfQuieres que ajuste algo en el tono, extensi\u00f3n o enfoque?<\/p>\n","protected":false},"excerpt":{"rendered":"<p>Araceli Julio, cantante de Sat\u00e9lite Kingston, muri\u00f3 tras denunciar p\u00fablicamente que el gobierno de Javier Milei le neg\u00f3 su medicaci\u00f3n oncol\u00f3gica. Su historia revela el rostro humano del ajuste: el Estado recorta, pero las personas mueren. Su voz, ahora silenciada, es testimonio brutal de la crisis sanitaria argentina.<\/p>\n","protected":false},"author":12,"featured_media":6159,"comment_status":"open","ping_status":"open","sticky":false,"template":"","format":"standard","meta":{"_monsterinsights_skip_tracking":false,"_monsterinsights_sitenote_active":false,"_monsterinsights_sitenote_note":"","_monsterinsights_sitenote_category":0,"footnotes":"","jetpack_publicize_message":"","jetpack_publicize_feature_enabled":true,"jetpack_social_post_already_shared":true,"jetpack_social_options":{"image_generator_settings":{"template":"highway","default_image_id":0,"font":"","enabled":false},"version":2}},"categories":[5,1584,4],"tags":[58,1963,1964,819,1962,1272,45,1965,249,1961],"class_list":["post-6157","post","type-post","status-publish","format-standard","has-post-thumbnail","hentry","category-cultura","category-cultura-musica","category-sociedad","tag-ajuste","tag-araceli","tag-cancer","tag-denuncia","tag-kingston","tag-medicamentos","tag-milei","tag-muerte","tag-salud","tag-satelite"],"jetpack_publicize_connections":[],"_links":{"self":[{"href":"https:\/\/www.enorsai.com\/noticias\/wp-json\/wp\/v2\/posts\/6157","targetHints":{"allow":["GET"]}}],"collection":[{"href":"https:\/\/www.enorsai.com\/noticias\/wp-json\/wp\/v2\/posts"}],"about":[{"href":"https:\/\/www.enorsai.com\/noticias\/wp-json\/wp\/v2\/types\/post"}],"author":[{"embeddable":true,"href":"https:\/\/www.enorsai.com\/noticias\/wp-json\/wp\/v2\/users\/12"}],"replies":[{"embeddable":true,"href":"https:\/\/www.enorsai.com\/noticias\/wp-json\/wp\/v2\/comments?post=6157"}],"version-history":[{"count":4,"href":"https:\/\/www.enorsai.com\/noticias\/wp-json\/wp\/v2\/posts\/6157\/revisions"}],"predecessor-version":[{"id":6161,"href":"https:\/\/www.enorsai.com\/noticias\/wp-json\/wp\/v2\/posts\/6157\/revisions\/6161"}],"wp:featuredmedia":[{"embeddable":true,"href":"https:\/\/www.enorsai.com\/noticias\/wp-json\/wp\/v2\/media\/6159"}],"wp:attachment":[{"href":"https:\/\/www.enorsai.com\/noticias\/wp-json\/wp\/v2\/media?parent=6157"}],"wp:term":[{"taxonomy":"category","embeddable":true,"href":"https:\/\/www.enorsai.com\/noticias\/wp-json\/wp\/v2\/categories?post=6157"},{"taxonomy":"post_tag","embeddable":true,"href":"https:\/\/www.enorsai.com\/noticias\/wp-json\/wp\/v2\/tags?post=6157"}],"curies":[{"name":"wp","href":"https:\/\/api.w.org\/{rel}","templated":true}]}}