{"id":615,"date":"2025-02-03T14:20:27","date_gmt":"2025-02-03T17:20:27","guid":{"rendered":"https:\/\/www.enorsai.com\/noticias\/?p=615"},"modified":"2025-02-03T14:20:27","modified_gmt":"2025-02-03T17:20:27","slug":"milei-en-davos-un-lider-libertario-o-un-experimento-peligroso-para-argentina","status":"publish","type":"post","link":"https:\/\/www.enorsai.com\/noticias\/opinion\/milei-en-davos-un-lider-libertario-o-un-experimento-peligroso-para-argentina\/","title":{"rendered":"Milei en Davos: \u00bfUn l\u00edder libertario o un experimento peligroso para Argentina?"},"content":{"rendered":"\n<h3 class=\"wp-block-heading\"><strong>El soci\u00f3logo Roberto Bacman analiza el impacto de las declaraciones de Milei en el Foro Econ\u00f3mico Mundial y su resonancia en un pa\u00eds dividido entre esperanza y rechazo.<\/strong><\/h3>\n\n\n\n<h4 class=\"wp-block-heading\"><\/h4>\n\n\n\n<p>En una entrevista exclusiva con&nbsp;<em>Splendid 990 &#8211; Hermosa Ma\u00f1ana<\/em>, el soci\u00f3logo Roberto Bacman desmenuza las implicancias pol\u00edticas y sociales del discurso de Javier Milei en Davos. Con un 65% de rechazo a sus palabras y un 39% de apoyo incondicional, Bacman advierte sobre las tensiones que podr\u00edan definir el futuro del gobierno libertario. \u00bfEs este el inicio de una oposici\u00f3n m\u00e1s organizada o simplemente un reflejo de un electorado desencantado?<\/p>\n\n\n\n<hr class=\"wp-block-separator has-alpha-channel-opacity\"\/>\n\n\n\n<h4 class=\"wp-block-heading\"><\/h4>\n\n\n\n<p>El discurso de Javier Milei en el Foro Econ\u00f3mico Mundial de Davos no pas\u00f3 desapercibido. Para algunos, fue una bravuconada m\u00e1s de un presidente que se enorgullece de su estilo confrontativo. Para otros, una se\u00f1al alarmante de hacia d\u00f3nde podr\u00eda dirigirse Argentina bajo su mandato. Roberto Bacman, soci\u00f3logo y polit\u00f3logo, analiz\u00f3 en&nbsp;<em>Splendid 990 &#8211; Hermosa Ma\u00f1ana<\/em>&nbsp;las repercusiones de este episodio, que no solo dividi\u00f3 aguas en la pol\u00edtica local, sino que tambi\u00e9n moviliz\u00f3 a un sector importante de la sociedad.<\/p>\n\n\n\n<p>\u00abEl 65% de la poblaci\u00f3n rechaz\u00f3 las declaraciones de Milei en Davos\u00bb, afirm\u00f3 Bacman, destacando que este rechazo no proviene \u00fanicamente de los partidos pol\u00edticos tradicionales, sino de un electorado progresista que defiende los derechos sociales, la salud p\u00fablica y el cuidado del planeta. \u00abEste p\u00fablico, que podr\u00edamos llamar progresista, fue el que se moviliz\u00f3 m\u00e1s fuertemente\u00bb, explic\u00f3. La marcha contra las pol\u00edticas de Milei, que reuni\u00f3 a diversos sectores, fue una muestra clara de este descontento.<\/p>\n\n\n\n<p><a href=\"https:\/\/www.enorsai.com\/noticias\/politica\/el-silencio-complice-como-los-grandes-medios-argentinos-blindaron-a-milei\/\"><strong>El silencio c\u00f3mplice: C\u00f3mo los grandes medios argentinos blindaron a Milei<\/strong><\/a><\/p>\n\n\n\n<p>Sin embargo, Bacman tambi\u00e9n se\u00f1al\u00f3 que hay un 39% de la poblaci\u00f3n que conforma el \u00abn\u00facleo duro\u00bb de apoyo a Milei, un grupo que no se mueve pese a las cr\u00edticas. \u00abEste sector apoya al gobierno por la econom\u00eda y por las expectativas de que las cosas mejoren\u00bb, dijo. Pero el soci\u00f3logo advirti\u00f3 que hay un 15% de independientes que, aunque votaron a Milei, est\u00e1n comenzando a cuestionar su gesti\u00f3n. \u00abEstos temas lo tocan, lo afectan\u00bb, afirm\u00f3, refiri\u00e9ndose a las pol\u00edticas sociales y ambientales que han generado rechazo.<\/p>\n\n\n\n<p>La pregunta que surge es: \u00bfpor qu\u00e9 Milei decidi\u00f3 dar un discurso tan pol\u00e9mico en Davos? Bacman sugiri\u00f3 que podr\u00eda tratarse de una estrategia deliberada para posicionarse como un l\u00edder libertario a nivel internacional. \u00abEsto no es un error de su equipo, es parte de un posicionamiento\u00bb, asegur\u00f3. Seg\u00fan el soci\u00f3logo, el objetivo de La Libertad Avanza no es solo consolidarse en Argentina, sino tambi\u00e9n fagocitar al PRO y cooptar a sus seguidores. \u00abEl principal enemigo de Milei no es Cristina Kirchner, es Mauricio Macri\u00bb, afirm\u00f3, destacando que el gobierno busca quedarse con el electorado que el PRO construy\u00f3 desde 2015.<\/p>\n\n\n\n<p><a href=\"https:\/\/www.enorsai.com\/noticias\/opinion\/por-que-eliminar-las-paso-es-un-retroceso-democratico-la-opinion-de-un-experto\/\">\u00bfPor qu\u00e9 eliminar las PASO es un retroceso democr\u00e1tico? La opini\u00f3n de un experto\u00bb<\/a><\/p>\n\n\n\n<p>Pero el posicionamiento de Milei no se limita al \u00e1mbito local. En el exterior, el presidente argentino es visto como un l\u00edder joven y disruptivo, representante de una derecha que busca ordenar el mundo. \u00abSe lo coloca como un l\u00edder libertario, no liberal, que viene a mostrar que la extrema derecha puede manejar el mundo\u00bb, explic\u00f3 Bacman. Este fen\u00f3meno no es ajeno a la tendencia global de crecimiento de la derecha, con ejemplos como Trump en Estados Unidos, Meloni en Italia y Le Pen en Francia.<\/p>\n\n\n\n<p>Sin embargo, Bacman advirti\u00f3 que este posicionamiento internacional tiene un costo interno. \u00abEn Francia, por ejemplo, hay carteles que hablan de &#8216;liberaci\u00f3n a los presos pol\u00edticos en Argentina'\u00bb, coment\u00f3, refiri\u00e9ndose a la criminalizaci\u00f3n de la protesta social bajo el gobierno de Milei. Esta imagen contrasta con la de un l\u00edder que prometi\u00f3 orden y libertad, pero que ha sido acusado de reprimir a quienes se oponen a sus pol\u00edticas.<\/p>\n\n\n\n<p><a href=\"https:\/\/www.enorsai.com\/noticias\/politica\/caputo-designo-a-su-primo-y-socio-de-sus-hermanos-como-consejero-en-yacyreta\/\">Caputo design\u00f3 a su primo y socio de sus hermanos como Consejero en Yacyret\u00e1<\/a><\/p>\n\n\n\n<p>El soci\u00f3logo tambi\u00e9n se refiri\u00f3 a la pobreza, un tema que parece no movilizar a la sociedad de la misma manera que las pol\u00edticas sociales o ambientales. \u00abCuando se marcha por los jubilados, no hay casi nadie de los gremios o de otros colectivos\u00bb, se\u00f1al\u00f3. Bacman atribuy\u00f3 esto a la percepci\u00f3n de que el gobierno ha logrado \u00abordenar la calle\u00bb, algo que muchos ciudadanos aprueban, incluso si implica restringir derechos. \u00abHay quienes dicen: &#8216;Si se quieren manifestar, que vayan a la vereda'\u00bb, coment\u00f3, reflejando una sociedad dividida entre quienes defienden la protesta y quienes priorizan el orden.<\/p>\n\n\n\n<p>En definitiva, Bacman plante\u00f3 que el gobierno de Milei se enfrenta a un desaf\u00edo complejo: mantener el apoyo de su base mientras intenta cooptar a otros sectores. \u00abEl 40% que lo apoya lo seguir\u00e1 haciendo por la econom\u00eda y las expectativas de mejora\u00bb, afirm\u00f3. Pero el soci\u00f3logo advirti\u00f3 que las tensiones sociales y pol\u00edticas podr\u00edan intensificarse si el gobierno no logra conciliar sus pol\u00edticas con las demandas de una sociedad cada vez m\u00e1s polarizada.<\/p>\n\n\n\n<hr class=\"wp-block-separator has-alpha-channel-opacity\"\/>\n\n\n\n<hr class=\"wp-block-separator has-alpha-channel-opacity\"\/>\n","protected":false},"excerpt":{"rendered":"<p>El soci\u00f3logo Roberto Bacman analiza el impacto de las declaraciones de Milei en el Foro Econ\u00f3mico Mundial y su resonancia en un pa\u00eds dividido entre esperanza y rechazo. En una entrevista exclusiva con&nbsp;Splendid 990 &#8211; Hermosa Ma\u00f1ana, el soci\u00f3logo Roberto Bacman desmenuza las implicancias pol\u00edticas y sociales del discurso de Javier Milei en Davos. Con&#8230;<\/p>\n","protected":false},"author":4,"featured_media":616,"comment_status":"open","ping_status":"open","sticky":false,"template":"","format":"standard","meta":{"_monsterinsights_skip_tracking":false,"_monsterinsights_sitenote_active":false,"_monsterinsights_sitenote_note":"","_monsterinsights_sitenote_category":0,"footnotes":"","jetpack_publicize_message":"","jetpack_publicize_feature_enabled":true,"jetpack_social_post_already_shared":true,"jetpack_social_options":{"image_generator_settings":{"template":"highway","default_image_id":0,"font":"","enabled":false},"version":2}},"categories":[17],"tags":[179,194,199,106,197,200,105,196,198,195],"class_list":["post-615","post","type-post","status-publish","format-standard","has-post-thumbnail","hentry","category-opinion","tag-crisis-economica","tag-davos-2025","tag-derecha-global","tag-javier-milei","tag-libertad-avanza","tag-movilizaciones-sociales","tag-pobreza-en-argentina","tag-politica-argentina","tag-protestas-sociales","tag-roberto-bacman"],"jetpack_publicize_connections":[],"_links":{"self":[{"href":"https:\/\/www.enorsai.com\/noticias\/wp-json\/wp\/v2\/posts\/615","targetHints":{"allow":["GET"]}}],"collection":[{"href":"https:\/\/www.enorsai.com\/noticias\/wp-json\/wp\/v2\/posts"}],"about":[{"href":"https:\/\/www.enorsai.com\/noticias\/wp-json\/wp\/v2\/types\/post"}],"author":[{"embeddable":true,"href":"https:\/\/www.enorsai.com\/noticias\/wp-json\/wp\/v2\/users\/4"}],"replies":[{"embeddable":true,"href":"https:\/\/www.enorsai.com\/noticias\/wp-json\/wp\/v2\/comments?post=615"}],"version-history":[{"count":1,"href":"https:\/\/www.enorsai.com\/noticias\/wp-json\/wp\/v2\/posts\/615\/revisions"}],"predecessor-version":[{"id":617,"href":"https:\/\/www.enorsai.com\/noticias\/wp-json\/wp\/v2\/posts\/615\/revisions\/617"}],"wp:featuredmedia":[{"embeddable":true,"href":"https:\/\/www.enorsai.com\/noticias\/wp-json\/wp\/v2\/media\/616"}],"wp:attachment":[{"href":"https:\/\/www.enorsai.com\/noticias\/wp-json\/wp\/v2\/media?parent=615"}],"wp:term":[{"taxonomy":"category","embeddable":true,"href":"https:\/\/www.enorsai.com\/noticias\/wp-json\/wp\/v2\/categories?post=615"},{"taxonomy":"post_tag","embeddable":true,"href":"https:\/\/www.enorsai.com\/noticias\/wp-json\/wp\/v2\/tags?post=615"}],"curies":[{"name":"wp","href":"https:\/\/api.w.org\/{rel}","templated":true}]}}