{"id":6146,"date":"2025-07-10T20:56:44","date_gmt":"2025-07-10T23:56:44","guid":{"rendered":"https:\/\/www.enorsai.com\/noticias\/politica\/jubilaciones-el-senado-aprobo-un-aumento-y-la-moratoria-previsional-con-amplia-mayoria\/"},"modified":"2025-07-11T05:39:52","modified_gmt":"2025-07-11T08:39:52","slug":"jubilaciones-el-senado-aprobo-un-aumento-y-la-moratoria-previsional-con-amplia-mayoria","status":"publish","type":"post","link":"https:\/\/www.enorsai.com\/noticias\/politica\/jubilaciones-el-senado-aprobo-un-aumento-y-la-moratoria-previsional-con-amplia-mayoria\/","title":{"rendered":"Jubilaciones: El Senado aprob\u00f3 un aumento y la moratoria previsional con amplia mayor\u00eda"},"content":{"rendered":"\n<p>La C\u00e1mara Alta sancion\u00f3 la ley que sube haberes y devuelve la moratoria previsional. El Gobierno anticipa veto y advierte impacto fiscal.<br><br>En una sesi\u00f3n cargada de tensi\u00f3n pol\u00edtica, el Senado convirti\u00f3 en ley el proyecto que fija un nuevo piso para las jubilaciones, garantiza aumentos atados a la inflaci\u00f3n y restituye la moratoria previsional derogada por el Gobierno. Mientras la oposici\u00f3n celebra un alivio para millones de adultos mayores, el oficialismo amenaza con frenar la norma por su supuesto costo fiscal.<br><br>El Senado de la Naci\u00f3n aprob\u00f3 este jueves, con 41 votos afirmativos y 25 en contra, el proyecto de ley que establece un aumento para jubilados y pensionados, adem\u00e1s de restituir la moratoria previsional que hab\u00eda sido eliminada por el Gobierno de Javier Milei. La iniciativa hab\u00eda recibido media sanci\u00f3n en Diputados en junio y ahora qued\u00f3 lista para su promulgaci\u00f3n, aunque el Poder Ejecutivo anticip\u00f3 que podr\u00eda vetarla por su impacto sobre las cuentas p\u00fablicas.<br><br>\u00bfQu\u00e9 establece la ley?<br><br>La norma dispone que ninguna jubilaci\u00f3n podr\u00e1 quedar por debajo del 1,09 del valor de la canasta b\u00e1sica total para adultos mayores, calculada por el INDEC. Seg\u00fan los \u00faltimos datos, esto implicar\u00eda un haber m\u00ednimo de alrededor de $285.000 mensuales, frente a los $206.931 que actualmente perciben los beneficiarios del haber m\u00ednimo en junio, tras el \u00faltimo aumento oficial.<br><br>Adem\u00e1s, la ley fija aumentos mensuales atados al \u00edndice de inflaci\u00f3n (IPC), buscando evitar el deterioro del poder adquisitivo de los jubilados en un contexto de alta suba de precios. En junio, la inflaci\u00f3n interanual roz\u00f3 el 276,4%.<br><br>Otro punto clave es la restituci\u00f3n de la moratoria previsional, mecanismo que permite a quienes no alcanzan los 30 a\u00f1os de aportes regularizar su situaci\u00f3n para acceder a una jubilaci\u00f3n. El oficialismo hab\u00eda derogado este r\u00e9gimen en el mega DNU y la Ley Bases, lo que hab\u00eda dejado en el limbo a casi 800.000 personas, en su mayor\u00eda mujeres, que no pod\u00edan jubilarse pese a haber cumplido la edad requerida.<br><br>Tensiones pol\u00edticas<br><br>Desde el Gobierno, el ministro de Econom\u00eda, Luis Caputo, y el propio presidente Javier Milei advirtieron que la ley sancionada es \u201cfiscalmente irresponsable\u201d y genera un costo adicional para el Estado estimado en casi 0,4% del PBI anual, algo que consideran incompatible con la meta de d\u00e9ficit cero. No obstante, la oposici\u00f3n defendi\u00f3 la iniciativa se\u00f1alando que \u201cno se puede ajustar sobre los m\u00e1s vulnerables\u201d y acus\u00f3 al oficialismo de intentar ahorrar recursos a costa de los jubilados.<br><br>En el recinto, el debate estuvo marcado por chicanas cruzadas y duros discursos. El bloque de Uni\u00f3n por la Patria fue clave para la sanci\u00f3n, sumando votos de senadores de partidos provinciales y de la UCR, que tambi\u00e9n se dividi\u00f3 en su postura.<br><br>\u00bfVeto en puerta?<br><br>Tras la aprobaci\u00f3n, las miradas se posan ahora en la Casa Rosada. Milei ya dej\u00f3 entrever que vetar\u00e1 la ley, algo que anticip\u00f3 d\u00edas atr\u00e1s en redes sociales. Sin embargo, la amplia mayor\u00eda obtenida en el Senado y la presi\u00f3n social podr\u00edan complicarle el costo pol\u00edtico de bloquear una medida que beneficia a jubilados y futuros pensionados.<br><br>Mientras tanto, organizaciones de jubilados y sindicatos celebraron la sanci\u00f3n como un paso para \u201crecuperar dignidad y derechos\u201d, aunque advierten que la pulseada no termin\u00f3: si hay veto, volver\u00e1 el debate al Congreso para intentar insistir con la ley.<br><br>En el medio, millones de jubilados siguen siendo la variable de ajuste en la disputa entre ajuste fiscal y protecci\u00f3n social.<br><br>Fuentes:<\/p>\n\n\n\n<ul class=\"wp-block-list\">\n<li>https:\/\/www.cronista.com\/economia-politica\/ya-es-ley-cuanto-cobraran-los-jubilados-con-el-aumento-aprobado-por-el-senado\/<\/li>\n\n\n\n<li>https:\/\/www.perfil.com\/noticias\/amp\/politica\/el-senado-aprobo-el-aumento-de-las-jubilaciones-y-la-restitucion-de-la-moratoria-previsional.phtml<\/li>\n\n\n\n<li>https:\/\/www.infobae.com\/politica\/2025\/07\/10\/senado-en-vivo-las-ultimas-noticias-sobre-el-debate-por-jubilaciones-moratoria-y-emergencia-en-discapacidad\/<\/li>\n<\/ul>\n","protected":false},"excerpt":{"rendered":"<p>La C\u00e1mara Alta sancion\u00f3 la ley que sube haberes y devuelve la moratoria previsional. El Gobierno anticipa veto y advierte impacto fiscal. En una sesi\u00f3n cargada de tensi\u00f3n pol\u00edtica, el Senado convirti\u00f3 en ley el proyecto que fija un nuevo piso para las jubilaciones, garantiza aumentos atados a la inflaci\u00f3n y restituye la moratoria previsional&#8230;<\/p>\n","protected":false},"author":1,"featured_media":6145,"comment_status":"open","ping_status":"open","sticky":false,"template":"","format":"standard","meta":{"_monsterinsights_skip_tracking":false,"_monsterinsights_sitenote_active":false,"_monsterinsights_sitenote_note":"","_monsterinsights_sitenote_category":0,"footnotes":"","jetpack_publicize_message":"","jetpack_publicize_feature_enabled":true,"jetpack_social_post_already_shared":true,"jetpack_social_options":{"image_generator_settings":{"template":"highway","default_image_id":0,"font":"","enabled":false},"version":2}},"categories":[2],"tags":[93,1960,1186,297,1973,45,1974,1350,1958,1972],"class_list":["post-6146","post","type-post","status-publish","format-standard","has-post-thumbnail","hentry","category-politica","tag-argentina","tag-drones","tag-geopolitica","tag-guerra","tag-mercenario","tag-milei","tag-otan","tag-propaganda","tag-ucrania","tag-vilte"],"jetpack_publicize_connections":[],"_links":{"self":[{"href":"https:\/\/www.enorsai.com\/noticias\/wp-json\/wp\/v2\/posts\/6146","targetHints":{"allow":["GET"]}}],"collection":[{"href":"https:\/\/www.enorsai.com\/noticias\/wp-json\/wp\/v2\/posts"}],"about":[{"href":"https:\/\/www.enorsai.com\/noticias\/wp-json\/wp\/v2\/types\/post"}],"author":[{"embeddable":true,"href":"https:\/\/www.enorsai.com\/noticias\/wp-json\/wp\/v2\/users\/1"}],"replies":[{"embeddable":true,"href":"https:\/\/www.enorsai.com\/noticias\/wp-json\/wp\/v2\/comments?post=6146"}],"version-history":[{"count":1,"href":"https:\/\/www.enorsai.com\/noticias\/wp-json\/wp\/v2\/posts\/6146\/revisions"}],"predecessor-version":[{"id":6165,"href":"https:\/\/www.enorsai.com\/noticias\/wp-json\/wp\/v2\/posts\/6146\/revisions\/6165"}],"wp:featuredmedia":[{"embeddable":true,"href":"https:\/\/www.enorsai.com\/noticias\/wp-json\/wp\/v2\/media\/6145"}],"wp:attachment":[{"href":"https:\/\/www.enorsai.com\/noticias\/wp-json\/wp\/v2\/media?parent=6146"}],"wp:term":[{"taxonomy":"category","embeddable":true,"href":"https:\/\/www.enorsai.com\/noticias\/wp-json\/wp\/v2\/categories?post=6146"},{"taxonomy":"post_tag","embeddable":true,"href":"https:\/\/www.enorsai.com\/noticias\/wp-json\/wp\/v2\/tags?post=6146"}],"curies":[{"name":"wp","href":"https:\/\/api.w.org\/{rel}","templated":true}]}}