{"id":6135,"date":"2025-07-10T13:01:18","date_gmt":"2025-07-10T16:01:18","guid":{"rendered":"http:\/\/www.enorsai.com\/noticias\/?p=6135"},"modified":"2025-07-10T14:29:15","modified_gmt":"2025-07-10T17:29:15","slug":"no-murio-un-soldado-argentino-murio-un-mercenario-argentino-en-ucrania","status":"publish","type":"post","link":"https:\/\/www.enorsai.com\/noticias\/mundo\/no-murio-un-soldado-argentino-murio-un-mercenario-argentino-en-ucrania\/","title":{"rendered":"No muri\u00f3 un soldado argentino: muri\u00f3 un mercenario argentino en Ucrania"},"content":{"rendered":"\n<p>No es lo mismo caer con la bandera propia que morir bajo el fuego enemigo combatiendo por una causa ajena. Y, sin embargo, la l\u00ednea entre h\u00e9roe y mercenario suele borrarse en el relato oficial. Por eso es preciso decirlo con todas las letras: Emmanuel \u201cCoca\u201d Vilte no era un soldado argentino. Era un mercenario argentino, enrolado en el ej\u00e9rcito ucraniano, que perdi\u00f3 la vida en medio de una guerra que no es la nuestra. Muri\u00f3 en Pokrovsk, alcanzado por un dron Shahed ruso. Su historia, aunque envuelta en dramatismo humano, no es la de un patriota defendiendo su tierra. Es la historia de un hombre que eligi\u00f3 vender su fuerza y su vida a una causa que, por mucho que hoy se quiera romantizar, responde tambi\u00e9n a intereses geopol\u00edticos ajenos.<\/p>\n\n\n\n<p>Vilte ten\u00eda 39 a\u00f1os y, seg\u00fan se reconstruye, se uni\u00f3 a la resistencia ucraniana en junio de 2022, junto a otros dos argentinos conocidos como \u201cel Pirata\u201d y \u201cel Pela\u201d. Los tres participaron de la c\u00e9lebre contraofensiva de Kiev que ese mismo a\u00f1o logr\u00f3 recuperar zonas clave del este ucraniano. Las cr\u00f3nicas de guerra suelen vendernos im\u00e1genes de soldados heroicos en trincheras, pero la verdad se cuela en las palabras de Vilte, cuando en una entrevista confes\u00f3 el miedo imposible de ahuyentar: \u201cEstando ac\u00e1 mismo ten\u00e9s miedo porque no sab\u00e9s si te puede caer una bomba o algo, el miedo no se puede controlar\u201d. Palabras brutales que desnudan la realidad de los que combaten en guerras que no les pertenecen.<\/p>\n\n\n\n<p>Debemos recordar, porque parece que los medios hegem\u00f3nicos de comunicaci\u00f3n no lo saben o por alguna extra\u00f1a raz\u00f3n ignoran, el soldado argentino es aquel que derrama su sangre defendiendo su territorio. Los heroicos soldados de la independencia o los amados h\u00e9roes de Malvinas son nuestros ejemplos. Los bien llamados soldados de la patria.<\/p>\n\n\n\n<p>Ahora bien, Vilte, entre 2022 y 2024, transcurri\u00f3 su vida casi por completo en el frente europeo. En ese lapso, se cas\u00f3 con una mujer ucraniana, tuvo una hija y carg\u00f3 sobre sus hombros hospitalizaciones, operaciones y heridas de guerra. Fue, seg\u00fan sus compa\u00f1eros, pieza clave en la formaci\u00f3n y manejo de drones FPV y kamikaze, herramientas fundamentales para la defensa ucraniana. Pero la frialdad de los datos no debe tapar la pregunta inc\u00f3moda: \u00bfqu\u00e9 hace un argentino jug\u00e1ndose la vida a miles de kil\u00f3metros de su patria, bajo bandera extranjera, en un conflicto armado entre potencias?<\/p>\n\n\n\n<p>Aqu\u00ed es donde el Gobierno argentino deber\u00eda decir algo, aunque sea inc\u00f3modo, aunque incomode incluso a su propia narrativa de alineamiento geopol\u00edtico. Porque no es casual que, bajo el gobierno de Javier Milei, la Argentina se muestre cada vez m\u00e1s integrada a la agenda militar y diplom\u00e1tica de los Estados Unidos y sus aliados, particularmente en el tablero europeo. En ese marco, la figura de argentinos enrolados en el ej\u00e9rcito ucraniano aparece convenientemente transformada en la de \u201csoldados de la libertad\u201d. Una \u00e9pica que enmudece las zonas grises de estos combatientes, y que pretende hacernos creer que defienden nuestros valores. Pero la verdad es mucho m\u00e1s cruda: luchan en un ej\u00e9rcito extranjero y, por definici\u00f3n, eso es ser mercenario. Aunque duela, aunque quede feo decirlo en un comunicado de prensa.<\/p>\n\n\n\n<p>Que nadie se confunda: Vilte, como tantos otros, tuvo seguramente motivaciones personales para elegir la guerra. Quiz\u00e1s busc\u00f3 sentido, adrenalina, redenci\u00f3n, dinero o, simplemente, escapar de una realidad que lo asfixiaba. Y, en el camino, encontr\u00f3 familia, heridas, camarader\u00eda y finalmente la muerte. Es humano sentir pena por su destino. Es imposible no estremecerse ante la imagen de un dron ruso encontrando su posici\u00f3n y destruy\u00e9ndolo, dejando hu\u00e9rfana a una ni\u00f1a que apenas empieza a comprender el mundo. Pero no es menos cierto que Vilte empu\u00f1aba armas por un gobierno extranjero y que muri\u00f3 cumpliendo \u00f3rdenes militares de un pa\u00eds que no es el suyo.<\/p>\n\n\n\n<p>El relato oficial \u2013y tambi\u00e9n gran parte de los grandes medios\u2013 prefiere contar estas historias bajo el manto heroico. Se habla de sacrificio, de valent\u00eda, de lucha por la libertad. Es una narrativa eficaz para la propaganda de guerra, pero peligrosa para la verdad. Porque naturaliza que j\u00f3venes argentinos puedan morir en conflictos ajenos, como si fuera una obligaci\u00f3n moral. Porque deja la puerta abierta para que nuestro pa\u00eds termine, cada vez m\u00e1s, atado a intereses que no son los propios.<\/p>\n\n\n\n<p>Javier Milei, tan entusiasmado en encuadrarse bajo el ala de la OTAN, deber\u00eda responder si la Argentina avala o no la participaci\u00f3n de sus ciudadanos en guerras extranjeras. \u00bfEstamos dispuestos a que nuestros compatriotas mueran en Ucrania? \u00bfVamos a aplaudirlos como h\u00e9roes mientras empu\u00f1an fusiles pagados por gobiernos que nada tienen que ver con nuestra soberan\u00eda? O, peor a\u00fan, \u00bfvamos a transformarlos en fichas \u00fatiles de una narrativa occidental que nos usa como piezas descartables en el gran ajedrez global?<\/p>\n\n\n\n<p>No se trata de negar el drama humano de Vilte. Su historia, por momentos, parece el guion de una pel\u00edcula b\u00e9lica contempor\u00e1nea: un hombre del Cono Sur que, en medio de la guerra m\u00e1s cruda que vive Europa en d\u00e9cadas, se convierte en operador de drones kamikaze, se casa, tiene una hija y finalmente cae bajo un ataque a\u00e9reo de precisi\u00f3n. Pero no debemos permitir que el drama humano tape la realidad pol\u00edtica. Emmanuel Vilte no muri\u00f3 por la patria argentina. No muri\u00f3 defendiendo a los suyos. Muri\u00f3 en uniforme extranjero, por una causa extranjera, en una guerra que no nos pertenece.<\/p>\n\n\n\n<p>Y es ah\u00ed donde se enciende la alarma. Porque lo que est\u00e1 en juego no es solo la vida de un mercenario argentino, sino el lugar que el gobierno de Javier Milei est\u00e1 eligiendo para la Argentina en el concierto internacional. Hoy es Ucrania, ma\u00f1ana podr\u00eda ser cualquier otro frente de batalla. Y cada vez que un compatriota cae bajo una bomba rusa, china o iran\u00ed, debemos preguntarnos: \u00bfestamos seguros de que ese es el camino que queremos recorrer?<\/p>\n\n\n\n<p>Vilte, el \u201cCoca\u201d, descansa ahora bajo tierra extranjera. Su hija crecer\u00e1 en un pa\u00eds devastado, sin padre y con una historia que, para muchos, ser\u00e1 contada en clave de hero\u00edsmo. Pero la verdad, la inc\u00f3moda verdad, es que no fue un soldado argentino. Fue un mercenario argentino, que eligi\u00f3 una guerra que no era la suya y muri\u00f3 por ella. Y, mientras tanto, el Gobierno de Javier Milei sigue aplaudiendo desde lejos, alimentando la fantas\u00eda de que morir por Ucrania es tambi\u00e9n morir por la libertad. Una idea tan peligrosa como falsa.<\/p>\n\n\n\n<p>Fuente:<\/p>\n\n\n\n<ul class=\"wp-block-list\">\n<li><a href=\"https:\/\/www.rosario3.com\/informaciongeneral\/Un-soldado-argentino-murio-tras-ser-alcanzado-por-un-drone-ruso-en-el-frente-ucraniano-20250709-0010.html\">https:\/\/www.rosario3.com\/informaciongeneral\/Un-soldado-argentino-murio-tras-ser-alcanzado-por-un-drone-ruso-en-el-frente-ucraniano-20250709-0010.html<\/a><\/li>\n<\/ul>\n","protected":false},"excerpt":{"rendered":"<p>No es lo mismo caer con la bandera propia que morir bajo el fuego enemigo combatiendo por una causa ajena. Y, sin embargo, la l\u00ednea entre h\u00e9roe y mercenario suele borrarse en el relato oficial. Por eso es preciso decirlo con todas las letras: Emmanuel \u201cCoca\u201d Vilte no era un soldado argentino. Era un mercenario&#8230;<\/p>\n","protected":false},"author":9,"featured_media":6136,"comment_status":"open","ping_status":"open","sticky":false,"template":"","format":"standard","meta":{"_monsterinsights_skip_tracking":false,"_monsterinsights_sitenote_active":false,"_monsterinsights_sitenote_note":"","_monsterinsights_sitenote_category":0,"footnotes":"","jetpack_publicize_message":"","jetpack_publicize_feature_enabled":true,"jetpack_social_post_already_shared":true,"jetpack_social_options":{"image_generator_settings":{"template":"highway","default_image_id":0,"font":"","enabled":false},"version":2}},"categories":[7],"tags":[93,772,1960,1441,297,1959,45,72,1957,1958],"class_list":["post-6135","post","type-post","status-publish","format-standard","has-post-thumbnail","hentry","category-mundo","tag-argentina","tag-conflicto","tag-drones","tag-ejercito","tag-guerra","tag-mercenarios","tag-milei","tag-politica","tag-rusia","tag-ucrania"],"jetpack_publicize_connections":[],"_links":{"self":[{"href":"https:\/\/www.enorsai.com\/noticias\/wp-json\/wp\/v2\/posts\/6135","targetHints":{"allow":["GET"]}}],"collection":[{"href":"https:\/\/www.enorsai.com\/noticias\/wp-json\/wp\/v2\/posts"}],"about":[{"href":"https:\/\/www.enorsai.com\/noticias\/wp-json\/wp\/v2\/types\/post"}],"author":[{"embeddable":true,"href":"https:\/\/www.enorsai.com\/noticias\/wp-json\/wp\/v2\/users\/9"}],"replies":[{"embeddable":true,"href":"https:\/\/www.enorsai.com\/noticias\/wp-json\/wp\/v2\/comments?post=6135"}],"version-history":[{"count":2,"href":"https:\/\/www.enorsai.com\/noticias\/wp-json\/wp\/v2\/posts\/6135\/revisions"}],"predecessor-version":[{"id":6142,"href":"https:\/\/www.enorsai.com\/noticias\/wp-json\/wp\/v2\/posts\/6135\/revisions\/6142"}],"wp:featuredmedia":[{"embeddable":true,"href":"https:\/\/www.enorsai.com\/noticias\/wp-json\/wp\/v2\/media\/6136"}],"wp:attachment":[{"href":"https:\/\/www.enorsai.com\/noticias\/wp-json\/wp\/v2\/media?parent=6135"}],"wp:term":[{"taxonomy":"category","embeddable":true,"href":"https:\/\/www.enorsai.com\/noticias\/wp-json\/wp\/v2\/categories?post=6135"},{"taxonomy":"post_tag","embeddable":true,"href":"https:\/\/www.enorsai.com\/noticias\/wp-json\/wp\/v2\/tags?post=6135"}],"curies":[{"name":"wp","href":"https:\/\/api.w.org\/{rel}","templated":true}]}}