{"id":6132,"date":"2025-07-10T09:01:25","date_gmt":"2025-07-10T12:01:25","guid":{"rendered":"https:\/\/www.enorsai.com\/noticias\/?p=6132"},"modified":"2025-07-11T05:40:44","modified_gmt":"2025-07-11T08:40:44","slug":"crisis-fantino-rompio-el-off-caputo-salio-a-llorar-fake-y-la-embarro-toda","status":"publish","type":"post","link":"https:\/\/www.enorsai.com\/noticias\/economia\/crisis-fantino-rompio-el-off-caputo-salio-a-llorar-fake-y-la-embarro-toda\/","title":{"rendered":"Crisis: Fantino rompi\u00f3 el off, Caputo sali\u00f3 a llorar fake y la embarr\u00f3 toda"},"content":{"rendered":"\n<p>El ministro de Econom\u00eda neg\u00f3 haber anticipado una crisis econ\u00f3mica y asegur\u00f3 que el video viral fue editado o generado con inteligencia artificial. Fantino y Milei salieron a respaldarlo.<\/p>\n\n\n\n<p>El ministro de Econom\u00eda, Luis \u00abToto\u00bb Caputo, sali\u00f3 este mi\u00e9rcoles a desmentir en\u00e9rgicamente un video viral que lo involucra en una supuesta conversaci\u00f3n en off con el periodista Alejandro Fantino, donde, seg\u00fan se sugiere, habr\u00eda anticipado un inminente colapso econ\u00f3mico en el pa\u00eds. Seg\u00fan el fragmento que circul\u00f3 en redes sociales, el ministro le habr\u00eda dicho al conductor que se avecina una crisis con suba del d\u00f3lar, aumento del riesgo pa\u00eds y necesidad de intervenci\u00f3n del Banco Central.<\/p>\n\n\n\n<p>Caputo respondi\u00f3 a trav\u00e9s de su cuenta de X: \u201cSupongo que esto ser\u00e1 IA o armado de alguna manera. Nada que sorprenda a esta altura\u2026 Va la aclaraci\u00f3n: me llam\u00f3 Alejandro para que le explicara el tema de la cuenta corriente, c\u00f3mo impacta el turismo, y ya\u201d. Y agreg\u00f3: \u201cLo que le dije es lo contrario a lo que dice este clip. Lo mismo que dijo el presidente hoy con Majul. La macro est\u00e1 ordenada, y por m\u00e1s que la pol\u00edtica trate de generar l\u00edo, no va a ser un problema\u201d. Para reforzar su versi\u00f3n, adjunt\u00f3 el video en cuesti\u00f3n y concluy\u00f3 con un ir\u00f3nico: \u201c\u00a1No tengo duda de que esto es fake, pero lo aclaro por las dudas! Feliz D\u00eda de la Patria\u201d.<\/p>\n\n\n\n<p>En el video viral&nbsp; (que Caputo califica como editado y falso) se escucha a Fantino diciendo: \u201cLes voy a contar mi off con Toto Caputo. Voy a romper el off. Hay tres reactores de la nave espacial. Uno se llama d\u00e9ficit de cuenta corriente, otro tipo de cambio, y el otro puede ser d\u00e9ficit o super\u00e1vit fiscal (\u2026)\u201d. Luego a\u00f1ade con dramatismo: \u201cGuarda que se va a mover la nave. Se van a sentir los misiles. Si sos clase media y ten\u00edas un viaje a Buzios para fin de a\u00f1o, olv\u00eddate. El d\u00f3lar se va arriba de la banda, va a salir plata del Central, el riesgo pa\u00eds se va a 1.100 o 1.200 puntos\u201d.<\/p>\n\n\n\n<figure class=\"wp-block-embed is-type-rich is-provider-twitter wp-block-embed-twitter\"><div class=\"wp-block-embed__wrapper\">\n<blockquote class=\"twitter-tweet\" data-width=\"550\" data-dnt=\"true\"><p lang=\"es\" dir=\"ltr\">El video sin cortes de Fantino es m\u00e1s lapidario que el editado. Eso si, a los que recordamos el desastre que dej\u00f3 Caputo en 2018 no nos sorprende para nada. Ag\u00e1rrense fuerte porque se viene una cat\u00e1strofe. <a href=\"https:\/\/t.co\/bJoXkxFcZW\">pic.twitter.com\/bJoXkxFcZW<\/a><\/p>&mdash; Todo Negativo (@TodoNegativo) <a href=\"https:\/\/twitter.com\/TodoNegativo\/status\/1943102949070102544?ref_src=twsrc%5Etfw\">July 10, 2025<\/a><\/blockquote><script async src=\"https:\/\/platform.twitter.com\/widgets.js\" charset=\"utf-8\"><\/script>\n<\/div><\/figure>\n\n\n\n<p>Tanto Fantino como el presidente Javier Milei reforzaron la desmentida. El conductor subi\u00f3 el video completo de su editorial en FM Neura 89.7 \u2014m\u00e1s de ocho minutos, frente a los dos minutos del presunto montaje\u2014 y aclar\u00f3 que su an\u00e1lisis fue hipot\u00e9tico, no producto de una charla privada con Caputo. En ese fragmento completo, Fantino plantea un escenario de stress macroecon\u00f3mico como un ejercicio ret\u00f3rico, pero luego deja claro que se trata de una posibilidad, no de informaci\u00f3n confidencial.<\/p>\n\n\n\n<p>Milei tambi\u00e9n intervino en redes sociales, compartiendo el video completo y disparando contra el periodismo que difundi\u00f3 la versi\u00f3n recortada: \u201cLe han tomado el gusto desde mi discurso en Davos al \u2018cat and paste\u2019. A seguir peleando duro contra estas basuras que se dicen periodistas\u201d.<\/p>\n\n\n\n<p>Por \u00faltimo, Caputo volvi\u00f3 a referirse al tema durante una entrevista en LN+ con Luis Majul: \u201cAclaro que no hago offs. Habr\u00e9 hecho tres en toda mi carrera. Alejandro me llam\u00f3 para preguntarme sobre la cuenta corriente, hablamos 20 minutos por tel\u00e9fono, y lo que le dije fue casi exactamente lo mismo que expres\u00f3 el presidente\u201d. De esta manera, el ministro busc\u00f3 cerrar la pol\u00e9mica, atribuyendo el esc\u00e1ndalo a un nuevo intento de desestabilizaci\u00f3n medi\u00e1tica.<\/p>\n\n\n\n<p>El problema no fue el video editado: el original que subi\u00f3 Fantino era todav\u00eda m\u00e1s dram\u00e1tico y contundente. Hablaba de misiles, riesgo pa\u00eds por las nubes y una nave a punto de explotar. Qued\u00f3 claro que el off de Caputo existi\u00f3, y fue para que Fantino opere: quer\u00eda que responsabilice a los gobernadores por un eventual caos econ\u00f3mico si no acompa\u00f1aban las leyes en el Senado. Pero Fantino no lo explic\u00f3 bien y todo se les fue de las manos. La manipulaci\u00f3n qued\u00f3 m\u00e1s expuesta que nunca.<\/p>\n\n\n\n<p>Por data Diario<\/p>\n","protected":false},"excerpt":{"rendered":"<p>El ministro de Econom\u00eda neg\u00f3 haber anticipado una crisis econ\u00f3mica y asegur\u00f3 que el video viral fue editado o generado con inteligencia artificial. Fantino y Milei salieron a respaldarlo. El ministro de Econom\u00eda, Luis \u00abToto\u00bb Caputo, sali\u00f3 este mi\u00e9rcoles a desmentir en\u00e9rgicamente un video viral que lo involucra en una supuesta conversaci\u00f3n en off con&#8230;<\/p>\n","protected":false},"author":5,"featured_media":6133,"comment_status":"open","ping_status":"open","sticky":false,"template":"","format":"standard","meta":{"_monsterinsights_skip_tracking":false,"_monsterinsights_sitenote_active":false,"_monsterinsights_sitenote_note":"","_monsterinsights_sitenote_category":0,"footnotes":"","jetpack_publicize_message":"","jetpack_publicize_feature_enabled":true,"jetpack_social_post_already_shared":true,"jetpack_social_options":{"image_generator_settings":{"template":"highway","default_image_id":0,"font":"","enabled":false},"version":2}},"categories":[3],"tags":[184,43,1977,282,15,1594,1975,45,925,1976],"class_list":["post-6132","post","type-post","status-publish","format-standard","has-post-thumbnail","hentry","category-economia","tag-caputo","tag-crisis","tag-desmentida","tag-dolar","tag-economia","tag-fake","tag-fantino","tag-milei","tag-redes","tag-video"],"jetpack_publicize_connections":[],"_links":{"self":[{"href":"https:\/\/www.enorsai.com\/noticias\/wp-json\/wp\/v2\/posts\/6132","targetHints":{"allow":["GET"]}}],"collection":[{"href":"https:\/\/www.enorsai.com\/noticias\/wp-json\/wp\/v2\/posts"}],"about":[{"href":"https:\/\/www.enorsai.com\/noticias\/wp-json\/wp\/v2\/types\/post"}],"author":[{"embeddable":true,"href":"https:\/\/www.enorsai.com\/noticias\/wp-json\/wp\/v2\/users\/5"}],"replies":[{"embeddable":true,"href":"https:\/\/www.enorsai.com\/noticias\/wp-json\/wp\/v2\/comments?post=6132"}],"version-history":[{"count":1,"href":"https:\/\/www.enorsai.com\/noticias\/wp-json\/wp\/v2\/posts\/6132\/revisions"}],"predecessor-version":[{"id":6134,"href":"https:\/\/www.enorsai.com\/noticias\/wp-json\/wp\/v2\/posts\/6132\/revisions\/6134"}],"wp:featuredmedia":[{"embeddable":true,"href":"https:\/\/www.enorsai.com\/noticias\/wp-json\/wp\/v2\/media\/6133"}],"wp:attachment":[{"href":"https:\/\/www.enorsai.com\/noticias\/wp-json\/wp\/v2\/media?parent=6132"}],"wp:term":[{"taxonomy":"category","embeddable":true,"href":"https:\/\/www.enorsai.com\/noticias\/wp-json\/wp\/v2\/categories?post=6132"},{"taxonomy":"post_tag","embeddable":true,"href":"https:\/\/www.enorsai.com\/noticias\/wp-json\/wp\/v2\/tags?post=6132"}],"curies":[{"name":"wp","href":"https:\/\/api.w.org\/{rel}","templated":true}]}}