{"id":6102,"date":"2025-07-09T23:33:10","date_gmt":"2025-07-10T02:33:10","guid":{"rendered":"https:\/\/www.enorsai.com\/noticias\/?p=6102"},"modified":"2025-07-09T23:33:10","modified_gmt":"2025-07-10T02:33:10","slug":"ypf-en-la-encrucijada-desguace-o-reactivacion-la-gestion-de-marin-bajo-la-lupa","status":"publish","type":"post","link":"https:\/\/www.enorsai.com\/noticias\/economia\/ypf-en-la-encrucijada-desguace-o-reactivacion-la-gestion-de-marin-bajo-la-lupa\/","title":{"rendered":"YPF en la Encrucijada: \u00bfDesguace o Reactivaci\u00f3n? La gesti\u00f3n de Mar\u00edn bajo la lupa"},"content":{"rendered":"\n<hr class=\"wp-block-separator has-alpha-channel-opacity\"\/>\n\n\n\n<h2 class=\"wp-block-heading\"><\/h2>\n\n\n\n<p>(<strong>Por Daniel Romero<\/strong>) La petrolera de bandera, YPF, atraviesa uno de sus momentos m\u00e1s delicados, no por decisiones geopol\u00edticas o vaivenes del precio internacional del crudo, sino por la gesti\u00f3n interna que se desarrolla bajo la presidencia de <strong>Horacio Mar\u00edn<\/strong> y el influjo del gobierno de Javier Milei. Lejos de la ret\u00f3rica de la \u00ablibertad\u00bb, la empresa parece estar navegando en una turbulencia generada por decisiones que, para muchos, huelen a un <strong>desguace planificado antes que a una reestructuraci\u00f3n inteligente.<\/strong><\/p>\n\n\n\n<p>La estrategia de <strong>desinversi\u00f3n en \u00e1reas convencionales<\/strong>, diseminadas por Mendoza, Neuqu\u00e9n, R\u00edo Negro, Santa Cruz y Tierra del Fuego, ha encendido las alarmas. Estas zonas, si bien no concentran el brillo medi\u00e1tico de Vaca Muerta, son el sost\u00e9n productivo de numerosas econom\u00edas regionales y aportan un caudal significativo de hidrocarburos. La pregunta que resuena, desde los pozos de extracci\u00f3n hasta los despachos en Puerto Madero, es: \u00bfSe est\u00e1n vendiendo estas \u00abjoyas de la abuela\u00bb a precios irrisorios? Las denuncias penales por <strong>\u00abadministraci\u00f3n fraudulenta\u00bb y \u00abnegociaciones incompatibles\u00bb<\/strong> presentadas contra Mar\u00edn y el influyente Santiago Caputo, no son meros escarceos pol\u00edticos; son el eco de una preocupaci\u00f3n profunda por el patrimonio nacional.<\/p>\n\n\n\n<h2 class=\"wp-block-heading\"><a href=\"https:\/\/www.enorsai.com.ar\/politica\/42544-opesa--el-lado-oscuro-de-la-red-ypf-acusaciones-de-monopolio--acoso-y-una-justicia-que-comienza-a-hablar.html\">OPESA: El Lado Oscuro de la Red YPF \u2013 Acusaciones de Monopolio, Acoso y una Justicia que Comienza a Hablar<\/a><\/h2>\n\n\n\n<p>La venta de la participaci\u00f3n en <strong>Metrogas<\/strong>, la distribuidora de gas m\u00e1s grande del pa\u00eds, a\u00f1ade otra capa de inquietud. \u00bfPor qu\u00e9 YPF, un actor clave en la cadena de valor energ\u00e9tica, se desprender\u00eda de una porci\u00f3n tan estrat\u00e9gica del negocio? La narrativa oficial habla de \u00abeficiencia\u00bb y de enfocarse en el <em>upstream<\/em>, pero la realidad para muchos es que se est\u00e1 perdiendo influencia y capacidad de regulaci\u00f3n en un sector vital para los argentinos.<\/p>\n\n\n\n<p>Desde la llegada de Horacio Mar\u00edn, los <strong>despidos masivos<\/strong> en la compa\u00f1\u00eda han sido una constante, generando no solo drama humano, sino tambi\u00e9n interrogantes sobre la capacidad operativa de YPF a futuro. \u00bfEs posible lograr \u00abmayor eficiencia\u00bb desmantelando equipos y conocimiento acumulado durante d\u00e9cadas? Los gremios y las bases petroleras ya no saben si enfrentar un plan de reestructuraci\u00f3n o un \u00abplan de achique\u00bb que, en el fondo, beneficia a intereses particulares por encima de la empresa.<\/p>\n\n\n\n<p>Para los directivos de YPF, y para sus clientes que d\u00eda a d\u00eda cargan combustible, la visi\u00f3n es clara: se est\u00e1 desdibujando la YPF que conocimos. Una empresa que deber\u00eda ser motor de desarrollo, garantizando la soberan\u00eda energ\u00e9tica y la previsi\u00f3n estrat\u00e9gica, parece estar en camino de ser una \u00abpyme\u00bb petrolera concentrada en unos pocos yacimientos, con la mirada puesta m\u00e1s en el \u00abbalance\u00bb inmediato que en el futuro de la matriz energ\u00e9tica nacional.<\/p>\n\n\n\n<p>La gesti\u00f3n de Horacio Mar\u00edn, y sus decisiones, no solo est\u00e1n siendo cuestionadas en las redacciones y en las calles, sino tambi\u00e9n en los <strong>Tribunales Federales de Comodoro Py<\/strong>, donde fiscales y jueces ya analizan si las maniobras de desinversi\u00f3n y la descapitalizaci\u00f3n de YPF encuadran en figuras delictivas. Este no es un mero ajuste; es una reconfiguraci\u00f3n de la empresa que, si no se explica con transparencia y no demuestra un beneficio claro para los argentinos, podr\u00eda sentar un precedente peligroso para el resto de las empresas p\u00fablicas. <\/p>\n\n\n\n<p><a href=\"https:\/\/www.enorsai.com.ar\/politica\/42543-ypf-en-llamas--despidos--desguace-y-negocios-oscuros-bajo-la-gestion-milei-marin.html\">YPF en llamas: despidos, desguace y negocios oscuros bajo la gesti\u00f3n Milei-Mar\u00edn<\/a><\/p>\n\n\n\n<p>La gran pregunta es: \u00bfYPF se est\u00e1 preparando para un futuro ambicioso y eficiente, o para un futuro donde su rol estrat\u00e9gico se vea reducido a la m\u00ednima expresi\u00f3n, beneficiando a pocos y dejando un agujero en el bolsillo de todos los argentinos? La respuesta, por ahora, parece inclinarse peligrosamente hacia lo segundo. <\/p>\n\n\n\n<h3 class=\"wp-block-heading\"><strong>YPF, ACA y OPESA: Un Entramado que no Escapar\u00e1 al Escrutinio<\/strong><\/h3>\n\n\n\n<p>Las denuncias sobre\u00a0<strong>competencia desleal<\/strong>, los graves fallos por\u00a0<strong>acoso laboral<\/strong>\u00a0y los reclamos por la calidad del servicio no son hechos aislados. Apuntan a un modelo de negocio que, a trav\u00e9s de OPESA, le permite a\u00a0<strong><a href=\"https:\/\/www.pagina12.com.ar\/179679-ypf-el-fraude-de-un-video-lleno-de-mentiras\">YPF S.A.<\/a><\/strong>\u00a0consolidar una porci\u00f3n significativa del mercado, afectando a la competencia y, en ocasiones, a sus propios trabajadores y consumidores. La relaci\u00f3n con el\u00a0<strong>Autom\u00f3vil Club Argentino (ACA)<\/strong>, que tambi\u00e9n opera estaciones YPF, complejiza a\u00fan m\u00e1s el panorama, obligando a una revisi\u00f3n integral de responsabilidades.<\/p>\n\n\n\n<p>Este es solo un adelanto. Desde nuestra redacci\u00f3n, podemos confirmar que estamos&nbsp;<strong>trabajando activamente en la investigaci\u00f3n de nuevos y complejos casos que involucran directamente a Operadora de Estaciones de Servicios S.A. y a las estructuras con las que opera.<\/strong>&nbsp;La informaci\u00f3n que hemos recabado hasta el momento sugiere que los temas abordados en esta nota son apenas la punta del iceberg.&nbsp;<strong>El silencio de la compa\u00f1\u00eda, de YPF S.A. y del Autom\u00f3vil Club Argentino no ser\u00e1 una opci\u00f3n.<\/strong>&nbsp;La verdad est\u00e1 en camino.<\/p>\n\n\n\n<p>Si sufriste algunos de estos abusos o similares podes enviarnos un mail a&nbsp;<a href=\"mailto:enorsaionline@gmail.com\"><strong>enorsaionline@gmail.com<\/strong><\/a>&nbsp;gracias por contar con nosotros.<\/p>\n","protected":false},"excerpt":{"rendered":"<p>(Por Daniel Romero) La petrolera de bandera, YPF, atraviesa uno de sus momentos m\u00e1s delicados, no por decisiones geopol\u00edticas o vaivenes del precio internacional del crudo, sino por la gesti\u00f3n interna que se desarrolla bajo la presidencia de Horacio Mar\u00edn y el influjo del gobierno de Javier Milei. Lejos de la ret\u00f3rica de la \u00ablibertad\u00bb,&#8230;<\/p>\n","protected":false},"author":4,"featured_media":6103,"comment_status":"open","ping_status":"open","sticky":false,"template":"","format":"standard","meta":{"_monsterinsights_skip_tracking":false,"_monsterinsights_sitenote_active":false,"_monsterinsights_sitenote_note":"","_monsterinsights_sitenote_category":0,"footnotes":"","jetpack_publicize_message":"YPF bajo la presidencia de Horacio Mar\u00edn y el influjo del gobierno de Javier Milei. Lejos de la ret\u00f3rica de la \"libertad\"","jetpack_publicize_feature_enabled":true,"jetpack_social_post_already_shared":false,"jetpack_social_options":{"image_generator_settings":{"template":"highway","default_image_id":0,"enabled":false},"version":2}},"categories":[3,4],"tags":[885,1951,813,1950,411],"class_list":["post-6102","post","type-post","status-publish","format-standard","has-post-thumbnail","hentry","category-economia","category-sociedad","tag-argentina-crisis-de-la-libertad-avanza","tag-desinversion","tag-energia","tag-horacio-marin","tag-ypf"],"jetpack_publicize_connections":[],"_links":{"self":[{"href":"https:\/\/www.enorsai.com\/noticias\/wp-json\/wp\/v2\/posts\/6102","targetHints":{"allow":["GET"]}}],"collection":[{"href":"https:\/\/www.enorsai.com\/noticias\/wp-json\/wp\/v2\/posts"}],"about":[{"href":"https:\/\/www.enorsai.com\/noticias\/wp-json\/wp\/v2\/types\/post"}],"author":[{"embeddable":true,"href":"https:\/\/www.enorsai.com\/noticias\/wp-json\/wp\/v2\/users\/4"}],"replies":[{"embeddable":true,"href":"https:\/\/www.enorsai.com\/noticias\/wp-json\/wp\/v2\/comments?post=6102"}],"version-history":[{"count":1,"href":"https:\/\/www.enorsai.com\/noticias\/wp-json\/wp\/v2\/posts\/6102\/revisions"}],"predecessor-version":[{"id":6104,"href":"https:\/\/www.enorsai.com\/noticias\/wp-json\/wp\/v2\/posts\/6102\/revisions\/6104"}],"wp:featuredmedia":[{"embeddable":true,"href":"https:\/\/www.enorsai.com\/noticias\/wp-json\/wp\/v2\/media\/6103"}],"wp:attachment":[{"href":"https:\/\/www.enorsai.com\/noticias\/wp-json\/wp\/v2\/media?parent=6102"}],"wp:term":[{"taxonomy":"category","embeddable":true,"href":"https:\/\/www.enorsai.com\/noticias\/wp-json\/wp\/v2\/categories?post=6102"},{"taxonomy":"post_tag","embeddable":true,"href":"https:\/\/www.enorsai.com\/noticias\/wp-json\/wp\/v2\/tags?post=6102"}],"curies":[{"name":"wp","href":"https:\/\/api.w.org\/{rel}","templated":true}]}}