{"id":6099,"date":"2025-07-09T22:05:35","date_gmt":"2025-07-10T01:05:35","guid":{"rendered":"https:\/\/www.enorsai.com\/noticias\/?p=6099"},"modified":"2025-07-09T22:05:35","modified_gmt":"2025-07-10T01:05:35","slug":"cristina-kirchner-saludo-a-una-multitud-en-su-casa-tras-el-acto-en-parque-lezama-vamos-a-volver-resono-en-san-jose","status":"publish","type":"post","link":"https:\/\/www.enorsai.com\/noticias\/sociedad\/cristina-kirchner-saludo-a-una-multitud-en-su-casa-tras-el-acto-en-parque-lezama-vamos-a-volver-resono-en-san-jose\/","title":{"rendered":"Cristina Kirchner salud\u00f3 a una multitud en su casa tras el acto en Parque Lezama: \u201cVamos a volver\u201d reson\u00f3 en San Jos\u00e9"},"content":{"rendered":"\n<p>La ex presidenta apareci\u00f3 dos veces en el balc\u00f3n de su domicilio para agradecer a militantes que se movilizaron desde Parque Lezama. Emoci\u00f3n, c\u00e1nticos y testimonios de apoyo marcaron una jornada atravesada por su discurso cr\u00edtico hacia la econom\u00eda de Javier Milei.<\/p>\n\n\n\n<p>A pesar de estar engripada, Cristina Fern\u00e1ndez de Kirchner sali\u00f3 este 9 de Julio a saludar a cientos de personas congregadas frente a su departamento en San Jos\u00e9 y Humberto Primo. Luego del acto en Parque Lezama, militantes y vecinos se acercaron a mostrarle respaldo. Entre banderas, c\u00e1nticos y declaraciones cargadas de emoci\u00f3n, la ex mandataria volvi\u00f3 a ser el centro de la escena pol\u00edtica. La situaci\u00f3n judicial que la rodea y la ausencia de incidentes policiales completaron un cuadro de alta tensi\u00f3n pol\u00edtica, pero de movilizaci\u00f3n pac\u00edfica.<\/p>\n\n\n\n<p>Cristina Fern\u00e1ndez de Kirchner volvi\u00f3 a estar en el centro de la escena pol\u00edtica este martes, cuando, a pesar de estar engripada, sali\u00f3 dos veces a saludar desde el balc\u00f3n de su domicilio en el barrio de Constituci\u00f3n. Frente a su departamento en San Jos\u00e9 1111, una multitud se congreg\u00f3 para expresarle apoyo luego del acto realizado horas antes en Parque Lezama.<\/p>\n\n\n\n<p>\u201cEsto vuelve a ser como hace algunas semanas atr\u00e1s, con la gran vigilia que se origin\u00f3 luego del fallo de la condena\u201d, describi\u00f3 Rafa Garc\u00eda, cronista presente en el lugar. La marea militante hab\u00eda partido de Parque Lezama tras escuchar el audio de la ex presidenta, quien, a pesar de su estado de salud, dej\u00f3 un mensaje cargado de definiciones sobre la deuda externa, la situaci\u00f3n econ\u00f3mica y cr\u00edticas directas al programa econ\u00f3mico del presidente Javier Milei.<\/p>\n\n\n\n<p>Mientras Cristina se asomaba al balc\u00f3n y saludaba con gestos amplios, los presentes entonaban c\u00e1nticos, especialmente el cl\u00e1sico \u201cVamos a volver\u201d, que retumb\u00f3 varias veces entre Humberto Primo y San Jos\u00e9. Rafa Garc\u00eda narr\u00f3 que la ex presidenta respondi\u00f3 en varias oportunidades a los gritos de la multitud, agradecida y visiblemente conmovida.<\/p>\n\n\n\n<p>La jornada, que en principio hab\u00eda comenzado con un grupo reducido, fue creciendo en volumen a medida que los militantes y vecinos llegaban desde el acto en Parque Lezama. All\u00ed, Cristina hab\u00eda reconocido estar engripada y con dificultades en la voz, algo que no le impidi\u00f3 dirigirse a su militancia con tono firme y preocupado por el rumbo del pa\u00eds.<\/p>\n\n\n\n<h3 class=\"wp-block-heading\">Testimonios cargados de emoci\u00f3n<\/h3>\n\n\n\n<p>Varios testimonios recogidos en la puerta de su domicilio reflejaron el clima de fervor y apoyo incondicional. \u201cMe parece muy injusto lo que est\u00e1n haciendo con ella y creo que tenemos que estar\u201d, sostuvo una militante que lleg\u00f3 desde Parque Lezama. Otra mujer describi\u00f3 el discurso de Cristina como \u201cmuy realista y lamentablemente cierto para todos los argentinos\u201d.<\/p>\n\n\n\n<p>Entre los presentes se destac\u00f3 la participaci\u00f3n de Mar\u00eda Castillo de Lima, soprano trans del Teatro Col\u00f3n, quien interpret\u00f3 fragmentos del Himno Nacional y \u201cNo llores por m\u00ed Argentina\u201d, dedicados especialmente a Cristina. \u201cFestejamos la libertad que nos dio Cristina a todas las personas trans para ir por el mundo con la frente en alto y orgullo\u201d, expres\u00f3 con emoci\u00f3n.<\/p>\n\n\n\n<p>Luz, otra militante trans, agradeci\u00f3 la Ley de Identidad de G\u00e9nero impulsada durante el kirchnerismo, pero advirti\u00f3 sobre el presente: \u201cHay muchas compa\u00f1eras que han sido echadas de sus trabajos en este gobierno. El odio ha crecido exponencialmente con nosotras. Por eso hacemos un llamado para que esto no siga pasando\u201d.<\/p>\n\n\n\n<figure class=\"wp-block-embed is-type-video is-provider-youtube wp-block-embed-youtube wp-embed-aspect-16-9 wp-has-aspect-ratio\"><div class=\"wp-block-embed__wrapper\">\n<iframe loading=\"lazy\" title=\"CRISTINA KIRCHNER volvi\u00f3 a SALUDAR a una MULTITUD que se congreg\u00f3 en su CASA\" width=\"640\" height=\"360\" src=\"https:\/\/www.youtube.com\/embed\/E-38XLkxu10?feature=oembed\" frameborder=\"0\" allow=\"accelerometer; autoplay; clipboard-write; encrypted-media; gyroscope; picture-in-picture; web-share\" referrerpolicy=\"strict-origin-when-cross-origin\" allowfullscreen><\/iframe>\n<\/div><\/figure>\n\n\n\n<h3 class=\"wp-block-heading\">Clima tenso pero sin incidentes<\/h3>\n\n\n\n<p>En el trasfondo, la situaci\u00f3n judicial de la ex presidenta sigue siendo tema de conversaci\u00f3n. \u201cLa justicia est\u00e1 ah\u00ed pis\u00e1ndole los talones\u201d, indic\u00f3 el cronista, recordando las maniobras del fiscal Mario Villar, quien hab\u00eda solicitado al Tribunal de Casaci\u00f3n que se revise la prisi\u00f3n domiciliaria de Cristina. Sin embargo, en esta ocasi\u00f3n no se registr\u00f3 un operativo policial desmedido, como en ocasiones anteriores. Seg\u00fan detall\u00f3 Garc\u00eda, \u201clo \u00fanico que se vio fueron uno o dos patrulleros, que incluso los vecinos celebran porque hacen el barrio m\u00e1s seguro\u201d.<\/p>\n\n\n\n<p>La movilizaci\u00f3n, en todo su recorrido, desde Parque Lezama hasta Constituci\u00f3n \u2014unas diez cuadras\u2014, transcurri\u00f3 sin conflictos ni incidentes. Contrasta con el operativo policial \u201cdesmedido\u201d que, seg\u00fan denunciaron algunos testigos, se despleg\u00f3 horas antes frente al Congreso por una peque\u00f1a manifestaci\u00f3n de jubilados reclamando por sus magros ingresos y el precio de los medicamentos.<\/p>\n\n\n\n<h3 class=\"wp-block-heading\">\u201cCristina es pueblo\u201d<\/h3>\n\n\n\n<p>La multitud no s\u00f3lo se congreg\u00f3 para saludar, sino tambi\u00e9n para expresar convicciones pol\u00edticas. \u201cCristina es inocente. Cristina deber\u00eda estar hoy conduciendo el pa\u00eds. Cristina es patria. Es integraci\u00f3n. Es la voz de todos aquellos trabajadores que hoy est\u00e1n desocupados\u201d, dijo emocionada una se\u00f1ora entre l\u00e1grimas. Otro hombre relat\u00f3 conmovido que padece c\u00e1ncer y pudo acceder a una pensi\u00f3n gracias a pol\u00edticas impulsadas por Cristina: \u201cNunca ante la adversidad baje los brazos\u2026 Recuerde que su pueblo la quiere, la mira, se\u00f1ora Cristina\u201d.<\/p>\n\n\n\n<p>Desde j\u00f3venes militantes de La C\u00e1mpora que viajaron desde La Matanza, hasta vecinos autoconvocados, todos coincidieron en un mismo clamor: Cristina debe volver. Para muchos, sigue siendo la figura pol\u00edtica capaz de revertir el presente cr\u00edtico que describi\u00f3 en su discurso, atravesado por inflaci\u00f3n, ajuste y p\u00e9rdida de derechos.<\/p>\n\n\n\n<p>La postal final, con la ex presidenta en el balc\u00f3n y la multitud coreando \u201cVamos a volver\u201d, reedit\u00f3 viejas escenas del kirchnerismo en sus d\u00edas de mayor fervor. Y dej\u00f3 en claro que, para una parte importante de la sociedad, Cristina Kirchner sigue siendo mucho m\u00e1s que una figura pol\u00edtica: es un s\u00edmbolo de esperanza, memoria y futuro.<\/p>\n\n\n\n<p>Fuente<\/p>\n\n\n\n<ul class=\"wp-block-list\">\n<li>Canal de Youtube de C5N: <a href=\"https:\/\/www.youtube.com\/watch?v=E-38XLkxu10\">https:\/\/www.youtube.com\/watch?v=E-38XLkxu10<\/a><\/li>\n<\/ul>\n","protected":false},"excerpt":{"rendered":"<p>La ex presidenta apareci\u00f3 dos veces en el balc\u00f3n de su domicilio para agradecer a militantes que se movilizaron desde Parque Lezama. Emoci\u00f3n, c\u00e1nticos y testimonios de apoyo marcaron una jornada atravesada por su discurso cr\u00edtico hacia la econom\u00eda de Javier Milei. A pesar de estar engripada, Cristina Fern\u00e1ndez de Kirchner sali\u00f3 este 9 de&#8230;<\/p>\n","protected":false},"author":12,"featured_media":6100,"comment_status":"open","ping_status":"open","sticky":false,"template":"","format":"standard","meta":{"_monsterinsights_skip_tracking":false,"_monsterinsights_sitenote_active":false,"_monsterinsights_sitenote_note":"","_monsterinsights_sitenote_category":0,"footnotes":"","jetpack_publicize_message":"","jetpack_publicize_feature_enabled":true,"jetpack_social_post_already_shared":true,"jetpack_social_options":{"image_generator_settings":{"template":"highway","default_image_id":0,"font":"","enabled":false},"version":2}},"categories":[4],"tags":[],"class_list":["post-6099","post","type-post","status-publish","format-standard","has-post-thumbnail","hentry","category-sociedad"],"jetpack_publicize_connections":[],"_links":{"self":[{"href":"https:\/\/www.enorsai.com\/noticias\/wp-json\/wp\/v2\/posts\/6099","targetHints":{"allow":["GET"]}}],"collection":[{"href":"https:\/\/www.enorsai.com\/noticias\/wp-json\/wp\/v2\/posts"}],"about":[{"href":"https:\/\/www.enorsai.com\/noticias\/wp-json\/wp\/v2\/types\/post"}],"author":[{"embeddable":true,"href":"https:\/\/www.enorsai.com\/noticias\/wp-json\/wp\/v2\/users\/12"}],"replies":[{"embeddable":true,"href":"https:\/\/www.enorsai.com\/noticias\/wp-json\/wp\/v2\/comments?post=6099"}],"version-history":[{"count":1,"href":"https:\/\/www.enorsai.com\/noticias\/wp-json\/wp\/v2\/posts\/6099\/revisions"}],"predecessor-version":[{"id":6101,"href":"https:\/\/www.enorsai.com\/noticias\/wp-json\/wp\/v2\/posts\/6099\/revisions\/6101"}],"wp:featuredmedia":[{"embeddable":true,"href":"https:\/\/www.enorsai.com\/noticias\/wp-json\/wp\/v2\/media\/6100"}],"wp:attachment":[{"href":"https:\/\/www.enorsai.com\/noticias\/wp-json\/wp\/v2\/media?parent=6099"}],"wp:term":[{"taxonomy":"category","embeddable":true,"href":"https:\/\/www.enorsai.com\/noticias\/wp-json\/wp\/v2\/categories?post=6099"},{"taxonomy":"post_tag","embeddable":true,"href":"https:\/\/www.enorsai.com\/noticias\/wp-json\/wp\/v2\/tags?post=6099"}],"curies":[{"name":"wp","href":"https:\/\/api.w.org\/{rel}","templated":true}]}}