{"id":6092,"date":"2025-07-09T21:28:30","date_gmt":"2025-07-10T00:28:30","guid":{"rendered":"https:\/\/www.enorsai.com\/noticias\/?p=6092"},"modified":"2025-07-09T21:56:16","modified_gmt":"2025-07-10T00:56:16","slug":"demoledor-discurso-de-cristina-kirchner-en-parque-lezama-desde-el-56-nunca-tuvimos-este-grado-de-dependencia","status":"publish","type":"post","link":"https:\/\/www.enorsai.com\/noticias\/politica\/demoledor-discurso-de-cristina-kirchner-en-parque-lezama-desde-el-56-nunca-tuvimos-este-grado-de-dependencia\/","title":{"rendered":"Demoledor discurso de Cristina Kirchner en Parque Lezama: \u201cDesde el 56 nunca tuvimos este grado de dependencia\u201d"},"content":{"rendered":"\n<h3 class=\"wp-block-heading\">En un mensaje grabado por el D\u00eda de la Independencia, la expresidenta advirti\u00f3 sobre la deuda externa y pidi\u00f3 a la militancia organizarse para defender la soberan\u00eda.<\/h3>\n\n\n\n<p><strong>En el marco de un acto en Parque Lezama, la expresidenta Cristina Fern\u00e1ndez de Kirchner lanz\u00f3 un fuerte mensaje pol\u00edtico, advirtiendo que la Argentina atraviesa un momento de dependencia econ\u00f3mica sin precedentes desde 1956. Desde su casa, en prisi\u00f3n domiciliaria, inst\u00f3 a la militancia a organizarse y reflexionar sobre la verdadera independencia del pa\u00eds.<\/strong><\/p>\n\n\n\n<p>En un mensaje grabado y reproducido durante el acto por el 9 de Julio en Parque Lezama, Cristina Kirchner asegur\u00f3 que la Argentina enfrenta <strong>\u201cun verdadero problema estructural\u201d<\/strong> y que lo que ocurre en el pa\u00eds <strong>\u201cno es simplemente un ajuste, ni una crisis, ni una tormenta pasajera.\u201d<\/strong><\/p>\n\n\n\n<p>\u201c<strong>Desde 1956, cuando derrocaron a Per\u00f3n y entr\u00f3 el FMI, nunca tuvimos este grado de dependencia como hoy<\/strong>\u201d, afirm\u00f3 la exmandataria. Y plante\u00f3 una pregunta central: <strong>\u201c\u00bfSomos realmente libres o independientes? \u00bfO estamos otra vez ejecutando pol\u00edticas dictadas desde afuera?\u201d<\/strong><\/p>\n\n\n\n<p>La exvicepresidenta advirti\u00f3 adem\u00e1s que <strong>en los pr\u00f3ximos dos gobiernos se deber\u00e1n afrontar los peores vencimientos de deuda con el Fondo Monetario Internacional y con bonistas privados<\/strong>, lo que compromete seriamente la soberan\u00eda econ\u00f3mica argentina.<\/p>\n\n\n\n<figure class=\"wp-block-embed is-type-rich is-provider-twitter wp-block-embed-twitter\"><div class=\"wp-block-embed__wrapper\">\n<blockquote class=\"twitter-tweet\" data-width=\"550\" data-dnt=\"true\"><p lang=\"es\" dir=\"ltr\"><a href=\"https:\/\/twitter.com\/hashtag\/ArgentinaConCristina?src=hash&amp;ref_src=twsrc%5Etfw\">#ArgentinaConCristina<\/a> <br>&quot;El discurso completo de CFK a la militancia Cabeza, coraz\u00f3n y coraje&quot;&#8230;. \ud83d\ude0d\ud83e\udd70\u2764\ufe0f\u2764\ufe0f\u2764\ufe0f\ud83d\udc4f\ud83d\udc4f\ud83d\udc4f <a href=\"https:\/\/t.co\/RfFQIEQhl6\">pic.twitter.com\/RfFQIEQhl6<\/a><\/p>&mdash; Maxzz (@Maxzz0) <a href=\"https:\/\/twitter.com\/Maxzz0\/status\/1943097181541667303?ref_src=twsrc%5Etfw\">July 9, 2025<\/a><\/blockquote><script async src=\"https:\/\/platform.twitter.com\/widgets.js\" charset=\"utf-8\"><\/script>\n<\/div><\/figure>\n\n\n\n<p>Cristina reconoci\u00f3 que nunca hab\u00eda vivido <strong>\u201cotro 9 de Julio como este\u201d<\/strong>, destacando la gravedad del contexto actual y la necesidad de defender la independencia. Su mensaje fue transmitido ante una multitud que se congreg\u00f3 para escucharla y participar de un festival pol\u00edtico y cultural en el emblem\u00e1tico parque porte\u00f1o.<\/p>\n\n\n\n<p>Por \u00faltimo, convoc\u00f3 a la militancia a <strong>organizarse y movilizarse<\/strong> para defender la patria, tanto en las calles como en las urnas: <strong>\u201cVolver al poder como ya lo hemos hecho una y mil veces.\u201d<\/strong><\/p>\n\n\n\n<p>As\u00ed, el D\u00eda de la Independencia se convirti\u00f3 para Cristina Kirchner en una plataforma para denunciar la dependencia externa y renovar su llamado a la acci\u00f3n pol\u00edtica, en un escenario marcado por la crisis econ\u00f3mica y la tensi\u00f3n con los organismos internacionales.<\/p>\n\n\n\n<p>Fuente:<\/p>\n\n\n\n<ul class=\"wp-block-list\">\n<li><a href=\"https:\/\/www.pagina12.com.ar\/840735-cristina-kirchner-en-parque-lezama-el-audio-completo-del-act\">https:\/\/www.pagina12.com.ar\/840735-cristina-kirchner-en-parque-lezama-el-audio-completo-del-act<\/a><\/li>\n\n\n\n<li><a href=\"https:\/\/www.tiempoar.com.ar\/ta_article\/en-el-dia-de-la-independencia-cristina-alerto-a-la-militancia-desde-el-56-nunca-tuvimos-este-grado-de-dependencia\/\">https:\/\/www.tiempoar.com.ar\/ta_article\/en-el-dia-de-la-independencia-cristina-alerto-a-la-militancia-desde-el-56-nunca-tuvimos-este-grado-de-dependencia\/<\/a><\/li>\n<\/ul>\n","protected":false},"excerpt":{"rendered":"<p>En un mensaje grabado por el D\u00eda de la Independencia, la expresidenta advirti\u00f3 sobre la deuda externa y pidi\u00f3 a la militancia organizarse para defender la soberan\u00eda. En el marco de un acto en Parque Lezama, la expresidenta Cristina Fern\u00e1ndez de Kirchner lanz\u00f3 un fuerte mensaje pol\u00edtico, advirtiendo que la Argentina atraviesa un momento de&#8230;<\/p>\n","protected":false},"author":11,"featured_media":6093,"comment_status":"open","ping_status":"open","sticky":false,"template":"","format":"standard","meta":{"_monsterinsights_skip_tracking":false,"_monsterinsights_sitenote_active":false,"_monsterinsights_sitenote_note":"","_monsterinsights_sitenote_category":0,"footnotes":"","jetpack_publicize_message":"","jetpack_publicize_feature_enabled":true,"jetpack_social_post_already_shared":true,"jetpack_social_options":{"image_generator_settings":{"template":"highway","default_image_id":0,"font":"","enabled":false},"version":2}},"categories":[2],"tags":[],"class_list":["post-6092","post","type-post","status-publish","format-standard","has-post-thumbnail","hentry","category-politica"],"jetpack_publicize_connections":[],"_links":{"self":[{"href":"https:\/\/www.enorsai.com\/noticias\/wp-json\/wp\/v2\/posts\/6092","targetHints":{"allow":["GET"]}}],"collection":[{"href":"https:\/\/www.enorsai.com\/noticias\/wp-json\/wp\/v2\/posts"}],"about":[{"href":"https:\/\/www.enorsai.com\/noticias\/wp-json\/wp\/v2\/types\/post"}],"author":[{"embeddable":true,"href":"https:\/\/www.enorsai.com\/noticias\/wp-json\/wp\/v2\/users\/11"}],"replies":[{"embeddable":true,"href":"https:\/\/www.enorsai.com\/noticias\/wp-json\/wp\/v2\/comments?post=6092"}],"version-history":[{"count":2,"href":"https:\/\/www.enorsai.com\/noticias\/wp-json\/wp\/v2\/posts\/6092\/revisions"}],"predecessor-version":[{"id":6098,"href":"https:\/\/www.enorsai.com\/noticias\/wp-json\/wp\/v2\/posts\/6092\/revisions\/6098"}],"wp:featuredmedia":[{"embeddable":true,"href":"https:\/\/www.enorsai.com\/noticias\/wp-json\/wp\/v2\/media\/6093"}],"wp:attachment":[{"href":"https:\/\/www.enorsai.com\/noticias\/wp-json\/wp\/v2\/media?parent=6092"}],"wp:term":[{"taxonomy":"category","embeddable":true,"href":"https:\/\/www.enorsai.com\/noticias\/wp-json\/wp\/v2\/categories?post=6092"},{"taxonomy":"post_tag","embeddable":true,"href":"https:\/\/www.enorsai.com\/noticias\/wp-json\/wp\/v2\/tags?post=6092"}],"curies":[{"name":"wp","href":"https:\/\/api.w.org\/{rel}","templated":true}]}}