{"id":6088,"date":"2025-07-09T21:08:00","date_gmt":"2025-07-10T00:08:00","guid":{"rendered":"https:\/\/www.enorsai.com\/noticias\/?p=6088"},"modified":"2025-07-09T21:08:00","modified_gmt":"2025-07-10T00:08:00","slug":"garrahan-en-alerta-convocan-conferencia-de-prensa-y-marcha-nacional-el-17-de-julio","status":"publish","type":"post","link":"https:\/\/www.enorsai.com\/noticias\/sociedad\/garrahan-en-alerta-convocan-conferencia-de-prensa-y-marcha-nacional-el-17-de-julio\/","title":{"rendered":"Garrahan en Alerta: Convocan Conferencia de Prensa y Marcha Nacional el 17 de Julio"},"content":{"rendered":"\n<p><\/p>\n\n\n\n<h3 class=\"wp-block-heading\"><em>Este jueves 7\/10 se realizar\u00e1 una conferencia de prensa en el Hospital Garrahan con paro de 24 horas, previa a la gran movilizaci\u00f3n desde Congreso a Plaza de Mayo.<\/em><\/h3>\n\n\n\n<hr class=\"wp-block-separator has-alpha-channel-opacity\"\/>\n\n\n\n<h2 class=\"wp-block-heading\"><strong>Conferencia de prensa y marcha nacional en defensa del Garrahan<\/strong><\/h2>\n\n\n\n<p>Buenos Aires, mi\u00e9rcoles 9 de julio de 2025 \u2014 La <strong>Asociaci\u00f3n de Profesionales y T\u00e9cnicos del Hospital Garrahan (APyT)<\/strong> convoc\u00f3 a una <strong>conferencia de prensa este jueves 10 de julio a las 14:00<\/strong> , en la entrada de Combate de los Pozos 1881, para anunciar la <strong>marcha nacional del jueves 17 de julio<\/strong> , que partir\u00e1 desde el Congreso hacia Plaza de Mayo a las 16:30 horas.<strong><\/strong><strong><\/strong><strong><\/strong><\/p>\n\n\n\n<p>Ambas jornadas estar\u00e1n acompa\u00f1adas por un <strong>per\u00edodo de 24 horas<\/strong> , con atenci\u00f3n restringida a pacientes internados y emergencias. La medida busca visibilizar la grave crisis institucional, laboral y asistencial que atraviesa uno de los hospitales pedi\u00e1tricos m\u00e1s importantes del pa\u00eds.<strong><\/strong><\/p>\n\n\n\n<blockquote class=\"wp-block-quote is-layout-flow wp-block-quote-is-layout-flow\">\n<p>\u00abEl Garrahan no puede esperar. Este jueves 7\/10 visibilizamos el conflicto con toda la fuerza, en las puertas del hospital a las 12 con un abrazo simb\u00f3lico y con los medios a las 14:00, para seguir sumando el respaldo social que crece en todo el pa\u00eds a la marcha de la semana que viene, del 17\u00bb, afirmaron desde APyT. <\/p>\n\n\n\n<figure class=\"wp-block-embed is-type-wp-embed is-provider-incrustado wp-block-embed-incrustado\"><div class=\"wp-block-embed__wrapper\">\n<blockquote class=\"wp-embedded-content\" data-secret=\"w08TuDhTF7\"><a href=\"https:\/\/www.enorsai.com\/noticias\/politica\/cierre-del-instituto-nacional-del-cancer-quien-se-queda-sin-medicacion-la-denuncia-del-hospital-roffo\/\">\u00abCierre del Instituto Nacional del C\u00e1ncer: \u00bfQui\u00e9n se queda sin medicaci\u00f3n? La denuncia del Hospital Roffo\u00bb<\/a><\/blockquote><iframe loading=\"lazy\" class=\"wp-embedded-content\" sandbox=\"allow-scripts\" security=\"restricted\" style=\"position: absolute; visibility: hidden;\" title=\"\u00ab\u00abCierre del Instituto Nacional del C\u00e1ncer: \u00bfQui\u00e9n se queda sin medicaci\u00f3n? La denuncia del Hospital Roffo\u00bb\u00bb \u2014 \" src=\"https:\/\/www.enorsai.com\/noticias\/politica\/cierre-del-instituto-nacional-del-cancer-quien-se-queda-sin-medicacion-la-denuncia-del-hospital-roffo\/embed\/#?secret=Xpt8l3ZRfq#?secret=w08TuDhTF7\" data-secret=\"w08TuDhTF7\" width=\"600\" height=\"338\" frameborder=\"0\" marginwidth=\"0\" marginheight=\"0\" scrolling=\"no\"><\/iframe>\n<\/div><\/figure>\n<\/blockquote>\n\n\n\n<p>La protesta cuenta ya con un amplio apoyo multisectorial: sindicatos, universidades, colectivos de salud, organizaciones sociales, estudiantes, de derechos humanos, culturales y pol\u00edticas han adherido al reclamo.<\/p>\n\n\n\n<h3 class=\"wp-block-heading\"><strong>Cabildo Abierto y dictamen favorable en Diputados<\/strong><\/h3>\n\n\n\n<p>Este lunes 7 de julio se realiz\u00f3 un <strong>Cabildo Abierto de la Salud P\u00fablica<\/strong> , convocado por la APyT y la Junta Interna de ATE Garrahan, donde comparti\u00f3 decenas de espacios en defensa del hospital. Entre los presentes, se cont\u00f3 con el saludo de <strong>Taty Almeyda (Madres de Plaza de Mayo &#8211; L\u00ednea Fundadora)<\/strong> , quien tambi\u00e9n celebr\u00f3 la reciente restituci\u00f3n del Nieto 140 como s\u00edmbolo de memoria y lucha.<strong><\/strong><strong><\/strong><\/p>\n\n\n\n<p>Adem\u00e1s, este martes 8 de julio, representantes de la APyT lograron un importante avance pol\u00edtico al obtener <strong>dictamen favorable en la C\u00e1mara de Diputados nacional<\/strong> a un proyecto de ley que declara la <strong>emergencia sanitaria por un a\u00f1o en el Hospital Garrahan<\/strong> , con el objetivo de garantizar financiamiento y condiciones laborales dignas.<strong><\/strong><strong><\/strong><\/p>\n\n\n\n<h3 class=\"wp-block-heading\"><strong>\u00c9xodo de profesionales y demanda salarial<\/strong><\/h3>\n\n\n\n<p>Desde la asociaci\u00f3n gremial advierten que ya se registraron <strong>m\u00e1s de 220 renuncias en el \u00faltimo tiempo<\/strong> , resultado de bajos salarios y precariedad laboral. Por ello, exigen un salario inicial de <strong>1.800.000 pesos<\/strong> , acorde a la canasta b\u00e1sica, para frenar la fuga de personal hacia el sector privado o el exterior.<strong><\/strong><strong><\/strong><\/p>\n\n\n\n<p>\u00abYa no es sostenible la situaci\u00f3n. Necesitamos una respuesta urgente del gobierno nacional\u00bb, concluyeron.<\/p>\n\n\n\n<hr class=\"wp-block-separator has-alpha-channel-opacity\"\/>\n\n\n\n<p>\ud83d\udcce <strong>\u00bfQuieres enterarte de los detalles de la conferencia y la marcha?<\/strong> \ud83d\udc49 Segu\u00ed las redes de <strong>APyT Garrahan<\/strong> y mantente informado sobre c\u00f3mo participar y apoyar esta iniciativa.<strong><\/strong><br><strong><\/strong><\/p>\n\n\n\n<hr class=\"wp-block-separator has-alpha-channel-opacity\"\/>\n","protected":false},"excerpt":{"rendered":"<p>Este jueves 7\/10 se realizar\u00e1 una conferencia de prensa en el Hospital Garrahan con paro de 24 horas, previa a la gran movilizaci\u00f3n desde Congreso a Plaza de Mayo. Conferencia de prensa y marcha nacional en defensa del Garrahan Buenos Aires, mi\u00e9rcoles 9 de julio de 2025 \u2014 La Asociaci\u00f3n de Profesionales y T\u00e9cnicos del&#8230;<\/p>\n","protected":false},"author":4,"featured_media":6089,"comment_status":"open","ping_status":"open","sticky":false,"template":"","format":"standard","meta":{"_monsterinsights_skip_tracking":false,"_monsterinsights_sitenote_active":false,"_monsterinsights_sitenote_note":"","_monsterinsights_sitenote_category":0,"footnotes":"","jetpack_publicize_message":"Conferencia de prensa y marcha nacional anunciada por APyT Garrahan: el jueves 10\/7 se dar\u00e1n detalles sobre la movilizaci\u00f3n del 17 de julio, tras el Cabildo Abierto y dictamen favorable en Diputados. ","jetpack_publicize_feature_enabled":true,"jetpack_social_post_already_shared":false,"jetpack_social_options":{"image_generator_settings":{"template":"highway","default_image_id":0,"enabled":false},"version":2}},"categories":[4],"tags":[1944,1945,1948,1569,1947,1946,1949],"class_list":["post-6088","post","type-post","status-publish","format-standard","has-post-thumbnail","hentry","category-sociedad","tag-apyt-garrahan","tag-crisis-en-el-garrahan","tag-emergencia-sanitaria-garrahan","tag-hospital-garrahan","tag-hospital-paro-garrahan","tag-marcha-garrahan-17-de-julio","tag-renuncia-medicos-garrahan"],"jetpack_publicize_connections":[],"_links":{"self":[{"href":"https:\/\/www.enorsai.com\/noticias\/wp-json\/wp\/v2\/posts\/6088","targetHints":{"allow":["GET"]}}],"collection":[{"href":"https:\/\/www.enorsai.com\/noticias\/wp-json\/wp\/v2\/posts"}],"about":[{"href":"https:\/\/www.enorsai.com\/noticias\/wp-json\/wp\/v2\/types\/post"}],"author":[{"embeddable":true,"href":"https:\/\/www.enorsai.com\/noticias\/wp-json\/wp\/v2\/users\/4"}],"replies":[{"embeddable":true,"href":"https:\/\/www.enorsai.com\/noticias\/wp-json\/wp\/v2\/comments?post=6088"}],"version-history":[{"count":1,"href":"https:\/\/www.enorsai.com\/noticias\/wp-json\/wp\/v2\/posts\/6088\/revisions"}],"predecessor-version":[{"id":6090,"href":"https:\/\/www.enorsai.com\/noticias\/wp-json\/wp\/v2\/posts\/6088\/revisions\/6090"}],"wp:featuredmedia":[{"embeddable":true,"href":"https:\/\/www.enorsai.com\/noticias\/wp-json\/wp\/v2\/media\/6089"}],"wp:attachment":[{"href":"https:\/\/www.enorsai.com\/noticias\/wp-json\/wp\/v2\/media?parent=6088"}],"wp:term":[{"taxonomy":"category","embeddable":true,"href":"https:\/\/www.enorsai.com\/noticias\/wp-json\/wp\/v2\/categories?post=6088"},{"taxonomy":"post_tag","embeddable":true,"href":"https:\/\/www.enorsai.com\/noticias\/wp-json\/wp\/v2\/tags?post=6088"}],"curies":[{"name":"wp","href":"https:\/\/api.w.org\/{rel}","templated":true}]}}