{"id":6072,"date":"2025-07-09T13:20:12","date_gmt":"2025-07-09T16:20:12","guid":{"rendered":"https:\/\/www.enorsai.com\/noticias\/politica\/iglesias-evangelicas-a-milei-no-es-moises-es-como-el-faraon\/"},"modified":"2025-07-09T13:39:29","modified_gmt":"2025-07-09T16:39:29","slug":"iglesias-evangelicas-a-milei-no-es-moises-es-como-el-faraon","status":"publish","type":"post","link":"https:\/\/www.enorsai.com\/noticias\/politica\/iglesias-evangelicas-a-milei-no-es-moises-es-como-el-faraon\/","title":{"rendered":"Iglesias Evang\u00e9licas a Milei: \u201cNo es Mois\u00e9s, es como el Fara\u00f3n\u201d"},"content":{"rendered":"\n<p>La Federaci\u00f3n Argentina de Iglesias Evang\u00e9licas difundi\u00f3 una dura carta en la que acusa al presidente Javier Milei de gobernar con crueldad y de profundizar el sufrimiento social, contradiciendo los principios cristianos que dice defender.<br \/><br \/>Desde citas b\u00edblicas hasta un contundente llamado a \u201cescuchar el clamor del pueblo\u201d, la carta se\u00f1ala al Gobierno por pol\u00edticas que precarizan la vida de los sectores m\u00e1s vulnerables y alerta sobre la violencia verbal del mandatario. \u201cCada \u00e1rbol se reconoce por sus frutos\u201d, advierten.<br \/><br \/>\u201cNo es Mois\u00e9s\u2026 es como el Fara\u00f3n.\u201d Con esa frase impactante inicia la carta p\u00fablica difundida por la Federaci\u00f3n Argentina de Iglesias Evang\u00e9licas, en la que se cuestiona de manera frontal la figura y la gesti\u00f3n del presidente Javier Milei. Seg\u00fan los firmantes, mientras el mandatario intenta asociar su figura a la de Mois\u00e9s, el libertador b\u00edblico, sus pol\u00edticas y su estilo lo asemejan mucho m\u00e1s a un Fara\u00f3n \u201cque con crueldad maltrat\u00f3 y esclaviz\u00f3 al pueblo de Dios\u201d.<br \/><br \/>La misiva, profundamente anclada en referencias b\u00edblicas, cita el Libro del \u00c9xodo, donde se relata c\u00f3mo los egipcios impusieron \u201ctrabajos penosos\u201d a los israelitas y les \u201camargaron la vida con dura esclavitud\u201d. En paralelo, los l\u00edderes evang\u00e9licos enumeran una larga lista de medidas y situaciones que, aseguran, representan formas modernas de opresi\u00f3n y sufrimiento.<br \/><br \/>Entre los hechos que denuncian se encuentran el constante ataque contra el Estado y sus trabajadores, jubilaciones miserables, recortes de medicamentos y tratamientos oncol\u00f3gicos, cierre de comedores, quita de subsidios a personas con discapacidad y represi\u00f3n a adultos mayores en manifestaciones en la Plaza del Congreso. A esto suman el desfinanciamiento de la educaci\u00f3n p\u00fablica y la investigaci\u00f3n cient\u00edfica, la suspensi\u00f3n de obras p\u00fablicas esenciales, y el maltrato a profesionales de la salud, incluyendo m\u00e9dicos y m\u00e9dicas del Hospital Garrahan, al que califican como uno de los pedi\u00e1tricos \u201cm\u00e1s prestigiosos del mundo\u201d.<br \/><br \/>La carta denuncia tambi\u00e9n el \u201codio al periodismo y a los artistas populares\u201d, as\u00ed como la \u201cpersecuci\u00f3n judicial a l\u00edderes de la oposici\u00f3n\u201d, lo que configura, seg\u00fan los firmantes, un modelo de gobierno cruel y concentrador, que transfiere recursos \u201csolo a los m\u00e1s poderosos del pa\u00eds y del extranjero\u201d.<br \/><br \/>La Federaci\u00f3n alerta sobre el impacto de las pol\u00edticas econ\u00f3micas en sectores productivos y comerciales: \u201c\u00bfCu\u00e1ntas son las peque\u00f1as y medianas empresas, campesinos y comerciantes que podr\u00e1n sobrevivir si resulta m\u00e1s barato importar o comprar afuera del pa\u00eds? \u00bfCu\u00e1ntos trabajadores y trabajadoras perder\u00e1n sus empleos? \u00bfCu\u00e1nto falta para que los peque\u00f1os agricultores no den m\u00e1s?\u201d<br \/><br \/>Adem\u00e1s, expresan preocupaci\u00f3n por el tono agresivo del discurso presidencial. Se\u00f1alan que de la boca de Milei y sus voceros \u201csurgen expresiones repletas de descalificaciones, insultos y groser\u00edas nunca antes p\u00fablicas en alguien que ostenta la m\u00e1xima representaci\u00f3n democr\u00e1tica del pa\u00eds\u201d. En lugar de traer paz y unidad, denuncian que el presidente \u201cgenera conflictos e invita a la confrontaci\u00f3n\u201d.<br \/><br \/>Frente a este panorama, las Iglesias Evang\u00e9licas le recuerdan al presidente una ense\u00f1anza del Evangelio: \u201cCada \u00e1rbol se reconoce por sus frutos\u201d (Lucas 6:44), y concluyen que, hasta ahora, solo se observa \u201cempeoramiento en la calidad de vida y crueldad\u201d.<br \/><br \/>La carta finaliza con un llamado urgente a Milei a \u201cdejar de actuar como el Fara\u00f3n y escuchar el clamor del pueblo que sufre\u201d. Lo invitan a atender las necesidades de quienes pierden sus trabajos, de las personas enfermas, de los jubilados, estudiantes, cient\u00edficos y profesionales que no quieren emigrar, y de todos los que ven c\u00f3mo aumentan los alimentos y los servicios mientras sus salarios se estancan.<br \/><br \/>\u201cNo se distraiga, Presidente, en odiar y maldecir\u201d, advierten los referentes evang\u00e9licos, subrayando que si Milei quiere adoptar los valores del pueblo evang\u00e9lico y protestante, debe \u201cescuchar y trabajar en favor de quienes m\u00e1s necesitan, generar mayor justicia social y promover la unidad de la sociedad m\u00e1s all\u00e1 de todas las diferencias\u201d.<br \/><br \/>Finalmente, como cristianos, aseguran mantener la esperanza: \u201cEl Se\u00f1or es nuestro salvador y obrar\u00e1 con amor y justicia en favor de su pueblo.\u201d<br \/><br \/>La carta lleva la firma de la Federaci\u00f3n Argentina de Iglesias Evang\u00e9licas, la Pastoral Social Evang\u00e9lica y la Asociaci\u00f3n de Iglesias Pentecostales de Argentina, dando cuenta de una postura que, lejos de lo que podr\u00eda presumirse, demuestra que no todo el arco religioso del pa\u00eds respalda sin fisuras al actual mandatario.<\/p>\n\n\n\n<figure class=\"wp-block-image size-large\"><img loading=\"lazy\" decoding=\"async\" width=\"844\" height=\"1024\" src=\"https:\/\/www.enorsai.com\/noticias\/wp-content\/uploads\/2025\/07\/screenshot_20250709_131106_gallery6759316751761308069-844x1024.jpg\" alt=\"\" class=\"wp-image-6073\" srcset=\"https:\/\/www.enorsai.com\/noticias\/wp-content\/uploads\/2025\/07\/screenshot_20250709_131106_gallery6759316751761308069-844x1024.jpg 844w, https:\/\/www.enorsai.com\/noticias\/wp-content\/uploads\/2025\/07\/screenshot_20250709_131106_gallery6759316751761308069-247x300.jpg 247w, https:\/\/www.enorsai.com\/noticias\/wp-content\/uploads\/2025\/07\/screenshot_20250709_131106_gallery6759316751761308069-768x932.jpg 768w, https:\/\/www.enorsai.com\/noticias\/wp-content\/uploads\/2025\/07\/screenshot_20250709_131106_gallery6759316751761308069.jpg 1080w\" sizes=\"auto, (max-width: 844px) 100vw, 844px\" \/><\/figure>\n\n\n\n<figure class=\"wp-block-image size-large\"><img loading=\"lazy\" decoding=\"async\" width=\"858\" height=\"1024\" src=\"https:\/\/www.enorsai.com\/noticias\/wp-content\/uploads\/2025\/07\/screenshot_20250709_131113_gallery2554948783269128382-858x1024.jpg\" alt=\"\" class=\"wp-image-6074\" srcset=\"https:\/\/www.enorsai.com\/noticias\/wp-content\/uploads\/2025\/07\/screenshot_20250709_131113_gallery2554948783269128382-858x1024.jpg 858w, https:\/\/www.enorsai.com\/noticias\/wp-content\/uploads\/2025\/07\/screenshot_20250709_131113_gallery2554948783269128382-251x300.jpg 251w, https:\/\/www.enorsai.com\/noticias\/wp-content\/uploads\/2025\/07\/screenshot_20250709_131113_gallery2554948783269128382-768x917.jpg 768w, https:\/\/www.enorsai.com\/noticias\/wp-content\/uploads\/2025\/07\/screenshot_20250709_131113_gallery2554948783269128382.jpg 1080w\" sizes=\"auto, (max-width: 858px) 100vw, 858px\" \/><\/figure>\n","protected":false},"excerpt":{"rendered":"<p>La Federaci\u00f3n Argentina de Iglesias Evang\u00e9licas difundi\u00f3 una dura carta en la que acusa al presidente Javier Milei de gobernar con crueldad y de profundizar el sufrimiento social, contradiciendo los principios cristianos que dice defender. Desde citas b\u00edblicas hasta un contundente llamado a \u201cescuchar el clamor del pueblo\u201d, la carta se\u00f1ala al Gobierno por pol\u00edticas&#8230;<\/p>\n","protected":false},"author":12,"featured_media":6071,"comment_status":"open","ping_status":"open","sticky":false,"template":"","format":"standard","meta":{"_monsterinsights_skip_tracking":false,"_monsterinsights_sitenote_active":false,"_monsterinsights_sitenote_note":"","_monsterinsights_sitenote_category":0,"footnotes":"","jetpack_publicize_message":"","jetpack_publicize_feature_enabled":true,"jetpack_social_post_already_shared":true,"jetpack_social_options":{"image_generator_settings":{"template":"highway","default_image_id":0,"font":"","enabled":false},"version":2}},"categories":[2],"tags":[],"class_list":["post-6072","post","type-post","status-publish","format-standard","has-post-thumbnail","hentry","category-politica"],"jetpack_publicize_connections":[],"_links":{"self":[{"href":"https:\/\/www.enorsai.com\/noticias\/wp-json\/wp\/v2\/posts\/6072","targetHints":{"allow":["GET"]}}],"collection":[{"href":"https:\/\/www.enorsai.com\/noticias\/wp-json\/wp\/v2\/posts"}],"about":[{"href":"https:\/\/www.enorsai.com\/noticias\/wp-json\/wp\/v2\/types\/post"}],"author":[{"embeddable":true,"href":"https:\/\/www.enorsai.com\/noticias\/wp-json\/wp\/v2\/users\/12"}],"replies":[{"embeddable":true,"href":"https:\/\/www.enorsai.com\/noticias\/wp-json\/wp\/v2\/comments?post=6072"}],"version-history":[{"count":1,"href":"https:\/\/www.enorsai.com\/noticias\/wp-json\/wp\/v2\/posts\/6072\/revisions"}],"predecessor-version":[{"id":6075,"href":"https:\/\/www.enorsai.com\/noticias\/wp-json\/wp\/v2\/posts\/6072\/revisions\/6075"}],"wp:featuredmedia":[{"embeddable":true,"href":"https:\/\/www.enorsai.com\/noticias\/wp-json\/wp\/v2\/media\/6071"}],"wp:attachment":[{"href":"https:\/\/www.enorsai.com\/noticias\/wp-json\/wp\/v2\/media?parent=6072"}],"wp:term":[{"taxonomy":"category","embeddable":true,"href":"https:\/\/www.enorsai.com\/noticias\/wp-json\/wp\/v2\/categories?post=6072"},{"taxonomy":"post_tag","embeddable":true,"href":"https:\/\/www.enorsai.com\/noticias\/wp-json\/wp\/v2\/tags?post=6072"}],"curies":[{"name":"wp","href":"https:\/\/api.w.org\/{rel}","templated":true}]}}