{"id":6070,"date":"2025-07-09T12:49:19","date_gmt":"2025-07-09T15:49:19","guid":{"rendered":"https:\/\/www.enorsai.com\/noticias\/politica\/la-predica-de-milei-en-un-pulpito-evangelico-fue-una-presencia-lamentable\/"},"modified":"2025-07-09T12:49:19","modified_gmt":"2025-07-09T15:49:19","slug":"la-predica-de-milei-en-un-pulpito-evangelico-fue-una-presencia-lamentable","status":"publish","type":"post","link":"https:\/\/www.enorsai.com\/noticias\/politica\/la-predica-de-milei-en-un-pulpito-evangelico-fue-una-presencia-lamentable\/","title":{"rendered":"\u00abLa pr\u00e9dica de Milei en un p\u00falpito evang\u00e9lico fue una presencia lamentable\u00bb"},"content":{"rendered":"\n<p>Fuertes cr\u00edticas de un pastor evang\u00e9lico al discurso de Milei en un templo en el Chaco<br>\u201cFue una presencia lamentable\u201d, dijo Norberto Saracco, pastor de la iglesia cristiana Buenas Nuevas, de Parque Avellaneda, con 56 a\u00f1os como l\u00edder de comunidades evang\u00e9licas<br><br>Un fuerte malestar gener\u00f3 en sectores de la comunidad evang\u00e9lica la presencia de Javier Milei y el tono de su discurso en el acto de cierre de un congreso realizado en el templo Puertas del Cielo, inaugurado d\u00edas antes en Resistencia y promocionado como \u201cel m\u00e1s grande del pa\u00eds\u201d, con capacidad para 15.000 personas.<br><br>El pastor Norberto Saracco, con 56 a\u00f1os de experiencia como referente de la comunidad evang\u00e9lica, defini\u00f3 la presentaci\u00f3n del l\u00edder libertario como \u201clamentable. Y explic\u00f3: \u201cSe prest\u00f3 el sagrado lugar del p\u00falpito para que el Presidente, en un claro acto partidario, dirigiera su diatriba plagada de falsos argumentos, distorsiones maliciosas y afirmaciones totalmente contrarias a las ense\u00f1anzas del evangelio\u201d.<br><br>En su discurso, Milei insisti\u00f3 en llevar adelante \u201cla batalla cultural para combatir por las ideas de la libertad\u201d y destac\u00f3 la cultura judeocristiana, en contraposici\u00f3n con las ideas que promueve la izquierda y la justicia social del peronismo. \u201cNo debe haber nada m\u00e1s antijudeocristiano que la idea de la justicia social\u201d, despotric\u00f3 el Presidente desde el p\u00falpito.<br><br>Saracco dirige desde hace casi 40 a\u00f1os la iglesia cristiana evang\u00e9lica Buenas Nuevas, en avenida Dellepiane 3925, en Parque Avellaneda. Es Cofundador del Consejo de Pastores de la Ciudad de Buenos Aires e integra el consejo directivo de la Alianza Cristiana de Iglesias Evang\u00e9licas de la Rep\u00fablica Argentina (Aciera), una de las entidades m\u00e1s representativas de este culto en el pa\u00eds.<br><br>La cesi\u00f3n del p\u00falpito del nuevo templo chaque\u00f1o al Presidente y, especialmente, el en\u00e9rgico contenido de \u201csus diatribas pol\u00edticas\u201d, llev\u00f3 a Saracco a compartir sus comentarios a pastores amigos. En pocas horas recibi\u00f3 innumerables mensajes de adhesi\u00f3n a sus cr\u00edticas y reflexiones desde distintos rincones del mundo.<br><br>El pastor evang\u00e9lico aclar\u00f3 que los organizadores del encuentro en el Chaco \u201ctienen el derecho de invitar a quien quieran ante tan importante celebraci\u00f3n\u201d, incluyendo al Presidente. En efecto, el acto se promocion\u00f3 como \u201cun hecho hist\u00f3rico\u201d, dado que era la primera vez que un presidente de la Naci\u00f3n asist\u00eda a un acto de tal envergadura en un templo evang\u00e9lico.<br><br><br>\u201cAl discurso de odio y descalificaci\u00f3n del adversario, que el Presidente enarbola orgulloso como su m\u00e1s preciada bandera, debemos agregarle lo que repiti\u00f3 hasta el cansancio en su sagrada arenga del s\u00e1bado: la descalificaci\u00f3n del Estado, al que hay que combatir hasta eliminarlo, y la m\u00e1s absoluta libertad del ser humano para que cada uno logre lo que sus fuerzas y habilidades le permitan\u201d, explic\u00f3 el l\u00edder evang\u00e9lico.<br><br>El pastor Saracco, sin embargo, marc\u00f3 distancias con las experiencias de gobiernos kirchneristas en los \u00faltimos 20 a\u00f1os. \u201cPara millones de argentinos ese discurso suena como c\u00e1ntico de sirenas, ya que venimos de un estado que no dej\u00f3 espacio sin saquear, que le rob\u00f3 a los m\u00e1s pobres y dej\u00f3 52% de la poblaci\u00f3n bajo la l\u00ednea de pobreza. Claro que ese Estado nadie lo quiere y es una manifestaci\u00f3n diab\u00f3lica\u201d, dijo, en referencia al kirchnerismo.<br><br><br>La presencia del Estado<br>El referente evang\u00e9lico se sorprendi\u00f3 con el mensaje de Milei, quien vincul\u00f3 al capitalismo con el protestantismo, como si eso fuera un argumento suficiente.\u201d El Presidente, o quienes le escriben los discursos, olvida o ignora que fue en sociedades capitalistas y protestantes, como la de Estados Unidos e Inglaterra donde se desarroll\u00f3 y sostuvieron la esclavitud y el racismo, a\u00fan hoy no superados\u201d.<br><br>Y agreg\u00f3: \u201cLo que olvida o ignora el Presidente es que los pa\u00edses de mejor nivel de vida para todos y no para unos pocos, son los pa\u00edses escandinavos, basados en principios protestantes, pero aplicados por un Estado muy presente\u201d.<br><br><br>Saracco insisti\u00f3 en que no existen antecedentes de presidentes que ocuparan un p\u00falpito religioso para bajar una determinada l\u00ednea pol\u00edtica y, adem\u00e1s, descalificar a los adversarios. \u201cCada vez que se uni\u00f3 la fe con la pol\u00edtica, la que perdi\u00f3 es la fe\u201d, resumi\u00f3.<br><br><br>Se le record\u00f3 la actitud del presidente Ra\u00fal Alfons\u00edn, cuando en una misa celebrada el 2 de abril de 1987 en la iglesia Stella Maris respondi\u00f3 las fuertes cr\u00edticas a su gobierno que hab\u00eda expresado el vicario castrense, Jos\u00e9 Miguel Medina. \u201cFue totalmente diferente. No es que la Iglesia le dio el espacio para que hablara lo que quiera. No lo invitaron a hablar y dar un discurso, como en este caso\u201d, precis\u00f3 el pastor evang\u00e9lico.<br><br>\u201cLa Iglesia como tal, sea cristiana, evang\u00e9lica o cat\u00f3lica, no puede estar identificada con ning\u00fan partido pol\u00edtico. No est\u00e1 bien dar un espacio en el p\u00falpito para difundir una expresi\u00f3n pol\u00edtica determinada. Lo que se dice en ese lugar tiene un peso y un valor agregado, especialmente para quienes profesan una fe. No podemos colocar en ese lugar a un pol\u00edtico\u201d, concluy\u00f3.<\/p>\n","protected":false},"excerpt":{"rendered":"<p>Fuertes cr\u00edticas de un pastor evang\u00e9lico al discurso de Milei en un templo en el Chaco\u201cFue una presencia lamentable\u201d, dijo Norberto Saracco, pastor de la iglesia cristiana Buenas Nuevas, de Parque Avellaneda, con 56 a\u00f1os como l\u00edder de comunidades evang\u00e9licas Un fuerte malestar gener\u00f3 en sectores de la comunidad evang\u00e9lica la presencia de Javier Milei&#8230;<\/p>\n","protected":false},"author":11,"featured_media":6069,"comment_status":"open","ping_status":"open","sticky":false,"template":"","format":"standard","meta":{"_monsterinsights_skip_tracking":false,"_monsterinsights_sitenote_active":false,"_monsterinsights_sitenote_note":"","_monsterinsights_sitenote_category":0,"footnotes":"","jetpack_publicize_message":"","jetpack_publicize_feature_enabled":true,"jetpack_social_post_already_shared":true,"jetpack_social_options":{"image_generator_settings":{"template":"highway","default_image_id":0,"font":"","enabled":false},"version":2}},"categories":[2],"tags":[],"class_list":["post-6070","post","type-post","status-publish","format-standard","has-post-thumbnail","hentry","category-politica"],"jetpack_publicize_connections":[],"_links":{"self":[{"href":"https:\/\/www.enorsai.com\/noticias\/wp-json\/wp\/v2\/posts\/6070","targetHints":{"allow":["GET"]}}],"collection":[{"href":"https:\/\/www.enorsai.com\/noticias\/wp-json\/wp\/v2\/posts"}],"about":[{"href":"https:\/\/www.enorsai.com\/noticias\/wp-json\/wp\/v2\/types\/post"}],"author":[{"embeddable":true,"href":"https:\/\/www.enorsai.com\/noticias\/wp-json\/wp\/v2\/users\/11"}],"replies":[{"embeddable":true,"href":"https:\/\/www.enorsai.com\/noticias\/wp-json\/wp\/v2\/comments?post=6070"}],"version-history":[{"count":0,"href":"https:\/\/www.enorsai.com\/noticias\/wp-json\/wp\/v2\/posts\/6070\/revisions"}],"wp:featuredmedia":[{"embeddable":true,"href":"https:\/\/www.enorsai.com\/noticias\/wp-json\/wp\/v2\/media\/6069"}],"wp:attachment":[{"href":"https:\/\/www.enorsai.com\/noticias\/wp-json\/wp\/v2\/media?parent=6070"}],"wp:term":[{"taxonomy":"category","embeddable":true,"href":"https:\/\/www.enorsai.com\/noticias\/wp-json\/wp\/v2\/categories?post=6070"},{"taxonomy":"post_tag","embeddable":true,"href":"https:\/\/www.enorsai.com\/noticias\/wp-json\/wp\/v2\/tags?post=6070"}],"curies":[{"name":"wp","href":"https:\/\/api.w.org\/{rel}","templated":true}]}}