{"id":6068,"date":"2025-07-09T11:04:12","date_gmt":"2025-07-09T14:04:12","guid":{"rendered":"https:\/\/www.enorsai.com\/noticias\/politica\/axel-kicillof-la-verdadera-independencia-se-construye-defendiendo-la-soberania\/"},"modified":"2025-07-09T11:04:12","modified_gmt":"2025-07-09T14:04:12","slug":"axel-kicillof-la-verdadera-independencia-se-construye-defendiendo-la-soberania","status":"publish","type":"post","link":"https:\/\/www.enorsai.com\/noticias\/politica\/axel-kicillof-la-verdadera-independencia-se-construye-defendiendo-la-soberania\/","title":{"rendered":"Axel Kicillof: \u201cLa verdadera independencia se construye defendiendo la soberan\u00eda\u201d"},"content":{"rendered":"\n<p>El gobernador bonaerense public\u00f3 un mensaje con fuerte tono pol\u00edtico, en el que reivindic\u00f3 la justicia social y apunt\u00f3 contra las declaraciones del Presidente sobre la \u201caberraci\u00f3n\u201d de ese concepto.<br><br>Axel Kicillof aprovech\u00f3 la conmemoraci\u00f3n del 9 de julio para marcar diferencias con Javier Milei. Defendi\u00f3 la soberan\u00eda, la producci\u00f3n nacional y la justicia social, en respuesta a las cr\u00edticas presidenciales, y ratific\u00f3 su modelo pol\u00edtico para la provincia de Buenos Aires.<br><br>Cuerpo de la nota<br><br>En el marco de los 209 a\u00f1os de la independencia argentina, el gobernador bonaerense Axel Kicillof public\u00f3 este mi\u00e9rcoles un mensaje a trav\u00e9s de sus redes sociales en el que asegur\u00f3 que \u201cla verdadera independencia se construye defendiendo la soberan\u00eda\u201d. Sus declaraciones se producen como una r\u00e9plica directa a los recientes dichos del presidente Javier Milei, quien durante un acto en una iglesia evang\u00e9lica en Chaco calific\u00f3 a la justicia social como una \u201caberraci\u00f3n\u201d propia de una \u201csociedad de envidiosos.\u201d<br><br>\u201cLa verdadera independencia se construye defendiendo la soberan\u00eda, los recursos, el trabajo, la educaci\u00f3n y la producci\u00f3n nacional. Es sin\u00f3nimo de libertad pero tambi\u00e9n de justicia social, porque todos tienen derecho a un futuro mejor,\u201d expres\u00f3 Kicillof, reforzando el concepto que se convirti\u00f3 en uno de los ejes de su gesti\u00f3n.<br><br>En sinton\u00eda, el Gobierno de la Provincia de Buenos Aires emiti\u00f3 un mensaje institucional donde subray\u00f3 que \u201cdefender la Patria es trabajar todos los d\u00edas para que las y los bonaerenses tengan una vida mejor,\u201d destacando que con \u201cm\u00e1s educaci\u00f3n, m\u00e1s salud y m\u00e1s soberan\u00eda\u201d se construye tanto la independencia como el futuro del pa\u00eds.<br><br>Para cerrar su saludo por la fecha patria, el mandatario provincial reafirm\u00f3 su compromiso pol\u00edtico: \u201c\u00c9ste es el modelo que nos representa y por el que vamos a seguir luchando desde nuestra provincia. \u00a1Feliz D\u00eda de la Independencia!\u201d<br><br>Las palabras de Kicillof marcan un nuevo cap\u00edtulo en la tensi\u00f3n discursiva con el presidente Milei, en medio de un contexto pol\u00edtico polarizado y con fuertes debates sobre el rumbo econ\u00f3mico y social del pa\u00eds.<br><\/p>\n\n\n\n<p><\/p>\n","protected":false},"excerpt":{"rendered":"<p>El gobernador bonaerense public\u00f3 un mensaje con fuerte tono pol\u00edtico, en el que reivindic\u00f3 la justicia social y apunt\u00f3 contra las declaraciones del Presidente sobre la \u201caberraci\u00f3n\u201d de ese concepto. Axel Kicillof aprovech\u00f3 la conmemoraci\u00f3n del 9 de julio para marcar diferencias con Javier Milei. Defendi\u00f3 la soberan\u00eda, la producci\u00f3n nacional y la justicia social,&#8230;<\/p>\n","protected":false},"author":13,"featured_media":6067,"comment_status":"open","ping_status":"open","sticky":false,"template":"","format":"standard","meta":{"_monsterinsights_skip_tracking":false,"_monsterinsights_sitenote_active":false,"_monsterinsights_sitenote_note":"","_monsterinsights_sitenote_category":0,"footnotes":"","jetpack_publicize_message":"","jetpack_publicize_feature_enabled":true,"jetpack_social_post_already_shared":true,"jetpack_social_options":{"image_generator_settings":{"template":"highway","default_image_id":0,"font":"","enabled":false},"version":2}},"categories":[2],"tags":[],"class_list":["post-6068","post","type-post","status-publish","format-standard","has-post-thumbnail","hentry","category-politica"],"jetpack_publicize_connections":[],"_links":{"self":[{"href":"https:\/\/www.enorsai.com\/noticias\/wp-json\/wp\/v2\/posts\/6068","targetHints":{"allow":["GET"]}}],"collection":[{"href":"https:\/\/www.enorsai.com\/noticias\/wp-json\/wp\/v2\/posts"}],"about":[{"href":"https:\/\/www.enorsai.com\/noticias\/wp-json\/wp\/v2\/types\/post"}],"author":[{"embeddable":true,"href":"https:\/\/www.enorsai.com\/noticias\/wp-json\/wp\/v2\/users\/13"}],"replies":[{"embeddable":true,"href":"https:\/\/www.enorsai.com\/noticias\/wp-json\/wp\/v2\/comments?post=6068"}],"version-history":[{"count":0,"href":"https:\/\/www.enorsai.com\/noticias\/wp-json\/wp\/v2\/posts\/6068\/revisions"}],"wp:featuredmedia":[{"embeddable":true,"href":"https:\/\/www.enorsai.com\/noticias\/wp-json\/wp\/v2\/media\/6067"}],"wp:attachment":[{"href":"https:\/\/www.enorsai.com\/noticias\/wp-json\/wp\/v2\/media?parent=6068"}],"wp:term":[{"taxonomy":"category","embeddable":true,"href":"https:\/\/www.enorsai.com\/noticias\/wp-json\/wp\/v2\/categories?post=6068"},{"taxonomy":"post_tag","embeddable":true,"href":"https:\/\/www.enorsai.com\/noticias\/wp-json\/wp\/v2\/tags?post=6068"}],"curies":[{"name":"wp","href":"https:\/\/api.w.org\/{rel}","templated":true}]}}