{"id":6050,"date":"2025-07-08T05:30:28","date_gmt":"2025-07-08T08:30:28","guid":{"rendered":"http:\/\/www.enorsai.com\/noticias\/?p=6050"},"modified":"2025-07-08T05:30:28","modified_gmt":"2025-07-08T08:30:28","slug":"equipaje-sin-control-aduanero-desata-un-sismo-politico-y-judicial-que-el-gobierno-de-milei-quiere-esconder-bajo-la-alfombra","status":"publish","type":"post","link":"https:\/\/www.enorsai.com\/noticias\/politica\/equipaje-sin-control-aduanero-desata-un-sismo-politico-y-judicial-que-el-gobierno-de-milei-quiere-esconder-bajo-la-alfombra\/","title":{"rendered":"Equipaje sin control aduanero desata un sismo pol\u00edtico y judicial que el gobierno de Milei quiere esconder bajo la alfombra"},"content":{"rendered":"\n<p><strong><em>Mientras la Casa Rosada intenta callar el eco del esc\u00e1ndalo, la Justicia investiga a fondo el paso de una valija sin declarar que viaj\u00f3 en un vuelo oficial desde Estados Unidos. Una trama que combina secretos, actores ligados al trumpismo y el silencioso intento de proteger a quienes caminan cerca del poder libertario.<\/em><\/strong><\/p>\n\n\n\n<p>El poder suele tener sus propias aduanas, esas que filtran lo que entra y lo que sale, no s\u00f3lo de los aeropuertos sino del relato p\u00fablico. Y en la Argentina de Javier Milei, la aduana parece haberse convertido en un colador de secretos inc\u00f3modos. El esc\u00e1ndalo de la valija que lleg\u00f3 al pa\u00eds sin control alguno, en un vuelo oficial procedente de Estados Unidos, es la m\u00e1s reciente postal de c\u00f3mo un gobierno que promete transparencia y fin de privilegios se enreda, cada vez m\u00e1s, en las mismas viejas pr\u00e1cticas que dec\u00eda venir a desterrar.<\/p>\n\n\n\n<p>Todo empez\u00f3 el 13 de junio, cuando el vuelo AR1091 aterriz\u00f3 en Ezeiza, trayendo de regreso a la comitiva presidencial que acompa\u00f1\u00f3 a Javier Milei a Estados Unidos para participar de eventos con empresarios y figuras del ala m\u00e1s dura del Partido Republicano. Entre los pasajeros ven\u00eda Karina Milei, la hermana y mano derecha presidencial, junto a Mart\u00edn Menem, presidente de la C\u00e1mara de Diputados, y Eduardo \u201cLule\u201d Menem, subsecretario de Gesti\u00f3n Institucional de la Secretar\u00eda General. Pero el verdadero protagonista del viaje fue un equipaje que nadie se animaba a mencionar.<\/p>\n\n\n\n<p>La valija, seg\u00fan admitieron fuentes oficiales, no pas\u00f3 por el control de la Aduana ni se realiz\u00f3 la correspondiente declaraci\u00f3n. Esto no ser\u00eda menor ni un simple \u201cdetalle administrativo\u201d, como intent\u00f3 minimizar el Gobierno. Porque no se trat\u00f3 de un bolso cualquiera, sino de un bulto que ingres\u00f3 al pa\u00eds sin ninguna documentaci\u00f3n que respaldara su contenido, lo cual encendi\u00f3 las alarmas de la Justicia. No es s\u00f3lo la valija: es lo que podr\u00eda haber adentro y lo que representa el hecho de que semejante irregularidad se encubra a ojos vista.<\/p>\n\n\n\n<p>Lo m\u00e1s perturbador es que la protagonista detr\u00e1s de ese equipaje es nada menos que Karina Milei, conocida puertas adentro como \u201cEl Jefe\u201d, una figura que maneja los hilos m\u00e1s sensibles del poder libertario. Pero si la situaci\u00f3n ya estaba cargada de tensi\u00f3n pol\u00edtica, se torn\u00f3 directamente explosiva al conocerse la identidad de quien transport\u00f3 la valija: Gilda Goldaracena, una abogada argentina, devota militante trumpista, con nexos con sectores ultraconservadores norteamericanos, y con residencia en Miami. Seg\u00fan revel\u00f3 P\u00e1gina\/12, Goldaracena fue vista en la zona de la pista en Ezeiza recibiendo el bulto y llev\u00e1ndoselo, sin exhibir ninguna documentaci\u00f3n que justificara el traslado ni ser sometida a los controles de rigor.<\/p>\n\n\n\n<p>\u00bfQui\u00e9n es esta mujer que carga misteriosas valijas y circula con libertad en la zona restringida del aeropuerto? Goldaracena se presenta como una abogada \u201cinternacionalista\u201d y se ufana de su proximidad a c\u00edrculos trumpistas, incluso de sus contactos con empresarios ligados al Partido Republicano y a la pr\u00e9dica del \u201cAm\u00e9rica Primero\u201d. No es una figura cualquiera, sino una pieza de un rompecabezas que conecta a la Casa Blanca de Trump con el despacho presidencial de Javier Milei. Esa cercan\u00eda, m\u00e1s all\u00e1 de lo ideol\u00f3gico, abre preguntas inquietantes sobre los intereses que podr\u00edan estar movi\u00e9ndose en las sombras.<\/p>\n\n\n<div class=\"wp-block-image\">\n<figure class=\"aligncenter\"><img decoding=\"async\" src=\"https:\/\/images.pagina12.com.ar\/styles\/width960\/public\/2025-07\/952797-4-1.jpg?itok=TScDfOb9\" alt=\"Las fotos que public\u00f3 TN\n\"\/><\/figure>\n<\/div>\n\n\n<p>Mientras tanto, el Gobierno hizo todo lo posible por tapar el asunto. Manuel Adorni, vocero presidencial, fue consultado en conferencia de prensa sobre el esc\u00e1ndalo y se neg\u00f3 a responder preguntas. Con un tartamudeo visible y evidente incomodidad, Adorni esquiv\u00f3 a los periodistas y busc\u00f3 dar por cerrado el tema con vaguedades que, lejos de disipar las sospechas, las alimentaron. Su silencio es un testimonio brutal de la opacidad que atraviesa a la gesti\u00f3n libertaria, a contramano de su pr\u00e9dica de \u201cgobierno abierto\u201d.<\/p>\n\n\n\n<p>El expediente judicial que investiga el caso est\u00e1 en manos del juez en lo Penal Econ\u00f3mico Pablo Yadarola, quien interviene por presunta violaci\u00f3n al C\u00f3digo Aduanero. La Aduana present\u00f3 una denuncia y solicit\u00f3 que se determine qui\u00e9n orden\u00f3 el paso sin control y, sobre todo, qu\u00e9 conten\u00eda exactamente la valija. Lo que se sabe hasta ahora es que el bulto fue etiquetado como \u201cmaterial de ceremonial\u201d, pero nadie exhibi\u00f3 documento alguno ni inventario de su contenido. \u00bfMaterial de ceremonial o cargamento con secretos pol\u00edticos y financieros? La diferencia no es menor y podr\u00eda tener consecuencias judiciales de alto voltaje.<\/p>\n\n\n\n<p>Lo que indigna es que este caso revela, con crudeza, el doble discurso libertario. Mientras Javier Milei posa como el adalid de la \u201ccasta que se roba todo\u201d, sus m\u00e1s \u00edntimos colaboradores, incluyendo a su hermana, son protagonistas de maniobras que huelen a privilegios reservados s\u00f3lo para quienes gozan del amparo del poder. \u00bfAcaso la Ley es para todos, menos para los libertarios que se creen due\u00f1os del Estado? Esa es la pregunta que sobrevuela los pasillos del Poder Judicial y los medios de comunicaci\u00f3n.<\/p>\n\n\n<div class=\"wp-block-image\">\n<figure class=\"aligncenter\"><img decoding=\"async\" src=\"https:\/\/images.pagina12.com.ar\/styles\/width960\/public\/2025-07\/953071-valijas-20sin-20control-20en-20aeroparque.jpg?itok=7PcGaAAv\" alt=\"Las fotos que public\u00f3 TN\"\/><\/figure>\n<\/div>\n\n\n<p>El blindaje pol\u00edtico es evidente. En la Casa Rosada hay absoluto hermetismo y temor a que la causa judicial escale y termine salpicando no s\u00f3lo a Karina Milei sino a la estructura de poder que orbita alrededor del Presidente. El gobierno, que tanto habla de austeridad y rep\u00fablica, se hunde cada vez m\u00e1s en la l\u00f3gica del secreto y el manejo discrecional. Como bien apunta P\u00e1gina\/12, lo grave no es s\u00f3lo el contenido de la valija sino el mensaje institucional que deja el hecho de que un grupo reducido de funcionarios se sienta con derecho a violar las normas que deben cumplir todos los ciudadanos.<\/p>\n\n\n\n<p>En la Argentina de Milei, las valijas misteriosas vuelven a ser s\u00edmbolo de zonas grises donde la pol\u00edtica y el poder econ\u00f3mico se mezclan, sin control ni rendici\u00f3n de cuentas. Un d\u00e9j\u00e0 vu que recuerda, inevitablemente, a otros esc\u00e1ndalos que mancharon gobiernos anteriores, aunque este Ejecutivo jure estar hecho de otra madera. Las im\u00e1genes de Goldaracena en la pista, con su valija en mano, se convirtieron en un emblema inc\u00f3modo para una gesti\u00f3n que promet\u00eda derribar privilegios. Pero el relato se estrella contra la realidad: mientras la mayor\u00eda de los argentinos debe declarar hasta un perfume comprado en el free shop, el entorno presidencial parece moverse por carriles donde la ley es un estorbo, no una obligaci\u00f3n.<\/p>\n\n\n\n<p>Es imposible saber hoy si la causa penal llegar\u00e1 hasta sus \u00faltimas consecuencias o si, como tantas otras, naufragar\u00e1 en el lodazal de las internas pol\u00edticas y las presiones del poder. Pero algo est\u00e1 claro: el gobierno de Javier Milei est\u00e1 mostrando que, detr\u00e1s del marketing de motosierra y recortes, se esconde un n\u00facleo duro de privilegios y secretos. Y esta valija, que viaj\u00f3 con m\u00e1s poder simb\u00f3lico que kilos, es la prueba m\u00e1s contundente de que el \u201cnuevo orden\u201d libertario podr\u00eda ser, apenas, el viejo orden de siempre, disfrazado de rebeld\u00eda.<\/p>\n\n\n\n<p>En definitiva, la valija inc\u00f3moda se convirti\u00f3 en mucho m\u00e1s que un simple bulto: es la met\u00e1fora perfecta de un gobierno que, mientras promete limpiar la casta, parece dispuesto a encubrir sus propios fantasmas, aunque para ello deba pasar por arriba de las leyes, las instituciones y hasta de la confianza de quienes lo votaron creyendo que todo ser\u00eda distinto.<\/p>\n\n\n\n<p>Fuentes:<\/p>\n\n\n\n<ul class=\"wp-block-list\">\n<li><a href=\"https:\/\/www.pagina12.com.ar\/840100-valijas-sin-control-el-escandalo-que-el-gobierno-quiso-tapar\nhttps:\/\/www.pagina12.com.ar\/840334-la-valijera-trumpista-bajo-la-lupa-judicial\nhttps:\/\/www.lapoliticaonline.com\/politica\/adorni-no-quiso-responder-preguntas-para-evitar-el-escandalo-de-la-valija\/\">https:\/\/www.pagina12.com.ar\/840100-valijas-sin-control-el-escandalo-que-el-gobierno-quiso-tapar<\/a><\/li>\n\n\n\n<li><a href=\"https:\/\/www.pagina12.com.ar\/840100-valijas-sin-control-el-escandalo-que-el-gobierno-quiso-tapar\nhttps:\/\/www.pagina12.com.ar\/840334-la-valijera-trumpista-bajo-la-lupa-judicial\nhttps:\/\/www.lapoliticaonline.com\/politica\/adorni-no-quiso-responder-preguntas-para-evitar-el-escandalo-de-la-valija\/\">https:\/\/www.pagina12.com.ar\/840334-la-valijera-trumpista-bajo-la-lupa-judicial<\/a><\/li>\n\n\n\n<li><a href=\"https:\/\/www.pagina12.com.ar\/840100-valijas-sin-control-el-escandalo-que-el-gobierno-quiso-tapar\nhttps:\/\/www.pagina12.com.ar\/840334-la-valijera-trumpista-bajo-la-lupa-judicial\nhttps:\/\/www.lapoliticaonline.com\/politica\/adorni-no-quiso-responder-preguntas-para-evitar-el-escandalo-de-la-valija\/\">https:\/\/www.lapoliticaonline.com\/politica\/adorni-no-quiso-responder-preguntas-para-evitar-el-escandalo-de-la-valija\/<\/a><\/li>\n<\/ul>\n","protected":false},"excerpt":{"rendered":"<p>Una valija sin declarar, ligada al entorno \u00edntimo de Javier Milei y a una abogada trumpista, desata un esc\u00e1ndalo pol\u00edtico y judicial. Mientras el gobierno intenta silenciar el caso, crecen las sospechas sobre privilegios, secretos y el verdadero rostro de un poder que promet\u00eda ser transparente y termin\u00f3 envuelto en sombras.<\/p>\n","protected":false},"author":9,"featured_media":6051,"comment_status":"open","ping_status":"open","sticky":false,"template":"","format":"standard","meta":{"_monsterinsights_skip_tracking":false,"_monsterinsights_sitenote_active":false,"_monsterinsights_sitenote_note":"","_monsterinsights_sitenote_category":0,"footnotes":"","jetpack_publicize_message":"","jetpack_publicize_feature_enabled":true,"jetpack_social_post_already_shared":true,"jetpack_social_options":{"image_generator_settings":{"template":"highway","default_image_id":0,"font":"","enabled":false},"version":2}},"categories":[2],"tags":[1925,75,630,1924,70,635,45,72,1926,1923],"class_list":["post-6050","post","type-post","status-publish","format-standard","has-post-thumbnail","hentry","category-politica","tag-aduana","tag-corrupcion","tag-escandalo","tag-goldaracena","tag-justicia","tag-karina","tag-milei","tag-politica","tag-trumpismo","tag-valija"],"jetpack_publicize_connections":[],"_links":{"self":[{"href":"https:\/\/www.enorsai.com\/noticias\/wp-json\/wp\/v2\/posts\/6050","targetHints":{"allow":["GET"]}}],"collection":[{"href":"https:\/\/www.enorsai.com\/noticias\/wp-json\/wp\/v2\/posts"}],"about":[{"href":"https:\/\/www.enorsai.com\/noticias\/wp-json\/wp\/v2\/types\/post"}],"author":[{"embeddable":true,"href":"https:\/\/www.enorsai.com\/noticias\/wp-json\/wp\/v2\/users\/9"}],"replies":[{"embeddable":true,"href":"https:\/\/www.enorsai.com\/noticias\/wp-json\/wp\/v2\/comments?post=6050"}],"version-history":[{"count":1,"href":"https:\/\/www.enorsai.com\/noticias\/wp-json\/wp\/v2\/posts\/6050\/revisions"}],"predecessor-version":[{"id":6052,"href":"https:\/\/www.enorsai.com\/noticias\/wp-json\/wp\/v2\/posts\/6050\/revisions\/6052"}],"wp:featuredmedia":[{"embeddable":true,"href":"https:\/\/www.enorsai.com\/noticias\/wp-json\/wp\/v2\/media\/6051"}],"wp:attachment":[{"href":"https:\/\/www.enorsai.com\/noticias\/wp-json\/wp\/v2\/media?parent=6050"}],"wp:term":[{"taxonomy":"category","embeddable":true,"href":"https:\/\/www.enorsai.com\/noticias\/wp-json\/wp\/v2\/categories?post=6050"},{"taxonomy":"post_tag","embeddable":true,"href":"https:\/\/www.enorsai.com\/noticias\/wp-json\/wp\/v2\/tags?post=6050"}],"curies":[{"name":"wp","href":"https:\/\/api.w.org\/{rel}","templated":true}]}}