{"id":6048,"date":"2025-07-08T00:22:58","date_gmt":"2025-07-08T03:22:58","guid":{"rendered":"https:\/\/www.enorsai.com\/noticias\/derechos-humanos\/confirman-condenas-de-tres-represores-de-la-dictadura-penas-de-10-a-12-anos-tras-la-reduccion-de-perpetuas\/"},"modified":"2025-07-08T00:22:58","modified_gmt":"2025-07-08T03:22:58","slug":"confirman-condenas-de-tres-represores-de-la-dictadura-penas-de-10-a-12-anos-tras-la-reduccion-de-perpetuas","status":"publish","type":"post","link":"https:\/\/www.enorsai.com\/noticias\/derechos-humanos\/confirman-condenas-de-tres-represores-de-la-dictadura-penas-de-10-a-12-anos-tras-la-reduccion-de-perpetuas\/","title":{"rendered":"Confirman condenas de tres represores de la dictadura: penas de 10 a 12 a\u00f1os tras la reducci\u00f3n de perpetuas"},"content":{"rendered":"\n<p>La C\u00e1mara Federal de Casaci\u00f3n Penal confirm\u00f3 las condenas impuestas a tres ex militares por delitos de lesa humanidad cometidos durante la \u00faltima dictadura c\u00edvico-militar, aunque ratific\u00f3 la reducci\u00f3n de las penas que originalmente hab\u00edan sido de prisi\u00f3n perpetua. Se trata de Mart\u00edn Eduardo S\u00e1nchez Zinny, Horacio Linari y Emilio Morello, este \u00faltimo tambi\u00e9n ex diputado nacional entre 1993 y 1997.<br><br>Los tres formaban parte del Regimiento de Infanter\u00eda Mecanizada 6 de Mercedes y hab\u00edan sido condenados inicialmente a perpetua por homicidio agravado con alevos\u00eda. Sin embargo, tras una revisi\u00f3n judicial, el delito fue recalificado como homicidio simple, lo que deriv\u00f3 en penas sensiblemente menores: S\u00e1nchez Zinny recibi\u00f3 12 a\u00f1os de prisi\u00f3n, mientras que Morello y Linari fueron condenados a 10 a\u00f1os cada uno.<br><br>Secuestros y fusilamientos<br><br>Seg\u00fan se prob\u00f3 en el juicio, el 10 de julio de 1976, un grupo de agentes \u2014entre ellos los tres condenados\u2014 irrumpi\u00f3 en una vivienda en el partido bonaerense de San Mart\u00edn, donde secuestraron a Jorge Emilio Arancibia y a otro militante del Partido Revolucionario de los Trabajadores. Ambos fueron posteriormente fusilados, y el cuerpo de Arancibia permaneci\u00f3 enterrado como NN hasta ser identificado en 2018.<br><br>Cuatro d\u00edas despu\u00e9s, realizaron otro operativo en Haedo, donde secuestraron y desaparecieron a Roc\u00edo \u00c1ngela Mart\u00ednez Borbolla y Pedro Oscar Martucci, tambi\u00e9n vinculados a la militancia pol\u00edtica. Varias de las v\u00edctimas contin\u00faan desaparecidas.<br><br>La sentencia de primera instancia hab\u00eda determinado que S\u00e1nchez Zinny fue coautor del homicidio simple de Arancibia y responsable de la privaci\u00f3n ilegal de la libertad agravada de cuatro personas: Roc\u00edo Mart\u00ednez Borbolla, Pedro Martucci, Pablo Pavich y un hombre a\u00fan no identificado.<br><br>Por su parte, Morello y Linari fueron hallados coautores del homicidio simple de Arancibia, en concurso real con la privaci\u00f3n ilegal de la libertad agravada de Pavich y del hombre sin identificar.<br><br>Las apelaciones<br><br>Las defensas de Morello y Linari \u2014a las que se sum\u00f3 la de S\u00e1nchez Zinny\u2014 impugnaron las nuevas penas, sosteniendo que resultaban excesivas, sobre todo teniendo en cuenta que las condenas superaban el m\u00ednimo legal de ocho a\u00f1os previsto para el homicidio simple. Alegaron que los imputados no dirigieron los operativos y que su participaci\u00f3n se limit\u00f3 a cumplir \u00f3rdenes de superiores. Tambi\u00e9n remarcaron que el RIM 6 de Mercedes no fue probado como centro clandestino de detenci\u00f3n, lo que habr\u00eda reducido la magnitud de los hechos dentro del plan sistem\u00e1tico de represi\u00f3n ilegal.<br><br>Por el contrario, el Ministerio P\u00fablico Fiscal y el Centro de Estudios Legales y Sociales (CELS) consideraron insuficientes las penas impuestas. Argumentaron que los cr\u00edmenes deb\u00edan ser considerados dentro del contexto de ataques sistem\u00e1ticos y generalizados, perpetrados por el aparato estatal durante el terrorismo de Estado, y pidieron 25 a\u00f1os de prisi\u00f3n para cada acusado, el m\u00e1ximo previsto para homicidio simple.<br><br>Desde la fiscal\u00eda se destac\u00f3 que los imputados no eran simples soldados rasos, sino oficiales del Ej\u00e9rcito con poder de mando y conocimiento del plan criminal. Adem\u00e1s, se subray\u00f3 el agravante de la clandestinidad y el prop\u00f3sito de ocultar pruebas, tal como lo demuestra el caso de Arancibia, cuyo cuerpo fue hallado m\u00e1s de cuatro d\u00e9cadas despu\u00e9s.<br><br>La decisi\u00f3n de Casaci\u00f3n<br><br>Al revisar los planteos, la Sala IV de la C\u00e1mara Federal de Casaci\u00f3n Penal \u2014integrada por los jueces Mariano Borinsky, Javier Carbajo y Gustavo Hornos\u2014 resolvi\u00f3 rechazar todos los recursos tanto de las defensas como de las acusaciones.<br><br>Para el tribunal, las penas impuestas por el TOF N\u00b0 2 resultaron \u201cprudentes, razonadas y razonables\u201d, y fueron proporcionales a la gravedad de los hechos y a la responsabilidad individual de los condenados. Los camaristas consideraron que los planteos de las partes fueron meras discrepancias sobre la intensidad de las penas y la valoraci\u00f3n de los hechos, sin que existieran defectos que configuraran arbitrariedad.<br><br>Si bien admitieron que los cr\u00edmenes fueron cometidos en el marco de un gobierno de facto, el tribunal ponder\u00f3 como atenuantes la juventud y escasa antig\u00fcedad de los condenados en la estructura castrense, as\u00ed como su grado de participaci\u00f3n, subordinado a mandos superiores.<br><br>Con esta decisi\u00f3n, las condenas a S\u00e1nchez Zinny, Linari y Morello quedaron firmes, cerrando as\u00ed un nuevo cap\u00edtulo judicial en la b\u00fasqueda de memoria, verdad y justicia por los cr\u00edmenes perpetrados durante la dictadura.<br><br>Fuente:<\/p>\n\n\n\n<ul class=\"wp-block-list\">\n<li>https:\/\/www.infobae.com\/judiciales\/2025\/07\/06\/confirmaron-las-condenas-de-tres-represores-a-los-que-les-redujeron-la-pena-luego-de-haber-recibido-perpetua\/<\/li>\n<\/ul>\n","protected":false},"excerpt":{"rendered":"<p>La C\u00e1mara Federal de Casaci\u00f3n Penal confirm\u00f3 las condenas impuestas a tres ex militares por delitos de lesa humanidad cometidos durante la \u00faltima dictadura c\u00edvico-militar, aunque ratific\u00f3 la reducci\u00f3n de las penas que originalmente hab\u00edan sido de prisi\u00f3n perpetua. Se trata de Mart\u00edn Eduardo S\u00e1nchez Zinny, Horacio Linari y Emilio Morello, este \u00faltimo tambi\u00e9n ex&#8230;<\/p>\n","protected":false},"author":12,"featured_media":6047,"comment_status":"open","ping_status":"open","sticky":false,"template":"","format":"standard","meta":{"_monsterinsights_skip_tracking":false,"_monsterinsights_sitenote_active":false,"_monsterinsights_sitenote_note":"","_monsterinsights_sitenote_category":0,"footnotes":"","jetpack_publicize_message":"","jetpack_publicize_feature_enabled":true,"jetpack_social_post_already_shared":true,"jetpack_social_options":{"image_generator_settings":{"template":"highway","default_image_id":0,"font":"","enabled":false},"version":2}},"categories":[1908],"tags":[],"class_list":["post-6048","post","type-post","status-publish","format-standard","has-post-thumbnail","hentry","category-derechos-humanos"],"jetpack_publicize_connections":[],"_links":{"self":[{"href":"https:\/\/www.enorsai.com\/noticias\/wp-json\/wp\/v2\/posts\/6048","targetHints":{"allow":["GET"]}}],"collection":[{"href":"https:\/\/www.enorsai.com\/noticias\/wp-json\/wp\/v2\/posts"}],"about":[{"href":"https:\/\/www.enorsai.com\/noticias\/wp-json\/wp\/v2\/types\/post"}],"author":[{"embeddable":true,"href":"https:\/\/www.enorsai.com\/noticias\/wp-json\/wp\/v2\/users\/12"}],"replies":[{"embeddable":true,"href":"https:\/\/www.enorsai.com\/noticias\/wp-json\/wp\/v2\/comments?post=6048"}],"version-history":[{"count":0,"href":"https:\/\/www.enorsai.com\/noticias\/wp-json\/wp\/v2\/posts\/6048\/revisions"}],"wp:featuredmedia":[{"embeddable":true,"href":"https:\/\/www.enorsai.com\/noticias\/wp-json\/wp\/v2\/media\/6047"}],"wp:attachment":[{"href":"https:\/\/www.enorsai.com\/noticias\/wp-json\/wp\/v2\/media?parent=6048"}],"wp:term":[{"taxonomy":"category","embeddable":true,"href":"https:\/\/www.enorsai.com\/noticias\/wp-json\/wp\/v2\/categories?post=6048"},{"taxonomy":"post_tag","embeddable":true,"href":"https:\/\/www.enorsai.com\/noticias\/wp-json\/wp\/v2\/tags?post=6048"}],"curies":[{"name":"wp","href":"https:\/\/api.w.org\/{rel}","templated":true}]}}