{"id":6044,"date":"2025-07-07T22:25:16","date_gmt":"2025-07-08T01:25:16","guid":{"rendered":"https:\/\/www.enorsai.com\/noticias\/politica\/milei-cerro-el-instituto-nacional-del-cancer-ajuste-brutal-en-salud-publica\/"},"modified":"2025-07-07T22:25:16","modified_gmt":"2025-07-08T01:25:16","slug":"milei-cerro-el-instituto-nacional-del-cancer-ajuste-brutal-en-salud-publica","status":"publish","type":"post","link":"https:\/\/www.enorsai.com\/noticias\/politica\/milei-cerro-el-instituto-nacional-del-cancer-ajuste-brutal-en-salud-publica\/","title":{"rendered":"Milei cerr\u00f3 el Instituto Nacional del C\u00e1ncer: ajuste brutal en salud p\u00fablica"},"content":{"rendered":"\n<p>En un nuevo golpe a la salud p\u00fablica, el Gobierno de Javier Milei oficializ\u00f3 el cierre del Instituto Nacional del C\u00e1ncer (INC), una de las instituciones clave en la prevenci\u00f3n, tratamiento e investigaci\u00f3n de esta enfermedad que representa la segunda causa de muerte en Argentina. La medida, que tambi\u00e9n alcanza al Instituto Nacional de Enfermedades Cardiovasculares, se concret\u00f3 mediante una resoluci\u00f3n del Ministerio de Salud a cargo de Mario Russo y forma parte del brutal recorte del Estado que impulsa el Ejecutivo.<br><br>Seg\u00fan la resoluci\u00f3n 51\/2024 publicada este lunes en el Bolet\u00edn Oficial, el Instituto quedar\u00e1 absorbido por la Subsecretar\u00eda de Estrategias Sanitarias, en el marco de una \u00abreorganizaci\u00f3n administrativa\u00bb. En t\u00e9rminos pol\u00edticos concretos: se disuelve un organismo con autonom\u00eda operativa y t\u00e9cnica, con personal especializado y programas de asistencia directa a pacientes oncol\u00f3gicos, en nombre de una supuesta eficiencia burocr\u00e1tica que no es otra cosa que ajuste salvaje.<\/p>\n\n\n\n<p><br><br>Una decisi\u00f3n criminal disfrazada de \u201creforma\u201d<br><br>Desde el Ministerio de Salud afirman que las funciones del Instituto \u201cser\u00e1n absorbidas por \u00e1reas existentes\u201d, repitiendo el libreto neoliberal que reduce la salud a una cuesti\u00f3n de administraci\u00f3n interna. Pero detr\u00e1s de esa frase vac\u00eda se esconde una realidad preocupante: desmantelar el INC implica retroceder d\u00e9cadas en pol\u00edticas sanitarias p\u00fablicas dise\u00f1adas para reducir la incidencia y mortalidad por c\u00e1ncer en el pa\u00eds.<br><br>El Instituto contaba con programas fundamentales como el de prevenci\u00f3n del c\u00e1ncer de cuello uterino, de mama, colon y pr\u00f3stata, adem\u00e1s de investigaciones cl\u00ednicas y formaci\u00f3n de profesionales. Tambi\u00e9n articulaba pol\u00edticas p\u00fablicas con las provincias, garantizando el acceso a diagn\u00f3sticos tempranos y tratamientos en todo el territorio nacional. Su eliminaci\u00f3n deja a miles de pacientes en situaci\u00f3n de mayor vulnerabilidad, especialmente en contextos donde el sistema de salud provincial ya est\u00e1 colapsado por la falta de recursos.<\/p>\n\n\n\n<p><br><br>Una pol\u00edtica de abandono a los m\u00e1s vulnerables<br><br>La medida no sorprende. Milei ya hab\u00eda eliminado el Ministerio de Salud durante su paso por el Congreso y como presidente profundiza ese camino de destrucci\u00f3n del sistema sanitario p\u00fablico. En paralelo al cierre del INC, el Gobierno tambi\u00e9n elimin\u00f3 el Instituto Nacional de las Enfermedades Cardiovasculares, otra pieza clave en la prevenci\u00f3n de enfermedades cr\u00f3nicas no transmisibles que afectan a millones de argentinos.<br><br>Ambas decisiones fueron tomadas sin consultar a especialistas ni a la comunidad cient\u00edfica. No hubo debate p\u00fablico, ni informes t\u00e9cnicos que respaldaran la supuesta \u201creorganizaci\u00f3n\u201d. Solo un decreto con firma, tinta y sangre.<\/p>\n\n\n\n<p><br><br>Un recorte que cuesta vidas<br><br>Lejos de ser una medida neutra o meramente administrativa, el cierre del Instituto Nacional del C\u00e1ncer es una decisi\u00f3n con consecuencias directas en la vida de las personas. Menos prevenci\u00f3n, menos diagn\u00f3sticos precoces, menos investigaci\u00f3n, menos formaci\u00f3n m\u00e9dica, m\u00e1s desigualdad. Porque si el Estado se retira, no todos pueden pagar una mamograf\u00eda, un PAP o un tratamiento de quimioterapia.<br><br>En un pa\u00eds donde se detectan m\u00e1s de 130 mil casos de c\u00e1ncer al a\u00f1o y donde m\u00e1s de 70 mil personas mueren anualmente por esta enfermedad, cerrar el organismo que coordinaba las pol\u00edticas p\u00fablicas para enfrentar esta epidemia es lisa y llanamente una pol\u00edtica de exterminio social encubierta en lenguaje tecnocr\u00e1tico.<\/p>\n\n\n\n<p><br><br>Silencio oficial y repudio social<br><br>Mientras el gobierno guarda silencio o justifica con frases como \u201cachicar el Estado para que crezca la libertad\u201d, los profesionales de la salud, pacientes oncol\u00f3gicos y organizaciones civiles ya expresan su repudio. Desde distintas asociaciones alertaron que esta decisi\u00f3n representa un retroceso inadmisible en el acceso a derechos fundamentales.<br><br>No es solo el cierre de un organismo: es el cierre de oportunidades para vivir. Porque en el modelo de Milei, los \u00fanicos que merecen asistencia m\u00e9dica son los que pueden pagarla. El resto, que se arregle como pueda.<br><br>Fuentes:<\/p>\n\n\n\n<ul class=\"wp-block-list\">\n<li>https:\/\/www.ambito.com\/politica\/el-gobierno-anuncio-reformas-el-ministerio-salud-oficializaron-el-cierre-del-instituto-nacional-del-cancer-n6164810\/<\/li>\n\n\n\n<li>https:\/\/www.minutouno.com\/politica\/el-gobierno-elimino-el-instituto-nacional-del-cancer-y-el-las-enfermedades-cardiovasculares-n6164806<\/li>\n\n\n\n<li>https:\/\/www.laizquierdadiario.com\/Milei-y-Lugones-preparan-un-decreto-para-cerrar-el<\/li>\n<\/ul>\n","protected":false},"excerpt":{"rendered":"<p>En un nuevo golpe a la salud p\u00fablica, el Gobierno de Javier Milei oficializ\u00f3 el cierre del Instituto Nacional del C\u00e1ncer (INC), una de las instituciones clave en la prevenci\u00f3n, tratamiento e investigaci\u00f3n de esta enfermedad que representa la segunda causa de muerte en Argentina. La medida, que tambi\u00e9n alcanza al Instituto Nacional de Enfermedades&#8230;<\/p>\n","protected":false},"author":2,"featured_media":6043,"comment_status":"open","ping_status":"open","sticky":false,"template":"","format":"standard","meta":{"_monsterinsights_skip_tracking":false,"_monsterinsights_sitenote_active":false,"_monsterinsights_sitenote_note":"","_monsterinsights_sitenote_category":0,"footnotes":"","jetpack_publicize_message":"","jetpack_publicize_feature_enabled":true,"jetpack_social_post_already_shared":true,"jetpack_social_options":{"image_generator_settings":{"template":"highway","default_image_id":0,"font":"","enabled":false},"version":2}},"categories":[2,4],"tags":[],"class_list":["post-6044","post","type-post","status-publish","format-standard","has-post-thumbnail","hentry","category-politica","category-sociedad"],"jetpack_publicize_connections":[],"_links":{"self":[{"href":"https:\/\/www.enorsai.com\/noticias\/wp-json\/wp\/v2\/posts\/6044","targetHints":{"allow":["GET"]}}],"collection":[{"href":"https:\/\/www.enorsai.com\/noticias\/wp-json\/wp\/v2\/posts"}],"about":[{"href":"https:\/\/www.enorsai.com\/noticias\/wp-json\/wp\/v2\/types\/post"}],"author":[{"embeddable":true,"href":"https:\/\/www.enorsai.com\/noticias\/wp-json\/wp\/v2\/users\/2"}],"replies":[{"embeddable":true,"href":"https:\/\/www.enorsai.com\/noticias\/wp-json\/wp\/v2\/comments?post=6044"}],"version-history":[{"count":0,"href":"https:\/\/www.enorsai.com\/noticias\/wp-json\/wp\/v2\/posts\/6044\/revisions"}],"wp:featuredmedia":[{"embeddable":true,"href":"https:\/\/www.enorsai.com\/noticias\/wp-json\/wp\/v2\/media\/6043"}],"wp:attachment":[{"href":"https:\/\/www.enorsai.com\/noticias\/wp-json\/wp\/v2\/media?parent=6044"}],"wp:term":[{"taxonomy":"category","embeddable":true,"href":"https:\/\/www.enorsai.com\/noticias\/wp-json\/wp\/v2\/categories?post=6044"},{"taxonomy":"post_tag","embeddable":true,"href":"https:\/\/www.enorsai.com\/noticias\/wp-json\/wp\/v2\/tags?post=6044"}],"curies":[{"name":"wp","href":"https:\/\/api.w.org\/{rel}","templated":true}]}}