{"id":6042,"date":"2025-07-07T21:32:19","date_gmt":"2025-07-08T00:32:19","guid":{"rendered":"https:\/\/www.enorsai.com\/noticias\/derechos-humanos\/las-abuelas-lo-volvieron-a-hacer-restituyeron-al-nieto-140\/"},"modified":"2025-07-07T21:32:19","modified_gmt":"2025-07-08T00:32:19","slug":"las-abuelas-lo-volvieron-a-hacer-restituyeron-al-nieto-140","status":"publish","type":"post","link":"https:\/\/www.enorsai.com\/noticias\/derechos-humanos\/las-abuelas-lo-volvieron-a-hacer-restituyeron-al-nieto-140\/","title":{"rendered":"LAS ABUELAS LO VOLVIERON A HACER: RESTITUYERON AL NIETO 140"},"content":{"rendered":"\n<p>(Por Beatriz Chisleanschi) La noticia result\u00f3 un mimo al alma, las Abuelas restitu\u00edan al nieto 140 y una alegr\u00eda enorme, mancomunada, hermanada, recorri\u00f3 el pa\u00eds de punta a punta; de lado a lado. <br><br>Cuando la pol\u00edtica del odio acecha, amenaza, arrecia y parece que se lleva todo puesto. Cuando el Poder Judicial imparte injusticia y decide condenar y proscribir sin pruebas, s\u00f3lo en base a convicciones, o detiene ilegalmente a militantes, llegan las Abuelas de Plaza de Mayo a decirnos que el amor existe, que est\u00e1 vivo, que la Identidad siempre Florece y que no van a cesar su b\u00fasqueda hasta poder dar con los 500 nietxs apropiadxs por la Dictadura Militar. <br><br>Ellas, con sus noventa y pico encima.\u00a0 Ellas, muchas que ya no est\u00e1n, pero que traspasaron su lucha a las manos de sus hijes y nietes. Ellas, sintetizadas en una Estela de Carlotto emocionada que en Conferencia de Prensa confirm\u00f3 la identidad del nieto a quien, una importante porci\u00f3n de la sociedad abraza y da la bienvenida. <br><br>\u201cAnunciamos con enorme felicidad y damos la bienvenida al nieto Nro. 140, hijo de Graciela Romero y Ra\u00fal Eugenio Metz. \u00a1Bienvenido!\u201d, anunci\u00f3 Estela. A su lado, estaba Adriana, la hermana del Nieto 140 que segu\u00eda entre l\u00e1grimas cada una de las palabras de la presidenta de Abuelas de Plaza de Mayo. Adriana ten\u00eda 1 a\u00f1o cuando se llevaron secuestradxs a su mam\u00e1 y su pap\u00e1 y, junto a su abuela paterna, primero y con la compa\u00f1\u00eda de una organizaci\u00f3n y hermanxs del alma, luego, no ces\u00f3 en la b\u00fasqueda de su hermano. <\/p>\n\n\n\n<figure class=\"wp-block-image size-large\"><img loading=\"lazy\" decoding=\"async\" width=\"790\" height=\"444\" src=\"https:\/\/www.enorsai.com\/noticias\/wp-content\/uploads\/2025\/07\/graciela-romero-y-raul-metz-padres-del-nieto-1408569551186156057271.jpeg\" alt=\"\" class=\"wp-image-6040\" srcset=\"https:\/\/www.enorsai.com\/noticias\/wp-content\/uploads\/2025\/07\/graciela-romero-y-raul-metz-padres-del-nieto-1408569551186156057271.jpeg 790w, https:\/\/www.enorsai.com\/noticias\/wp-content\/uploads\/2025\/07\/graciela-romero-y-raul-metz-padres-del-nieto-1408569551186156057271-300x169.jpeg 300w, https:\/\/www.enorsai.com\/noticias\/wp-content\/uploads\/2025\/07\/graciela-romero-y-raul-metz-padres-del-nieto-1408569551186156057271-768x432.jpeg 768w\" sizes=\"auto, (max-width: 790px) 100vw, 790px\" \/><figcaption class=\"wp-element-caption\">Graciela Romero y Ra\u00fal Metz<\/figcaption><\/figure>\n\n\n\n<p>Respecto a la sucesi\u00f3n de la b\u00fasqueda, Carlotto sostuvo que \u00ablas abuelas que ya no est\u00e1n\u00bb, los nietos que las acompa\u00f1an y las personas que trabajan en la Asociaci\u00f3n son los que les dan \u00abfuerzas para seguir\u00bb. Adem\u00e1s, agradeci\u00f3 a\u00fan \u00abestar l\u00facida\u00bb.<br><br>\u00abEs un b\u00e1lsamo para seguir a pesar de las circunstancias\u00bb, se\u00f1al\u00f3 Estela sin aclarar mucho m\u00e1s. Ya se saben cu\u00e1les son las circunstancias: una pol\u00edtica en contra de los Derechos Humanos y una aspiraci\u00f3n a destruir todo lo construido en esa materia desde 1983 a la fecha.<br><br>Durante la Conferencia integrantes de la Asociaci\u00f3n Abuelas de Plaza de Mayo resaltaron \u201cla labor silenciosa\u201d que realizan quienes trabajan en la Comisi\u00f3n Nacional por los Derechos a la Identidad, a\u00fan bajo condiciones laborales precarias. Pero, su compromiso con lxs nietxs que a\u00fan no conocen su identidad, con las Abuelas y con la historia de un pa\u00eds, contin\u00faan. <br><br>Para finalizar Estela de Carlotto subray\u00f3 \u201cCon la restituci\u00f3n del nieto 140 confirmamos, una vez m\u00e1s, que nuestros nietos y nietas est\u00e1n entre nosotros. Los vamos a encontrar gracias al trabajo que llevamos hace 47 a\u00f1os\u201d.<br><br>El nieto 140 y su historia <br><br>Naci\u00f3 el 17 de abril de 1977 en el centro clandestino conocido como La Escuelita de Bah\u00eda Blanca, localidad de donde eran oriundos sus padres Graciela y Ra\u00fal. Cuando ella estaba embarazada de cinco meses, ambos fueron secuestrados en Cutral \u2013 C\u00f3 en 1977. <br><br>Primero en Cutral-C\u00f3 y luego en La Escuelita, Graciela y Ra\u00fal, ambos militantes del ERP-PRT fueron duramente torturadxs y contin\u00faan desaparecidxs. En cautiverio, Graciela dio a luz un var\u00f3n mientras que su hermana Adriana, de apenas 1 a\u00f1o vivi\u00f3 con sus vecinxs un tiempito hasta que sus abuelxs paternxs Oscar y Elisa la fueron a buscar y se hicieron cargo de su educaci\u00f3n. <br><br>Adriana decidi\u00f3, en un momento, hacer un blog y desde all\u00ed, todos los 17 de abril le escrib\u00eda una carta de cumplea\u00f1os a su hermano con la esperanza que, desde alg\u00fan lugar, las lea. <br><br>Hoy no es un d\u00eda m\u00e1s en la vida de Adriana, hoy sabe que muy prontito podr\u00e1 abrazar a ese hermano que esper\u00f3 y busc\u00f3 toda su vida. <br><br>Adriana llora y nosotrxs lloramos con ella.<br><br>#Nieto140 \u00a1Bienvenido!<\/p>\n\n\n\n<p><\/p>\n\n\n\n<p>Fuente:<\/p>\n\n\n\n<ul class=\"wp-block-list\">\n<li>https:\/\/revistappv.com.ar\/las-abuelas-lo-volvieron-a-hacer-restituyeron-al-nieto-140\/<\/li>\n<\/ul>\n","protected":false},"excerpt":{"rendered":"<p>(Por Beatriz Chisleanschi) La noticia result\u00f3 un mimo al alma, las Abuelas restitu\u00edan al nieto 140 y una alegr\u00eda enorme, mancomunada, hermanada, recorri\u00f3 el pa\u00eds de punta a punta; de lado a lado. Cuando la pol\u00edtica del odio acecha, amenaza, arrecia y parece que se lleva todo puesto. Cuando el Poder Judicial imparte injusticia y&#8230;<\/p>\n","protected":false},"author":5,"featured_media":6041,"comment_status":"open","ping_status":"open","sticky":false,"template":"","format":"standard","meta":{"_monsterinsights_skip_tracking":false,"_monsterinsights_sitenote_active":false,"_monsterinsights_sitenote_note":"","_monsterinsights_sitenote_category":0,"footnotes":"","jetpack_publicize_message":"","jetpack_publicize_feature_enabled":true,"jetpack_social_post_already_shared":true,"jetpack_social_options":{"image_generator_settings":{"template":"highway","default_image_id":0,"font":"","enabled":false},"version":2}},"categories":[1908],"tags":[],"class_list":["post-6042","post","type-post","status-publish","format-standard","has-post-thumbnail","hentry","category-derechos-humanos"],"jetpack_publicize_connections":[],"_links":{"self":[{"href":"https:\/\/www.enorsai.com\/noticias\/wp-json\/wp\/v2\/posts\/6042","targetHints":{"allow":["GET"]}}],"collection":[{"href":"https:\/\/www.enorsai.com\/noticias\/wp-json\/wp\/v2\/posts"}],"about":[{"href":"https:\/\/www.enorsai.com\/noticias\/wp-json\/wp\/v2\/types\/post"}],"author":[{"embeddable":true,"href":"https:\/\/www.enorsai.com\/noticias\/wp-json\/wp\/v2\/users\/5"}],"replies":[{"embeddable":true,"href":"https:\/\/www.enorsai.com\/noticias\/wp-json\/wp\/v2\/comments?post=6042"}],"version-history":[{"count":0,"href":"https:\/\/www.enorsai.com\/noticias\/wp-json\/wp\/v2\/posts\/6042\/revisions"}],"wp:featuredmedia":[{"embeddable":true,"href":"https:\/\/www.enorsai.com\/noticias\/wp-json\/wp\/v2\/media\/6041"}],"wp:attachment":[{"href":"https:\/\/www.enorsai.com\/noticias\/wp-json\/wp\/v2\/media?parent=6042"}],"wp:term":[{"taxonomy":"category","embeddable":true,"href":"https:\/\/www.enorsai.com\/noticias\/wp-json\/wp\/v2\/categories?post=6042"},{"taxonomy":"post_tag","embeddable":true,"href":"https:\/\/www.enorsai.com\/noticias\/wp-json\/wp\/v2\/tags?post=6042"}],"curies":[{"name":"wp","href":"https:\/\/api.w.org\/{rel}","templated":true}]}}