{"id":6035,"date":"2025-07-07T17:10:41","date_gmt":"2025-07-07T20:10:41","guid":{"rendered":"https:\/\/www.enorsai.com\/noticias\/politica\/milei-se-queda-sin-superpoderes-y-apura-nuevos-recortes-inv-enre-enargas-y-vialidad-en-la-mira\/"},"modified":"2025-07-07T17:10:41","modified_gmt":"2025-07-07T20:10:41","slug":"milei-se-queda-sin-superpoderes-y-apura-nuevos-recortes-inv-enre-enargas-y-vialidad-en-la-mira","status":"publish","type":"post","link":"https:\/\/www.enorsai.com\/noticias\/politica\/milei-se-queda-sin-superpoderes-y-apura-nuevos-recortes-inv-enre-enargas-y-vialidad-en-la-mira\/","title":{"rendered":"Milei se queda sin superpoderes y apura nuevos recortes: INV, ENRE-Enargas y Vialidad en la mira"},"content":{"rendered":"\n<p>Con el reloj en contra y a horas de perder las facultades delegadas que le otorg\u00f3 el Congreso, el gobierno de Javier Milei acelera su \u201cmotosierra\u201d sobre el Estado. Sturzenegger va por ajustes en tres organismos clave mientras se tensan los v\u00ednculos con los gobernadores.<br><br>Javier Milei enfrenta un l\u00edmite pol\u00edtico y legal: el pr\u00f3ximo martes se terminan las facultades delegadas que le permitieron gobernar con amplios m\u00e1rgenes durante un a\u00f1o. En medio de esa cuenta regresiva, el Ejecutivo quiere exprimir hasta el \u00faltimo minuto los poderes especiales para ejecutar un nuevo paquete de recortes.<br><br>El ministro de Desregulaci\u00f3n, Federico Sturzenegger, ya tiene en carpeta tres movimientos: achicar el Instituto Nacional de Vitivinicultura (INV), fusionar el Ente Nacional Regulador de la Electricidad (ENRE) con el Ente Nacional Regulador del Gas (Enargas) y aplicar un dr\u00e1stico ajuste sobre la Direcci\u00f3n Nacional de Vialidad.<br><br>La motosierra final<br><br>Desde la Casa Rosada aseguran que la mayor parte de las reformas ya est\u00e1 hecha y que solo un 5% de los cambios depend\u00eda de las facultades delegadas. Sin embargo, buscan cerrar la etapa con decisiones que podr\u00edan dejar huella.<br><br>En el caso del INV, los recortes afectar\u00edan una actividad econ\u00f3mica y cultural sensible, especialmente en provincias como Mendoza y San Juan.<br><br>La fusi\u00f3n entre el ENRE y Enargas apunta a reducir estructuras que, seg\u00fan el discurso oficial, \u201cest\u00e1n duplicadas\u201d. No obstante, especialistas advierten sobre los riesgos de concentrar funciones regulatorias clave en un solo organismo.<br><br>Pero el conflicto m\u00e1s caliente es la poda sobre Vialidad Nacional, organismo que ya opera con presupuesto m\u00ednimo y es blanco de reclamos de gobernadores que denuncian el abandono de rutas y obras estrat\u00e9gicas.<br><br>52.340 despidos y cuentas pendientes<br><br>El \u201corgullo\u201d del oficialismo es el ajuste en la planta estatal: seg\u00fan datos del Centro de Econom\u00eda Pol\u00edtica Argentina (CEPA), entre despidos y no renovaciones, desde noviembre de 2023 hasta mayo de este a\u00f1o se perdieron 52.340 empleos p\u00fablicos, lo que implica una ca\u00edda del 15,2%.<br><br>La motosierra golpe\u00f3 con m\u00e1s fuerza en empresas estatales, entes descentralizados y la administraci\u00f3n central. Sturzenegger insiste en que todav\u00eda queda margen para avanzar v\u00eda decretos, aunque sin las facultades delegadas se le achica el margen de maniobra.<br><br>Gobernadores en pie de guerra<br><br>El malestar de las provincias se centra especialmente en Vialidad. Los mandatarios reclaman fondos para mantener rutas nacionales y presionan para que se coparticipe el impuesto a los combustibles, hoy clave para la caja del organismo.<br><br>\u201cNo puede seguir mirando para otro lado\u201d, lanz\u00f3 Gustavo S\u00e1enz, gobernador salte\u00f1o, reflejando el hartazgo de varios jefes provinciales que ya trabajan en proyectos de ley para frenar el ahogo financiero.<br><br>La tensi\u00f3n amenaza trasladarse al Congreso, donde la oposici\u00f3n dura y bloques ligados a gobernadores podr\u00edan unirse no solo para bloquear leyes del oficialismo, sino para derribar eventuales vetos presidenciales.<br><br>Interna libertaria<br><br>Mientras tanto, el oficialismo debate su estrategia pol\u00edtica. Un sector, liderado por Karina Milei y los hermanos Menem, busca \u201cpintar el pa\u00eds de violeta\u201d con candidatos propios en cada distrito, incluso enfrentando a gobernadores. Otros, como Santiago Caputo, aconsejan evitar choques directos para no aislarse pol\u00edticamente.<br><br>La fractura interna deja al gobierno con pocas certezas sobre c\u00f3mo manejar la nueva etapa que se abre esta semana, cuando se apague el reloj de los superpoderes y Milei deba gobernar atado al Congreso.<br><br>El final de las facultades delegadas podr\u00eda marcar un giro decisivo en la gesti\u00f3n libertaria. Pero, fiel a su estilo, el gobierno promete que la motosierra seguir\u00e1 en acci\u00f3n, aunque el terreno pol\u00edtico sea cada vez m\u00e1s empinado.<br><br>Fuente:<\/p>\n\n\n\n<ul class=\"wp-block-list\">\n<li>https:\/\/www.perfil.com\/noticias\/amp\/politica\/se-terminan-las-facultades-delegadas-y-javier-milei-debera-gobernar-sin-poderes-especiales.phtml<\/li>\n<\/ul>\n","protected":false},"excerpt":{"rendered":"<p>Con el reloj en contra y a horas de perder las facultades delegadas que le otorg\u00f3 el Congreso, el gobierno de Javier Milei acelera su \u201cmotosierra\u201d sobre el Estado. Sturzenegger va por ajustes en tres organismos clave mientras se tensan los v\u00ednculos con los gobernadores. Javier Milei enfrenta un l\u00edmite pol\u00edtico y legal: el pr\u00f3ximo&#8230;<\/p>\n","protected":false},"author":9,"featured_media":6034,"comment_status":"open","ping_status":"open","sticky":false,"template":"","format":"standard","meta":{"_monsterinsights_skip_tracking":false,"_monsterinsights_sitenote_active":false,"_monsterinsights_sitenote_note":"","_monsterinsights_sitenote_category":0,"footnotes":"","jetpack_publicize_message":"","jetpack_publicize_feature_enabled":true,"jetpack_social_post_already_shared":true,"jetpack_social_options":{"image_generator_settings":{"template":"highway","default_image_id":0,"font":"","enabled":false},"version":2}},"categories":[2],"tags":[],"class_list":["post-6035","post","type-post","status-publish","format-standard","has-post-thumbnail","hentry","category-politica"],"jetpack_publicize_connections":[],"_links":{"self":[{"href":"https:\/\/www.enorsai.com\/noticias\/wp-json\/wp\/v2\/posts\/6035","targetHints":{"allow":["GET"]}}],"collection":[{"href":"https:\/\/www.enorsai.com\/noticias\/wp-json\/wp\/v2\/posts"}],"about":[{"href":"https:\/\/www.enorsai.com\/noticias\/wp-json\/wp\/v2\/types\/post"}],"author":[{"embeddable":true,"href":"https:\/\/www.enorsai.com\/noticias\/wp-json\/wp\/v2\/users\/9"}],"replies":[{"embeddable":true,"href":"https:\/\/www.enorsai.com\/noticias\/wp-json\/wp\/v2\/comments?post=6035"}],"version-history":[{"count":0,"href":"https:\/\/www.enorsai.com\/noticias\/wp-json\/wp\/v2\/posts\/6035\/revisions"}],"wp:featuredmedia":[{"embeddable":true,"href":"https:\/\/www.enorsai.com\/noticias\/wp-json\/wp\/v2\/media\/6034"}],"wp:attachment":[{"href":"https:\/\/www.enorsai.com\/noticias\/wp-json\/wp\/v2\/media?parent=6035"}],"wp:term":[{"taxonomy":"category","embeddable":true,"href":"https:\/\/www.enorsai.com\/noticias\/wp-json\/wp\/v2\/categories?post=6035"},{"taxonomy":"post_tag","embeddable":true,"href":"https:\/\/www.enorsai.com\/noticias\/wp-json\/wp\/v2\/tags?post=6035"}],"curies":[{"name":"wp","href":"https:\/\/api.w.org\/{rel}","templated":true}]}}