{"id":6030,"date":"2025-07-07T15:36:03","date_gmt":"2025-07-07T18:36:03","guid":{"rendered":"https:\/\/www.enorsai.com\/noticias\/sociedad\/emotivo-anuncio-abuelas-de-plaza-de-mayo-confirmo-la-restitucion-del-nieto-140\/"},"modified":"2025-07-07T15:36:03","modified_gmt":"2025-07-07T18:36:03","slug":"emotivo-anuncio-abuelas-de-plaza-de-mayo-confirmo-la-restitucion-del-nieto-140","status":"publish","type":"post","link":"https:\/\/www.enorsai.com\/noticias\/sociedad\/emotivo-anuncio-abuelas-de-plaza-de-mayo-confirmo-la-restitucion-del-nieto-140\/","title":{"rendered":"Emotivo anuncio: Abuelas de Plaza de Mayo confirm\u00f3 la restituci\u00f3n del nieto 140"},"content":{"rendered":"\n<p>La Asociaci\u00f3n Abuelas de Plaza de Mayo anunci\u00f3 la restituci\u00f3n de identidad del nieto n\u00famero 140, hijo de Graciela Romero y Ra\u00fal Metz, desaparecidos durante la \u00faltima dictadura c\u00edvico-militar. El joven naci\u00f3 en cautiverio en el centro clandestino La Escuelita de Bah\u00eda Blanca.<br><br>En una jornada cargada de emoci\u00f3n, Abuelas de Plaza de Mayo confirm\u00f3 este lunes la restituci\u00f3n de identidad del nieto N\u00b0 140. El anuncio se realiz\u00f3 en la Casa por la Identidad del Espacio Memoria de la Ciudad de Buenos Aires, con la presencia de Estela de Carlotto, presidenta de la asociaci\u00f3n, quien defini\u00f3 la noticia como \u201cun b\u00e1lsamo para seguir, a pesar de las circunstancias\u201d.<br><br>Carlotto, visiblemente conmovida, inici\u00f3 la conferencia destacando el legado de \u201clas abuelas que ya no est\u00e1n\u201d y la fuerza que les brindan los nietos restituidos y el equipo que acompa\u00f1a la b\u00fasqueda. \u201cAnunciamos con enorme felicidad y damos la bienvenida al nieto N\u00b0 140, hijo de Graciela Romero y Ra\u00fal Eugenio Metz. \u00a1Bienvenido!\u201d, expres\u00f3 con emoci\u00f3n junto a Adriana, hermana del joven restituido, quien nunca dej\u00f3 de buscarlo.<\/p>\n\n\n\n<p><br><br>Nacido en cautiverio<br><br>El nuevo nieto recuperado naci\u00f3 el 17 de abril de 1977 en el centro clandestino conocido como La Escuelita de Bah\u00eda Blanca. Sus padres, Graciela y Ra\u00fal, oriundos de esa localidad, fueron secuestrados en Cutral-C\u00f3 en 1977, cuando ella cursaba el quinto mes de embarazo.<br><br>Ambos permanecieron detenidos y fueron torturados durante semanas. Desde entonces, permanecen desaparecidos. Graciela dio a luz a un var\u00f3n mientras estaba privada de su libertad. Adriana, la hermana mayor, ten\u00eda apenas un a\u00f1o al momento del secuestro de sus padres y qued\u00f3 al cuidado de sus abuelos paternos, Oscar y Elisa, quienes la criaron y la acompa\u00f1aron en la incansable b\u00fasqueda de su hermano durante casi cinco d\u00e9cadas.<\/p>\n\n\n\n<p><br><br>Reconocimiento a la labor de b\u00fasqueda<br><br>Durante la conferencia, Abuelas de Plaza de Mayo resalt\u00f3 especialmente el trabajo silencioso y comprometido de los equipos de la Comisi\u00f3n Nacional por el Derecho a la Identidad (CONADI), pese a las dificultades y la precariedad de recursos con las que muchas veces deben operar. \u201cLa historia de cada persona que desconoce su identidad debe ser resuelta\u201d, enfatizaron.<br><br>\u201cCon la restituci\u00f3n del nieto 140 confirmamos, una vez m\u00e1s, que nuestros nietos y nietas est\u00e1n entre nosotros. Los vamos a encontrar gracias al trabajo que llevamos hace 47 a\u00f1os\u201d, subray\u00f3 Carlotto.<br><br>La restituci\u00f3n del nieto n\u00famero 140 es un nuevo paso en la b\u00fasqueda de verdad y justicia, y mantiene viva la esperanza de las Abuelas de Plaza de Mayo de seguir encontrando a los casi 300 nietos y nietas que a\u00fan faltan conocer su identidad.<\/p>\n\n\n\n<p><\/p>\n","protected":false},"excerpt":{"rendered":"<p>La Asociaci\u00f3n Abuelas de Plaza de Mayo anunci\u00f3 la restituci\u00f3n de identidad del nieto n\u00famero 140, hijo de Graciela Romero y Ra\u00fal Metz, desaparecidos durante la \u00faltima dictadura c\u00edvico-militar. El joven naci\u00f3 en cautiverio en el centro clandestino La Escuelita de Bah\u00eda Blanca. En una jornada cargada de emoci\u00f3n, Abuelas de Plaza de Mayo confirm\u00f3&#8230;<\/p>\n","protected":false},"author":12,"featured_media":6029,"comment_status":"open","ping_status":"open","sticky":false,"template":"","format":"standard","meta":{"_monsterinsights_skip_tracking":false,"_monsterinsights_sitenote_active":false,"_monsterinsights_sitenote_note":"","_monsterinsights_sitenote_category":0,"footnotes":"","jetpack_publicize_message":"","jetpack_publicize_feature_enabled":true,"jetpack_social_post_already_shared":true,"jetpack_social_options":{"image_generator_settings":{"template":"highway","default_image_id":0,"font":"","enabled":false},"version":2}},"categories":[1908,4],"tags":[],"class_list":["post-6030","post","type-post","status-publish","format-standard","has-post-thumbnail","hentry","category-derechos-humanos","category-sociedad"],"jetpack_publicize_connections":[],"_links":{"self":[{"href":"https:\/\/www.enorsai.com\/noticias\/wp-json\/wp\/v2\/posts\/6030","targetHints":{"allow":["GET"]}}],"collection":[{"href":"https:\/\/www.enorsai.com\/noticias\/wp-json\/wp\/v2\/posts"}],"about":[{"href":"https:\/\/www.enorsai.com\/noticias\/wp-json\/wp\/v2\/types\/post"}],"author":[{"embeddable":true,"href":"https:\/\/www.enorsai.com\/noticias\/wp-json\/wp\/v2\/users\/12"}],"replies":[{"embeddable":true,"href":"https:\/\/www.enorsai.com\/noticias\/wp-json\/wp\/v2\/comments?post=6030"}],"version-history":[{"count":0,"href":"https:\/\/www.enorsai.com\/noticias\/wp-json\/wp\/v2\/posts\/6030\/revisions"}],"wp:featuredmedia":[{"embeddable":true,"href":"https:\/\/www.enorsai.com\/noticias\/wp-json\/wp\/v2\/media\/6029"}],"wp:attachment":[{"href":"https:\/\/www.enorsai.com\/noticias\/wp-json\/wp\/v2\/media?parent=6030"}],"wp:term":[{"taxonomy":"category","embeddable":true,"href":"https:\/\/www.enorsai.com\/noticias\/wp-json\/wp\/v2\/categories?post=6030"},{"taxonomy":"post_tag","embeddable":true,"href":"https:\/\/www.enorsai.com\/noticias\/wp-json\/wp\/v2\/tags?post=6030"}],"curies":[{"name":"wp","href":"https:\/\/api.w.org\/{rel}","templated":true}]}}