{"id":6019,"date":"2025-07-07T08:56:19","date_gmt":"2025-07-07T11:56:19","guid":{"rendered":"https:\/\/www.enorsai.com\/noticias\/?p=6019"},"modified":"2025-07-07T08:56:19","modified_gmt":"2025-07-07T11:56:19","slug":"axel-kicillof-celebro-el-paso-fundamental-para-crear-el-frente-anti-milei","status":"publish","type":"post","link":"https:\/\/www.enorsai.com\/noticias\/politica\/axel-kicillof-celebro-el-paso-fundamental-para-crear-el-frente-anti-milei\/","title":{"rendered":"Axel Kicillof celebr\u00f3 el paso fundamental para crear el frente anti Milei"},"content":{"rendered":"\n<p><strong><em>El gobernador de la provincia de Buenos Aires, carg\u00f3 contra las pol\u00edticas de ajuste y \u00abmotosierra\u00bb de Milei y convoc\u00f3 nuevamente a la unidad del peronismo.<\/em><\/strong><\/p>\n\n\n\n<p>El gobernador de la provincia de Buenos Aires, Axel Kicillof, public\u00f3 este domingo un mensaje en donde destac\u00f3 la reuni\u00f3n del Congreso del Partido Justicialista bonearense, y remarc\u00f3 el llamado de unidad ante las pol\u00edticas de ajuste de La Libertad Avanza.<\/p>\n\n\n\n<p>\u00abSumar fuerzas para frenar a Milei\u00bb, titul\u00f3 el mandatario provincial, quien escribi\u00f3: \u00abAyer, el Congreso del PJ bonaerense dio un paso important\u00edsimo: colectivamente se acord\u00f3 consolidar un gran frente que, en las pr\u00f3ximas elecciones legislativas, funcione como escudo y ponga un freno a la motosierra que hoy arrasa derechos y sue\u00f1os en nuestra provincia y en toda la Argentina\u00bb.<\/p>\n\n\n\n<p>En este sentido, afirm\u00f3 sobre el Gobierno de los a\u00f1os 2019-2023: \u00abSabemos que dentro del peronismo existen miradas distintas sobre la experiencia fallida del Gobierno Nacional del FdT y sobre el camino a seguir para reparar aquella decepci\u00f3n\u00bb.<\/p>\n\n\n\n<p>Pero remarc\u00f3 que ese debate hoy en d\u00eda es postergable: \u00abhoy existe una urgencia que supera cualquier diferencia o disputa: en cada caminata, en cada recorrido, en cada plenario, militantes, trabajadores y vecinos nos piden lo mismo a los dirigentes: vayan juntos\u00bb.<\/p>\n\n\n\n<p>En esta l\u00ednea, continu\u00f3: \u00abLa motosierra se est\u00e1 volviendo cada vez m\u00e1s despiadada y el autoritarismo de Milei dej\u00f3 de ser solo un discurso para convertirse en una dur\u00edsima realidad\u00bb. \u00abLa lista es larga y oscura: persecuci\u00f3n de militantes, salvaje represi\u00f3n en las protestas, acoso sobre quienes critican, demonizaci\u00f3n de periodistas, condena a Cristina Fern\u00e1ndez, ataque permanente desde el Estado a las mujeres y a las disidencias\u00bb, agreg\u00f3.<\/p>\n\n\n\n<p>Mientras tanto, el Gobierno nacional con su \u00abplan econ\u00f3mico agudiza la desigualdad, multiplica las privaciones, aumenta el desempleo y castiga los pilares de nuestra Provincia: la producci\u00f3n y el trabajo. Un Gobierno Nacional que deserta de sus obligaciones, un presidente que avanza en el desenfreno autoritario, la econom\u00eda parada y la plata no alcanza. Esas son las circunstancias que debemos enfrentar\u00bb.&nbsp;<\/p>\n\n\n\n<p>Escenario y convocatoria<\/p>\n\n\n\n<p>Luego, el gobernador agreg\u00f3: \u00abDurante la campa\u00f1a de 2023 advertimos que la derecha ten\u00eda distintos candidatos pero un solo proyecto: ajustar y quitar derechos. Tristemente, ten\u00edamos raz\u00f3n. La Libertad Avanza y el PRO forman parte del mismo proceso de crueldad y desintegraci\u00f3n que est\u00e1 padeciendo el pa\u00eds\u00bb.<\/p>\n\n\n\n<p>En este sentido, agreg\u00f3: \u00abDesde el Gobierno de la Provincia actuamos cotidianamente como escudo y red para atenuar el da\u00f1o a trav\u00e9s de pol\u00edticas alimentarias, educativas y sanitarias, sosteniendo la obra p\u00fablica y multiplicando los esfuerzos frente a la deserci\u00f3n del Gobierno Nacional. Ahora bien, lo cierto es que si Milei ganara tendr\u00e1 menos inhibiciones y obst\u00e1culos para ir por m\u00e1s, por m\u00e1s desempleo, por m\u00e1s odio y por m\u00e1s motosierra. A ese plan de la derecha tenemos que ponerle l\u00edmites firmes\u00bb.<\/p>\n\n\n\n<p>\u00abDada la gravedad y la importancia de lo que est\u00e1 en juego, como gobernador de la Provincia de Buenos Aires vuelvo a convocar a cada compa\u00f1era y compa\u00f1ero, a cada sindicato, a los movimientos sociales, a cada intendente y a cada dirigente del campo popular a dejar las diferencias para despu\u00e9s y organizar la protecci\u00f3n del pueblo bonaerense. Expreso esta convocatoria estando a cargo del gobierno de una provincia que sufri\u00f3 recientemente una ins\u00f3lita amenaza de intervenci\u00f3n por parte de un presidente que no la conoce, que no la recorre y cuyos intereses ataca\u00bb, indic\u00f3.<\/p>\n\n\n\n<p>\u00abMientras el presidente se propone fundir a las provincias y municipios que cada vez atienden m\u00e1s necesidades &#8211; y sin cuya tarea la situaci\u00f3n social ser\u00eda a\u00fan mucho m\u00e1s delicada &#8211; se impone el desaf\u00edo de coordinar esfuerzos para seguir protegiendo al pueblo bonaerenses, a sus escuelas, sus hospitales y sus actividades productivas. Frente a la doctrina del \u201cs\u00e1lvese quien pueda\u201d que nos quieren imponer, la historia, y sobre todo el futuro, nos exigen una tarea: sumar fuerzas para frenar a Milei, sumar fuerzas para proteger al pueblo bonaerense\u00bb, continu\u00f3.<\/p>\n\n\n\n<p>\u00abEsta defensa de nuestra provincia es el primer paso para el verdadero desaf\u00edo: construir un frente social y pol\u00edtico lo m\u00e1s amplio posible a trav\u00e9s del cual podamos recuperar nuestro derecho al futuro y, en el 2027, poner al pa\u00eds en un camino de desarrollo justo, soberano y federal. No estamos condenados a la pesadilla libertaria, hay otro camino y lo seguiremos construyendo\u00bb, concluy\u00f3.<\/p>\n\n\n\n<p>Por Data Diario<\/p>\n","protected":false},"excerpt":{"rendered":"<p>El gobernador de la provincia de Buenos Aires, carg\u00f3 contra las pol\u00edticas de ajuste y \u00abmotosierra\u00bb de Milei y convoc\u00f3 nuevamente a la unidad del peronismo. El gobernador de la provincia de Buenos Aires, Axel Kicillof, public\u00f3 este domingo un mensaje en donde destac\u00f3 la reuni\u00f3n del Congreso del Partido Justicialista bonearense, y remarc\u00f3 el&#8230;<\/p>\n","protected":false},"author":5,"featured_media":6020,"comment_status":"open","ping_status":"open","sticky":false,"template":"","format":"standard","meta":{"_monsterinsights_skip_tracking":false,"_monsterinsights_sitenote_active":false,"_monsterinsights_sitenote_note":"","_monsterinsights_sitenote_category":0,"footnotes":"","jetpack_publicize_message":"","jetpack_publicize_feature_enabled":true,"jetpack_social_post_already_shared":true,"jetpack_social_options":{"image_generator_settings":{"template":"highway","default_image_id":0,"font":"","enabled":false},"version":2}},"categories":[2],"tags":[58,238,45,524],"class_list":["post-6019","post","type-post","status-publish","format-standard","has-post-thumbnail","hentry","category-politica","tag-ajuste","tag-axel-kicillof","tag-milei","tag-pj"],"jetpack_publicize_connections":[],"_links":{"self":[{"href":"https:\/\/www.enorsai.com\/noticias\/wp-json\/wp\/v2\/posts\/6019","targetHints":{"allow":["GET"]}}],"collection":[{"href":"https:\/\/www.enorsai.com\/noticias\/wp-json\/wp\/v2\/posts"}],"about":[{"href":"https:\/\/www.enorsai.com\/noticias\/wp-json\/wp\/v2\/types\/post"}],"author":[{"embeddable":true,"href":"https:\/\/www.enorsai.com\/noticias\/wp-json\/wp\/v2\/users\/5"}],"replies":[{"embeddable":true,"href":"https:\/\/www.enorsai.com\/noticias\/wp-json\/wp\/v2\/comments?post=6019"}],"version-history":[{"count":1,"href":"https:\/\/www.enorsai.com\/noticias\/wp-json\/wp\/v2\/posts\/6019\/revisions"}],"predecessor-version":[{"id":6021,"href":"https:\/\/www.enorsai.com\/noticias\/wp-json\/wp\/v2\/posts\/6019\/revisions\/6021"}],"wp:featuredmedia":[{"embeddable":true,"href":"https:\/\/www.enorsai.com\/noticias\/wp-json\/wp\/v2\/media\/6020"}],"wp:attachment":[{"href":"https:\/\/www.enorsai.com\/noticias\/wp-json\/wp\/v2\/media?parent=6019"}],"wp:term":[{"taxonomy":"category","embeddable":true,"href":"https:\/\/www.enorsai.com\/noticias\/wp-json\/wp\/v2\/categories?post=6019"},{"taxonomy":"post_tag","embeddable":true,"href":"https:\/\/www.enorsai.com\/noticias\/wp-json\/wp\/v2\/tags?post=6019"}],"curies":[{"name":"wp","href":"https:\/\/api.w.org\/{rel}","templated":true}]}}