{"id":6015,"date":"2025-07-07T06:56:13","date_gmt":"2025-07-07T09:56:13","guid":{"rendered":"http:\/\/www.enorsai.com\/noticias\/politica\/milei-disuelve-la-anmac-y-abre-la-puerta-a-un-retroceso-de-medio-siglo\/"},"modified":"2025-07-07T06:56:13","modified_gmt":"2025-07-07T09:56:13","slug":"milei-disuelve-la-anmac-y-abre-la-puerta-a-un-retroceso-de-medio-siglo","status":"publish","type":"post","link":"https:\/\/www.enorsai.com\/noticias\/politica\/milei-disuelve-la-anmac-y-abre-la-puerta-a-un-retroceso-de-medio-siglo\/","title":{"rendered":"Milei disuelve la Anmac y abre la puerta a \u201cun retroceso de medio siglo\u201d"},"content":{"rendered":"\n<p>Especialistas advierten que la vuelta del Renar implica desmantelar la pol\u00edtica de control de armas y replicar el modelo estadounidense.<br><br>\u201cEsto es borrar de un plumazo toda la pol\u00edtica p\u00fablica de control de armas en Argentina\u201d. La frase, contundente, resume el diagn\u00f3stico de especialistas y organizaciones dedicadas al desarme civil sobre el reciente decreto del gobierno de Javier Milei que disolvi\u00f3 la Agencia Nacional de Materiales Controlados (Anmac) y reinstal\u00f3 el viejo Registro Nacional de Armas (Renar) bajo la \u00f3rbita directa del Ministerio de Seguridad que conduce Patricia Bullrich. Para expertos, se trata de la medida \u201cm\u00e1s grave\u201d en la serie de decisiones que viene adoptando el gobierno en pos de liberalizar el acceso a las armas. Y advierten: \u201cVolvemos a 1973\u201d.<br><br>Retroceso a un modelo pasivo<br><br>La decisi\u00f3n forma parte de un proceso de flexibilizaci\u00f3n que comenz\u00f3 en diciembre pasado, cuando el Ejecutivo redujo de 21 a 18 a\u00f1os la edad m\u00ednima para comprar y portar armas. Continu\u00f3 en mayo con la creaci\u00f3n del tr\u00e1mite digital de \u201ctenencia express\u201d, y se profundiz\u00f3 hace unas semanas al habilitar a civiles la compra de armas semiautom\u00e1ticas, como las que protagonizan masacres recurrentes en Estados Unidos. Ahora, con el Decreto 445\/25, se elimina directamente la Anmac y se regresa al Renar, aunque ya no como organismo aut\u00e1rquico sino subordinado al Poder Ejecutivo.<br><br>Para Juli\u00e1n Alfie, director ejecutivo del Instituto de Estudios Comparados en Ciencias Penales y Sociales (Inecip) e integrante de la Red Argentina para el Desarme, la decisi\u00f3n es la m\u00e1s grave de todas. \u201cSignifica vaciar la posibilidad de que el Estado controle las armas. Es la eliminaci\u00f3n de cualquier facultad estatal de promover una pol\u00edtica eficaz de desarme. Con esto volvemos a 1973, cuando el Estado renunci\u00f3 a prevenir la violencia con armas de fuego\u201d, sostuvo en di\u00e1logo con P\u00e1gina\/12.<br><br>Lo que se pierde<br><br>La Red Argentina para el Desarme fue una de las primeras organizaciones en repudiar la medida, se\u00f1alando precisamente que el Renar, creado en 1973, era un \u201cregistro pasivo, sin capacidad legal para implementar pol\u00edticas activas de prevenci\u00f3n y control\u201d. Fue reci\u00e9n en 2015, con la Ley N\u00b0 27.192, que se cre\u00f3 la Anmac, una agencia moderna con visi\u00f3n humanista para restringir la proliferaci\u00f3n de armas de fuego y prevenir la violencia armada.<br><br>Sin embargo, el decreto de Milei deroga art\u00edculos claves de esa ley, como el Art\u00edculo N\u00b0 5, que otorgaba a la Anmac 17 funciones esenciales: desde registrar, autorizar y controlar la fabricaci\u00f3n de armas, destruirlas en el marco de programas de desarme, administrar el Banco Nacional de Materiales Controlados, dictar cursos y campa\u00f1as de concientizaci\u00f3n, hasta relevar datos estad\u00edsticos sobre la circulaci\u00f3n y uso de armas en el pa\u00eds. Todo ello qued\u00f3 \u201cborrado de un plumazo\u201d, seg\u00fan Alfie.<br><br>Argumento de recorte y desregulaci\u00f3n<br><br>La justificaci\u00f3n oficial lleg\u00f3 por boca de Federico Sturzenegger, quien defendi\u00f3 la medida bajo el argumento de la desregulaci\u00f3n y el ahorro estatal. \u201cLos organismos descentralizados son caros porque requieren estructura administrativa propia y generan incentivos a la proliferaci\u00f3n de tr\u00e1mites pagos. Transformar la Anmac en un desconcentrado baja el costo del Estado sin afectar funciones sustantivas\u201d, escribi\u00f3 en X. Sin embargo, a\u00fan nadie explic\u00f3 c\u00f3mo el Renar absorber\u00e1 las funciones espec\u00edficas y t\u00e9cnicas que cumpl\u00eda la Anmac.<br><br>Riesgos de una sociedad armada<br><br>Organismos como Amnist\u00eda Internacional advierten que este cambio es parte de \u201cuna serie de pol\u00edticas alarmantes y regresivas\u201d en materia de armas. Y alertan: \u201cM\u00e1s armas, m\u00e1s violencia. Una sociedad armada no es una sociedad m\u00e1s segura\u201d. Desde la Red Argentina para el Desarme tambi\u00e9n advierten que la liberalizaci\u00f3n de armas eleva el riesgo de femicidios, suicidios, violencia social y facilita el acceso del crimen organizado a armamento, incluso superior al de las propias fuerzas de seguridad.<br><br>La referencia constante es el modelo estadounidense, donde seg\u00fan Amnist\u00eda mueren en promedio 109 personas por d\u00eda por violencia armada, y donde es la tercera causa de muerte entre j\u00f3venes de 15 a 24 a\u00f1os. Organizaciones y especialistas coinciden en que el Congreso deber\u00eda intervenir para frenar el decreto y evitar que la Argentina replique ese escenario.<br><br>\u201cEstamos compr\u00e1ndonos un problema que la Argentina no ten\u00eda\u201d, remat\u00f3 Alfie. Mientras tanto, el gobierno sigue avanzando con su plan de desregulaci\u00f3n a toda costa. Y el futuro del control de armas en el pa\u00eds pende de un hilo.<br><br>Fuente:<\/p>\n\n\n\n<ul class=\"wp-block-list\">\n<li>https:\/\/www.pagina12.com.ar\/839942-liberalizacion-de-armas-un-retroceso-de-medio-siglo<\/li>\n<\/ul>\n","protected":false},"excerpt":{"rendered":"<p>Especialistas advierten que la vuelta del Renar implica desmantelar la pol\u00edtica de control de armas y replicar el modelo estadounidense. \u201cEsto es borrar de un plumazo toda la pol\u00edtica p\u00fablica de control de armas en Argentina\u201d. La frase, contundente, resume el diagn\u00f3stico de especialistas y organizaciones dedicadas al desarme civil sobre el reciente decreto del&#8230;<\/p>\n","protected":false},"author":11,"featured_media":6014,"comment_status":"open","ping_status":"open","sticky":false,"template":"","format":"standard","meta":{"_monsterinsights_skip_tracking":false,"_monsterinsights_sitenote_active":false,"_monsterinsights_sitenote_note":"","_monsterinsights_sitenote_category":0,"footnotes":"","jetpack_publicize_message":"","jetpack_publicize_feature_enabled":true,"jetpack_social_post_already_shared":true,"jetpack_social_options":{"image_generator_settings":{"template":"highway","default_image_id":0,"font":"","enabled":false},"version":2}},"categories":[2],"tags":[],"class_list":["post-6015","post","type-post","status-publish","format-standard","has-post-thumbnail","hentry","category-politica"],"jetpack_publicize_connections":[],"_links":{"self":[{"href":"https:\/\/www.enorsai.com\/noticias\/wp-json\/wp\/v2\/posts\/6015","targetHints":{"allow":["GET"]}}],"collection":[{"href":"https:\/\/www.enorsai.com\/noticias\/wp-json\/wp\/v2\/posts"}],"about":[{"href":"https:\/\/www.enorsai.com\/noticias\/wp-json\/wp\/v2\/types\/post"}],"author":[{"embeddable":true,"href":"https:\/\/www.enorsai.com\/noticias\/wp-json\/wp\/v2\/users\/11"}],"replies":[{"embeddable":true,"href":"https:\/\/www.enorsai.com\/noticias\/wp-json\/wp\/v2\/comments?post=6015"}],"version-history":[{"count":0,"href":"https:\/\/www.enorsai.com\/noticias\/wp-json\/wp\/v2\/posts\/6015\/revisions"}],"wp:featuredmedia":[{"embeddable":true,"href":"https:\/\/www.enorsai.com\/noticias\/wp-json\/wp\/v2\/media\/6014"}],"wp:attachment":[{"href":"https:\/\/www.enorsai.com\/noticias\/wp-json\/wp\/v2\/media?parent=6015"}],"wp:term":[{"taxonomy":"category","embeddable":true,"href":"https:\/\/www.enorsai.com\/noticias\/wp-json\/wp\/v2\/categories?post=6015"},{"taxonomy":"post_tag","embeddable":true,"href":"https:\/\/www.enorsai.com\/noticias\/wp-json\/wp\/v2\/tags?post=6015"}],"curies":[{"name":"wp","href":"https:\/\/api.w.org\/{rel}","templated":true}]}}