{"id":6013,"date":"2025-07-06T23:52:22","date_gmt":"2025-07-07T02:52:22","guid":{"rendered":"https:\/\/www.enorsai.com\/noticias\/economia\/marengo-s-a-suspende-a-60-trabajadores-en-rafaela-la-paradoja-detras-del-caramelo-no-hay-plata\/"},"modified":"2025-07-06T23:52:22","modified_gmt":"2025-07-07T02:52:22","slug":"marengo-s-a-suspende-a-60-trabajadores-en-rafaela-la-paradoja-detras-del-caramelo-no-hay-plata","status":"publish","type":"post","link":"https:\/\/www.enorsai.com\/noticias\/economia\/marengo-s-a-suspende-a-60-trabajadores-en-rafaela-la-paradoja-detras-del-caramelo-no-hay-plata\/","title":{"rendered":"Marengo S.A. suspende a 60 trabajadores en Rafaela: la paradoja detr\u00e1s del caramelo \u201cNo hay plata\u201d"},"content":{"rendered":"\n<p>La f\u00e1brica de golosinas Marengo S.A., ubicada en Rafaela, provincia de Santa Fe, anunci\u00f3 la suspensi\u00f3n sin goce de sueldo de 60 operarios pertenecientes a las \u00e1reas de Producci\u00f3n y Mantenimiento, en medio de una profunda crisis que golpea a la industria alimenticia y revela la paradoja de su producto m\u00e1s famoso: el caramelo \u00e1cido bautizado \u201cNo hay plata\u201d, frase ic\u00f3nica del presidente Javier Milei.<br><br>La medida, que regir\u00e1 entre el 14 y el 27 de julio, fue informada por la empresa mediante mensajes de WhatsApp, seg\u00fan denunciaron los representantes gremiales, lo que despert\u00f3 fuertes cr\u00edticas por parte del Sindicato de la Alimentaci\u00f3n y de la CGT Rafaela, quienes calificaron la decisi\u00f3n como \u201carbitraria\u201d y adelantaron posibles medidas de fuerza.<br><br>&gt; \u201cNo existi\u00f3 ninguna comunicaci\u00f3n formal al gremio, ni instancia de di\u00e1logo. Vamos a defender los puestos de trabajo y denunciar las suspensiones ilegales,\u201d advirtieron desde la CGT local.<br><br><br><br>Crisis productiva y tormenta econ\u00f3mica<br><br>En un comunicado, Marengo S.A. justific\u00f3 las suspensiones se\u00f1alando que se encuentra atravesando una situaci\u00f3n de \u201cfuerza mayor\u201d debido a la ca\u00edda abrupta de las ventas y a las consecuencias de un siniestro que afect\u00f3 su dep\u00f3sito tras una fuerte tormenta ocurrida a principios de a\u00f1o. A la par, la empresa adelant\u00f3 que presentar\u00e1 un Procedimiento Preventivo de Crisis ante el Ministerio de Trabajo de la Naci\u00f3n.<br><br>La audiencia entre las partes fue fijada para el pr\u00f3ximo martes, instancia clave para definir la legalidad de las suspensiones y la continuidad de la actividad en la planta.<br><br>Mientras tanto, el clima en Rafaela es de incertidumbre y preocupaci\u00f3n, ya que la compa\u00f1\u00eda hab\u00eda alcanzado notoriedad en los \u00faltimos meses tras el lanzamiento de los caramelos \u00e1cidos \u201cNo hay plata\u201d, que se viralizaron en redes sociales y se convirtieron en un fen\u00f3meno de ventas por su gui\u00f1o pol\u00edtico al eslogan libertario.<br><br>La paradoja del \u201cNo hay plata\u201d<br><br>Lo que empez\u00f3 como un golpe de marketing termin\u00f3 exponiendo las fragilidades del sector alimenticio en un contexto de estanflaci\u00f3n, ca\u00edda del consumo y aumento de costos productivos. La propia empresa que fabric\u00f3 los caramelos alusivos a la falta de dinero, hoy reconoce que efectivamente \u201cno hay plata\u201d para sostener su plantilla completa.<br><br>El sindicato no descarta un paro total de actividades, mientras la CGT de Rafaela advirti\u00f3 que se mantendr\u00e1 en estado de alerta y movilizaci\u00f3n hasta lograr la reincorporaci\u00f3n de los suspendidos.<br><br>De persistir las dificultades econ\u00f3micas, Marengo S.A. anticip\u00f3 que podr\u00edan evaluarse nuevas medidas restrictivas, lo que enciende luces de alarma no solo en la planta rafaelina, sino en el entramado productivo de la regi\u00f3n.<br><br>Fuente:<\/p>\n\n\n\n<p>https:\/\/www.losandes.com.ar\/economia\/una-empresa-suspendio-60-operarios-lanzar-los-caramelos-no-hay-plata-n5954289<\/p>\n","protected":false},"excerpt":{"rendered":"<p>La f\u00e1brica de golosinas Marengo S.A., ubicada en Rafaela, provincia de Santa Fe, anunci\u00f3 la suspensi\u00f3n sin goce de sueldo de 60 operarios pertenecientes a las \u00e1reas de Producci\u00f3n y Mantenimiento, en medio de una profunda crisis que golpea a la industria alimenticia y revela la paradoja de su producto m\u00e1s famoso: el caramelo \u00e1cido&#8230;<\/p>\n","protected":false},"author":9,"featured_media":6012,"comment_status":"open","ping_status":"open","sticky":false,"template":"","format":"standard","meta":{"_monsterinsights_skip_tracking":false,"_monsterinsights_sitenote_active":false,"_monsterinsights_sitenote_note":"","_monsterinsights_sitenote_category":0,"footnotes":"","jetpack_publicize_message":"","jetpack_publicize_feature_enabled":true,"jetpack_social_post_already_shared":true,"jetpack_social_options":{"image_generator_settings":{"template":"highway","default_image_id":0,"font":"","enabled":false},"version":2}},"categories":[3],"tags":[],"class_list":["post-6013","post","type-post","status-publish","format-standard","has-post-thumbnail","hentry","category-economia"],"jetpack_publicize_connections":[],"_links":{"self":[{"href":"https:\/\/www.enorsai.com\/noticias\/wp-json\/wp\/v2\/posts\/6013","targetHints":{"allow":["GET"]}}],"collection":[{"href":"https:\/\/www.enorsai.com\/noticias\/wp-json\/wp\/v2\/posts"}],"about":[{"href":"https:\/\/www.enorsai.com\/noticias\/wp-json\/wp\/v2\/types\/post"}],"author":[{"embeddable":true,"href":"https:\/\/www.enorsai.com\/noticias\/wp-json\/wp\/v2\/users\/9"}],"replies":[{"embeddable":true,"href":"https:\/\/www.enorsai.com\/noticias\/wp-json\/wp\/v2\/comments?post=6013"}],"version-history":[{"count":0,"href":"https:\/\/www.enorsai.com\/noticias\/wp-json\/wp\/v2\/posts\/6013\/revisions"}],"wp:featuredmedia":[{"embeddable":true,"href":"https:\/\/www.enorsai.com\/noticias\/wp-json\/wp\/v2\/media\/6012"}],"wp:attachment":[{"href":"https:\/\/www.enorsai.com\/noticias\/wp-json\/wp\/v2\/media?parent=6013"}],"wp:term":[{"taxonomy":"category","embeddable":true,"href":"https:\/\/www.enorsai.com\/noticias\/wp-json\/wp\/v2\/categories?post=6013"},{"taxonomy":"post_tag","embeddable":true,"href":"https:\/\/www.enorsai.com\/noticias\/wp-json\/wp\/v2\/tags?post=6013"}],"curies":[{"name":"wp","href":"https:\/\/api.w.org\/{rel}","templated":true}]}}