{"id":5981,"date":"2025-07-05T12:28:28","date_gmt":"2025-07-05T15:28:28","guid":{"rendered":"https:\/\/www.enorsai.com\/noticias\/politica\/cristina-kirchner-cruzo-a-milei-libertario-de-los-ricos-y-le-recordo-su-apoyo-a-protestas-violentas-en-francia\/"},"modified":"2025-07-05T12:28:28","modified_gmt":"2025-07-05T15:28:28","slug":"cristina-kirchner-cruzo-a-milei-libertario-de-los-ricos-y-le-recordo-su-apoyo-a-protestas-violentas-en-francia","status":"publish","type":"post","link":"https:\/\/www.enorsai.com\/noticias\/politica\/cristina-kirchner-cruzo-a-milei-libertario-de-los-ricos-y-le-recordo-su-apoyo-a-protestas-violentas-en-francia\/","title":{"rendered":"Cristina Kirchner cruz\u00f3 a Milei: \u201cLibertario de los ricos\u201d y le record\u00f3 su apoyo a protestas violentas en Francia"},"content":{"rendered":"\n<p><strong><em>La ex presidenta lo acus\u00f3 de doble vara y lo inst\u00f3 a borrar un viejo posteo en el que celebraba actos vand\u00e1licos de los \u201cchalecos amarillos\u201d. Tambi\u00e9n exigi\u00f3 la liberaci\u00f3n de los j\u00f3venes detenidos tras las \u00faltimas protestas<\/em><\/strong>.<br><br>A trav\u00e9s de redes sociales, Cristina Fern\u00e1ndez de Kirchner fustig\u00f3 al presidente Javier Milei por su postura represiva frente a las manifestaciones en Argentina. Le reproch\u00f3 haber celebrado en el pasado acciones violentas de protesta en Francia y lo acus\u00f3 de hipocres\u00eda. \u201cLibertario de los ricos\u201d, lo defini\u00f3, y pidi\u00f3 la liberaci\u00f3n de manifestantes arrestados en recientes operativos.<br><br>La tensi\u00f3n pol\u00edtica entre el oficialismo y la oposici\u00f3n sum\u00f3 este s\u00e1bado un nuevo cap\u00edtulo, luego de que la ex presidenta Cristina Fern\u00e1ndez de Kirchner publicara un fuerte mensaje dirigido a Javier Milei, en el que lo calific\u00f3 como \u201cLibertario de los ricos\u201d y lo acus\u00f3 de tener un doble discurso en materia de protestas sociales.<br><br>Mediante su cuenta en la red social X (ex Twitter), la actual senadora record\u00f3 que en el pasado Milei comparti\u00f3 im\u00e1genes de manifestantes franceses, identificados como integrantes del movimiento de los \u201cchalecos amarillos\u201d, arrojando camiones de esti\u00e9rcol contra edificios p\u00fablicos. Seg\u00fan Fern\u00e1ndez de Kirchner, en aquel momento el presidente hab\u00eda definido esos episodios como una \u201chermosa iniciativa\u201d, en tono de aprobaci\u00f3n.<br><br>\u201cFijate hermano y borr\u00e1 el posteo\u2026 porque con los manuales de procedimiento de Bullrich y Arroyo Salgado, te van a meter en cana por apolog\u00eda del delito\u201d, ironiz\u00f3 la ex mandataria, en alusi\u00f3n a la ministra de Seguridad, Patricia Bullrich, y a la jueza Sandra Arroyo Salgado, quienes en las \u00faltimas semanas se convirtieron en figuras clave de la estrategia oficial para contener y judicializar la protesta social.<br><br>Cristina Kirchner tambi\u00e9n se sum\u00f3 a los reclamos por la liberaci\u00f3n de j\u00f3venes arrestados durante las recientes manifestaciones contra las pol\u00edticas econ\u00f3micas del Gobierno. \u201cLiberen al pibe y a las pibas, cachivaches!\u201d, exigi\u00f3, elevando el tono cr\u00edtico hacia las detenciones.<br><br>Las declaraciones de la ex presidenta se producen en medio de crecientes denuncias de organizaciones sociales y de derechos humanos sobre detenciones arbitrarias y presuntos abusos en el marco de operativos policiales durante protestas, en un contexto de alto malestar social por el ajuste econ\u00f3mico y las reformas impulsadas por el gobierno libertario.<br><br>La respuesta desde Casa Rosada, hasta el momento, se mantuvo en silencio respecto al posteo puntual mencionado por Cristina, aunque el Gobierno ha defendido en reiteradas ocasiones el endurecimiento de las pol\u00edticas de seguridad, al sostener que \u201cno se puede permitir el caos en la calle\u201d.<br><br>La confrontaci\u00f3n entre Cristina Kirchner y Javier Milei profundiza as\u00ed la grieta pol\u00edtica en un momento de elevada tensi\u00f3n social, mientras contin\u00faa el debate p\u00fablico sobre los l\u00edmites de la protesta y la represi\u00f3n estatal.<\/p>\n","protected":false},"excerpt":{"rendered":"<p>La ex presidenta lo acus\u00f3 de doble vara y lo inst\u00f3 a borrar un viejo posteo en el que celebraba actos vand\u00e1licos de los \u201cchalecos amarillos\u201d. Tambi\u00e9n exigi\u00f3 la liberaci\u00f3n de los j\u00f3venes detenidos tras las \u00faltimas protestas. A trav\u00e9s de redes sociales, Cristina Fern\u00e1ndez de Kirchner fustig\u00f3 al presidente Javier Milei por su postura&#8230;<\/p>\n","protected":false},"author":1,"featured_media":5980,"comment_status":"open","ping_status":"open","sticky":false,"template":"","format":"standard","meta":{"_monsterinsights_skip_tracking":false,"_monsterinsights_sitenote_active":false,"_monsterinsights_sitenote_note":"","_monsterinsights_sitenote_category":0,"footnotes":"","jetpack_publicize_message":"","jetpack_publicize_feature_enabled":true,"jetpack_social_post_already_shared":true,"jetpack_social_options":{"image_generator_settings":{"template":"highway","default_image_id":0,"font":"","enabled":false},"version":2}},"categories":[2],"tags":[],"class_list":["post-5981","post","type-post","status-publish","format-standard","has-post-thumbnail","hentry","category-politica"],"jetpack_publicize_connections":[],"_links":{"self":[{"href":"https:\/\/www.enorsai.com\/noticias\/wp-json\/wp\/v2\/posts\/5981","targetHints":{"allow":["GET"]}}],"collection":[{"href":"https:\/\/www.enorsai.com\/noticias\/wp-json\/wp\/v2\/posts"}],"about":[{"href":"https:\/\/www.enorsai.com\/noticias\/wp-json\/wp\/v2\/types\/post"}],"author":[{"embeddable":true,"href":"https:\/\/www.enorsai.com\/noticias\/wp-json\/wp\/v2\/users\/1"}],"replies":[{"embeddable":true,"href":"https:\/\/www.enorsai.com\/noticias\/wp-json\/wp\/v2\/comments?post=5981"}],"version-history":[{"count":0,"href":"https:\/\/www.enorsai.com\/noticias\/wp-json\/wp\/v2\/posts\/5981\/revisions"}],"wp:featuredmedia":[{"embeddable":true,"href":"https:\/\/www.enorsai.com\/noticias\/wp-json\/wp\/v2\/media\/5980"}],"wp:attachment":[{"href":"https:\/\/www.enorsai.com\/noticias\/wp-json\/wp\/v2\/media?parent=5981"}],"wp:term":[{"taxonomy":"category","embeddable":true,"href":"https:\/\/www.enorsai.com\/noticias\/wp-json\/wp\/v2\/categories?post=5981"},{"taxonomy":"post_tag","embeddable":true,"href":"https:\/\/www.enorsai.com\/noticias\/wp-json\/wp\/v2\/tags?post=5981"}],"curies":[{"name":"wp","href":"https:\/\/api.w.org\/{rel}","templated":true}]}}