{"id":5973,"date":"2025-07-05T09:03:10","date_gmt":"2025-07-05T12:03:10","guid":{"rendered":"https:\/\/www.enorsai.com\/noticias\/?p=5973"},"modified":"2025-07-05T09:05:29","modified_gmt":"2025-07-05T12:05:29","slug":"jorge-ledezma-el-pastor-que-inaugura-el-mayor-templo-del-pais-entre-condenas-por-abuso-y-vinculos-politicos","status":"publish","type":"post","link":"https:\/\/www.enorsai.com\/noticias\/sociedad\/jorge-ledezma-el-pastor-que-inaugura-el-mayor-templo-del-pais-entre-condenas-por-abuso-y-vinculos-politicos\/","title":{"rendered":"Jorge Ledesma: El pastor que inaugura el mayor templo del pa\u00eds, entre condenas por abuso y v\u00ednculos pol\u00edticos"},"content":{"rendered":"\n<h3 class=\"wp-block-heading\"><strong><em>Mientras Milei lo respalda, crecen las cr\u00edticas en Chaco por el apoyo estatal a iglesias envueltas en esc\u00e1ndalos judiciales<\/em><\/strong>. <strong>El fundador de \u201cInvasi\u00f3n del Amor de Dios\u201d abrir\u00e1 el \u201cPortal del Cielo\u201d para 15.000 fieles, pero su congregaci\u00f3n arrastra una condena millonaria por abuso sexual a un menor y se\u00f1alamientos por favores pol\u00edticos y financiamiento estatal. En un Chaco golpeado por la crisis social, la cercan\u00eda de Milei con estos sectores religiosos despierta desconfianza y protestas.<\/strong><\/h3>\n\n\n\n<p>Jorge Ledezma es el pastor evang\u00e9lico detr\u00e1s de uno de los proyectos religiosos m\u00e1s ambiciosos de la Argentina: el \u201cPortal del Cielo\u201d, un mega templo en Resistencia, Chaco, con capacidad para 15.000 personas. Fundador de la congregaci\u00f3n \u201cInvasi\u00f3n del Amor de Dios\u201d y l\u00edder visible de la Uni\u00f3n de Asambleas de Dios (U.A.D.), Ledezma encarna el fen\u00f3meno del crecimiento evang\u00e9lico en el pa\u00eds, marcado no solo por su expansi\u00f3n espiritual, sino tambi\u00e9n por pol\u00e9micas y fuertes lazos con el poder pol\u00edtico.<\/p>\n\n\n\n<p>Su iglesia est\u00e1 lejos de estar libre de controversias. El Superior Tribunal de Justicia (STJ) del Chaco confirm\u00f3 en 2021 una sentencia que conden\u00f3 a la Uni\u00f3n de Asambleas de Dios a pagar m\u00e1s de tres millones de pesos en concepto de da\u00f1os y perjuicios y da\u00f1o moral a la familia de un ni\u00f1o abusado sexualmente por un gu\u00eda espiritual de esa congregaci\u00f3n. El hecho, ocurrido en 2009, deriv\u00f3 primero en una condena penal de diez a\u00f1os de prisi\u00f3n para A.L.G., hallado culpable de abuso sexual con acceso carnal calificado contra un menor de 12 a\u00f1os. Seg\u00fan la justicia, el abusador se vali\u00f3 de su condici\u00f3n de l\u00edder espiritual para ganarse la confianza de la v\u00edctima y de su madre, perpetrando los ataques en la propia vivienda familiar.<\/p>\n\n\n\n<p>Tras la condena penal, la familia impuls\u00f3 una demanda civil en 2013 reclamando 3,5 millones de pesos. Aunque en primera instancia el caso fue declarado prescripto, la C\u00e1mara de Apelaciones en lo Civil y Comercial revoc\u00f3 esa decisi\u00f3n, y finalmente el Juzgado Civil y Comercial N\u00ba20 de Resistencia hizo lugar a la demanda. El fallo estableci\u00f3 indemnizaci\u00f3n para ambos padres y para la v\u00edctima por da\u00f1o moral, da\u00f1o psicol\u00f3gico y frustraci\u00f3n del proyecto de vida del joven. La congregaci\u00f3n intent\u00f3 desentenderse argumentando que el abusador \u201cno integraba la estructura org\u00e1nica de la iglesia\u201d, pero la justicia dej\u00f3 claro que su funci\u00f3n como gu\u00eda espiritual estaba probada, e incluso confirmada en testimonio por el propio pastor Jorge Ledezma y la pastora Alicia Barboza de Ledezma.<\/p>\n\n\n\n<p>Adem\u00e1s, el fallo del STJ resalt\u00f3 que testigos ligados a la U.A.D. intentaron favorecer a la iglesia en sus declaraciones, lo cual min\u00f3 su credibilidad. La congregaci\u00f3n a\u00fan podr\u00eda intentar recurrir ante la Corte Suprema de Justicia de la Naci\u00f3n mediante un recurso extraordinario federal.<\/p>\n\n\n\n<p>Pero la historia de Ledezma no se limita a los estrados judiciales. Su crecimiento religioso ha estado fuertemente apuntalado por relaciones cercanas con gobernadores, intendentes y, ahora, con el propio presidente Javier Milei. Ese v\u00ednculo trasciende lo institucional y se traduce en permisos burocr\u00e1ticos, uso de espacios p\u00fablicos y respaldo estatal para sostener la monumental infraestructura de la iglesia y sus masivos eventos. \u201cNo hay un verdadero inter\u00e9s por resolver los problemas sociales reales del Chaco. Lo \u00fanico que parece importar es el crecimiento de estas organizaciones religiosas con fuertes v\u00ednculos pol\u00edticos\u201d, denuncia Fabiana, vecina de Resistencia.<\/p>\n\n\n\n<p>Mientras Chaco sufre pobreza, desempleo e inflaci\u00f3n, muchos habitantes no ven con buenos ojos que el presidente priorice actos religiosos en templos envueltos en condenas judiciales, mientras se postergan obras p\u00fablicas o respuestas a necesidades urgentes. \u201cLas redes sociales y las protestas ciudadanas reflejan un hartazgo generalizado. La gente no cree m\u00e1s en las promesas vac\u00edas, quiere respuestas reales\u201d, afirma Solano, chaque\u00f1o que particip\u00f3 de recientes manifestaciones.<\/p>\n\n\n\n<p>Para muchos, el viaje presidencial a Resistencia no solo refuerza la imagen ultracat\u00f3lica y conservadora de Milei, sino que lo muestra desconectado de las realidades m\u00e1s acuciantes de la regi\u00f3n. Mientras la crisis social se profundiza, el Estado parece m\u00e1s interesado en inaugurar templos monumentales que en aliviar la vida de miles de chaque\u00f1os.<\/p>\n\n\n\n<p>En medio de esta tensi\u00f3n, el \u201cPortal del Cielo\u201d abre sus puertas como s\u00edmbolo de una fe que crece, pero tambi\u00e9n de las sombras que acechan detr\u00e1s de ciertos altares.<\/p>\n\n\n\n<p>Fuentes:<\/p>\n\n\n\n<ul class=\"wp-block-list\">\n<li><a href=\"https:\/\/www.diariolavozdelchaco.com\/2021\/09\/28\/sentencia-condeno-a-la-uad-liderada-por-el-pastor-ledesma-a-pagar-3-millones-a-la-familia-de-un-nino-abusado\/\">https:\/\/www.diariolavozdelchaco.com\/2021\/09\/28\/sentencia-condeno-a-la-uad-liderada-por-el-pastor-ledesma-a-pagar-3-millones-a-la-familia-de-un-nino-abusado\/<\/a><\/li>\n\n\n\n<li><a href=\"https:\/\/www.enorsai.com.ar\/politica\/42638-javier-milei-y-su-vinculo-con-el-templo-portal-del-cielo--como-se-entrelazan-politica-y-religion-en-medio-de-la-crisis-del-chaco.html\">https:\/\/www.enorsai.com.ar\/politica\/42638-javier-milei-y-su-vinculo-con-el-templo-portal-del-cielo&#8211;como-se-entrelazan-politica-y-religion-en-medio-de-la-crisis-del-chaco.html<\/a><\/li>\n<\/ul>\n\n\n\n<p><\/p>\n","protected":false},"excerpt":{"rendered":"<p>Jorge Ledezma inaugura el mayor templo evang\u00e9lico de Argentina, pero su congregaci\u00f3n arrastra una condena millonaria por abuso sexual a un menor. Mientras Milei respalda a estas iglesias, crecen las cr\u00edticas en Chaco por priorizar eventos religiosos sobre urgencias sociales. El caso desnuda v\u00ednculos pol\u00edticos y controversias judiciales.<\/p>\n","protected":false},"author":11,"featured_media":5974,"comment_status":"open","ping_status":"open","sticky":false,"template":"","format":"standard","meta":{"_monsterinsights_skip_tracking":false,"_monsterinsights_sitenote_active":false,"_monsterinsights_sitenote_note":"","_monsterinsights_sitenote_category":0,"footnotes":"","jetpack_publicize_message":"","jetpack_publicize_feature_enabled":true,"jetpack_social_post_already_shared":true,"jetpack_social_options":{"image_generator_settings":{"template":"highway","default_image_id":0,"font":"","enabled":false},"version":2}},"categories":[4],"tags":[836,1361,630,1328,70,1917,45,72,1913,1490],"class_list":["post-5973","post","type-post","status-publish","format-standard","has-post-thumbnail","hentry","category-sociedad","tag-abuso","tag-chaco","tag-escandalo","tag-iglesia","tag-justicia","tag-ledezma","tag-milei","tag-politica","tag-religion","tag-sociedad"],"jetpack_publicize_connections":[],"_links":{"self":[{"href":"https:\/\/www.enorsai.com\/noticias\/wp-json\/wp\/v2\/posts\/5973","targetHints":{"allow":["GET"]}}],"collection":[{"href":"https:\/\/www.enorsai.com\/noticias\/wp-json\/wp\/v2\/posts"}],"about":[{"href":"https:\/\/www.enorsai.com\/noticias\/wp-json\/wp\/v2\/types\/post"}],"author":[{"embeddable":true,"href":"https:\/\/www.enorsai.com\/noticias\/wp-json\/wp\/v2\/users\/11"}],"replies":[{"embeddable":true,"href":"https:\/\/www.enorsai.com\/noticias\/wp-json\/wp\/v2\/comments?post=5973"}],"version-history":[{"count":2,"href":"https:\/\/www.enorsai.com\/noticias\/wp-json\/wp\/v2\/posts\/5973\/revisions"}],"predecessor-version":[{"id":5976,"href":"https:\/\/www.enorsai.com\/noticias\/wp-json\/wp\/v2\/posts\/5973\/revisions\/5976"}],"wp:featuredmedia":[{"embeddable":true,"href":"https:\/\/www.enorsai.com\/noticias\/wp-json\/wp\/v2\/media\/5974"}],"wp:attachment":[{"href":"https:\/\/www.enorsai.com\/noticias\/wp-json\/wp\/v2\/media?parent=5973"}],"wp:term":[{"taxonomy":"category","embeddable":true,"href":"https:\/\/www.enorsai.com\/noticias\/wp-json\/wp\/v2\/categories?post=5973"},{"taxonomy":"post_tag","embeddable":true,"href":"https:\/\/www.enorsai.com\/noticias\/wp-json\/wp\/v2\/tags?post=5973"}],"curies":[{"name":"wp","href":"https:\/\/api.w.org\/{rel}","templated":true}]}}