{"id":5966,"date":"2025-07-05T02:02:20","date_gmt":"2025-07-05T05:02:20","guid":{"rendered":"https:\/\/www.enorsai.com\/noticias\/economia\/para-milei-el-pais-atraviesa-un-record-de-puestos-de-trabajo-pero-el-indec-y-los-especialistas-lo-desmienten\/"},"modified":"2025-07-05T02:02:20","modified_gmt":"2025-07-05T05:02:20","slug":"para-milei-el-pais-atraviesa-un-record-de-puestos-de-trabajo-pero-el-indec-y-los-especialistas-lo-desmienten","status":"publish","type":"post","link":"https:\/\/www.enorsai.com\/noticias\/economia\/para-milei-el-pais-atraviesa-un-record-de-puestos-de-trabajo-pero-el-indec-y-los-especialistas-lo-desmienten\/","title":{"rendered":"Para Milei el pa\u00eds atraviesa un \u201cr\u00e9cord de puestos de trabajo\u201d, pero el INDEC y los especialistas lo desmienten"},"content":{"rendered":"\n<p>El empleo crece en t\u00e9rminos absolutos, pero no mejora en relaci\u00f3n al crecimiento poblacional y se precariza cada vez m\u00e1s.<br><br>Javier Milei asegur\u00f3 que \u201cestamos en r\u00e9cord de puestos de trabajo\u201d, pero la afirmaci\u00f3n resulta enga\u00f1osa: aunque hay m\u00e1s personas empleadas, el porcentaje de trabajadores en relaci\u00f3n a la poblaci\u00f3n total no ha variado desde 2022. Adem\u00e1s, el trabajo informal y el cuentapropismo siguen en aumento, revelando un mercado laboral cada vez m\u00e1s precario.<br><br>Durante una entrevista en La Naci\u00f3n+, el presidente Javier Milei afirm\u00f3 que \u201cestamos en r\u00e9cord de puestos de trabajo\u201d. A primera vista, el dato parecer\u00eda reflejar una mejora en el mercado laboral. Sin embargo, como muchas de las frases del mandatario, se trata de una afirmaci\u00f3n enga\u00f1osa que oculta m\u00e1s de lo que muestra.<br><br>Seg\u00fan el \u00faltimo informe del INDEC, en el primer trimestre de 2025 hay poco m\u00e1s de 21 millones de personas con empleo. Este n\u00famero representa uno de los valores m\u00e1s altos desde que comenz\u00f3 la serie estad\u00edstica en 2016. Pero los especialistas coinciden en que mirar s\u00f3lo la cifra absoluta no alcanza para comprender la din\u00e1mica del empleo.<br><br>Crecimiento demogr\u00e1fico y tasas estancadas<br><br>Luis Campos, del Observatorio del Derecho Social de la CTA Aut\u00f3noma, advierte que \u201ctodos los a\u00f1os el empleo total tiende a aumentar, porque todos los a\u00f1os aumenta la poblaci\u00f3n. Por eso conviene hablar de tasas m\u00e1s que de totales poblacionales\u201d.<br><br>Y es ah\u00ed donde el relato oficial comienza a resquebrajarse. La tasa de empleo \u2014que mide la proporci\u00f3n de personas con trabajo respecto al total de la poblaci\u00f3n\u2014 fue del 44,4% en el primer trimestre de 2025. Un n\u00famero elevado, s\u00ed, pero no un r\u00e9cord: en el mismo per\u00edodo de 2023 fue del 45%, y desde 2022 se mantiene en niveles similares.<br><br>Adem\u00e1s, la tasa de actividad \u2014que refleja cu\u00e1ntas personas est\u00e1n dispuestas a trabajar\u2014 aument\u00f3 m\u00e1s que la tasa de empleo. Esto significa que la cantidad de personas que buscan trabajo creci\u00f3 m\u00e1s que la de quienes efectivamente lo consiguen, lo que termin\u00f3 generando un leve aumento de la desocupaci\u00f3n.<br><br>M\u00e1s trabajo, pero m\u00e1s precarizado<br><br>Lejos de consolidar un mercado laboral robusto, lo que el Gobierno presenta como un logro esconde un dato preocupante: el aumento de la precarizaci\u00f3n. La tasa de informalidad creci\u00f3 del 40,8% al 42% en el \u00faltimo a\u00f1o.<br><br>Seg\u00fan el economista Federico Pastrana, \u201cla informalidad creci\u00f3 y los puestos de trabajo por cuenta propia compensaron la ca\u00edda de los puestos registrados\u201d. De hecho, el cuentapropismo pas\u00f3 del 21,9% al 23,5%, mientras que los asalariados no registrados subieron del 35,7% al 36,3%.<br><br>Jorge Paz, investigador del CONICET, tambi\u00e9n explic\u00f3 que el aumento del desempleo est\u00e1 vinculado a una mayor presi\u00f3n sobre el mercado laboral: \u201cPersonas que antes no buscaban trabajo, ahora s\u00ed lo hacen\u201d, lo que deja en evidencia el deterioro de las condiciones de vida y la necesidad de generar ingresos por cualquier v\u00eda.<br><br>Una lectura sesgada del Presidente<br><br>A lo largo de su mandato, Milei ha hecho del cherry-picking estad\u00edstico una herramienta recurrente para construir su narrativa de \u00e9xito. En esta oportunidad, volvi\u00f3 a difundir datos en redes sociales (como X, ex Twitter) que muestran el crecimiento absoluto del empleo, pero omite deliberadamente que ese incremento va a la par del crecimiento de la poblaci\u00f3n y, por tanto, no representa una mejora real.<br><br>Tampoco responde \u2014ni \u00e9l ni su Ministerio de Capital Humano\u2014 de d\u00f3nde surgen exactamente los datos que utiliza en sus declaraciones, como denunci\u00f3 el medio Chequeado, que intent\u00f3 obtener una explicaci\u00f3n oficial sin \u00e9xito.<br><br>R\u00e9cord no es sin\u00f3nimo de mejora<br><br>El mercado laboral argentino vive una paradoja: hay m\u00e1s personas con trabajo, pero no hay una mejora sustancial en los niveles de empleo si se los mide en relaci\u00f3n a la poblaci\u00f3n. A esto se suma el avance de la informalidad y del cuentapropismo, s\u00edntomas claros de una econom\u00eda que expulsa trabajadores del circuito formal.<br><br>Por todo esto, la frase de Javier Milei resulta, como m\u00ednimo, enga\u00f1osa. El empleo no mejora: simplemente se adapta al crecimiento poblacional y lo hace con peores condiciones. En vez de un r\u00e9cord, lo que hay es un relato sostenido con n\u00fameros fuera de contexto.<br><br>Fuente:<\/p>\n\n\n\n<ul class=\"wp-block-list\">\n<li>https:\/\/chequeado.com\/ultimas-noticias\/javier-milei-estamos-en-record-de-puestos-de-trabajo\/<\/li>\n<\/ul>\n","protected":false},"excerpt":{"rendered":"<p>El empleo crece en t\u00e9rminos absolutos, pero no mejora en relaci\u00f3n al crecimiento poblacional y se precariza cada vez m\u00e1s. Javier Milei asegur\u00f3 que \u201cestamos en r\u00e9cord de puestos de trabajo\u201d, pero la afirmaci\u00f3n resulta enga\u00f1osa: aunque hay m\u00e1s personas empleadas, el porcentaje de trabajadores en relaci\u00f3n a la poblaci\u00f3n total no ha variado desde&#8230;<\/p>\n","protected":false},"author":9,"featured_media":5965,"comment_status":"open","ping_status":"open","sticky":false,"template":"","format":"standard","meta":{"_monsterinsights_skip_tracking":false,"_monsterinsights_sitenote_active":false,"_monsterinsights_sitenote_note":"","_monsterinsights_sitenote_category":0,"footnotes":"","jetpack_publicize_message":"","jetpack_publicize_feature_enabled":true,"jetpack_social_post_already_shared":true,"jetpack_social_options":{"image_generator_settings":{"template":"highway","default_image_id":0,"font":"","enabled":false},"version":2}},"categories":[3],"tags":[],"class_list":["post-5966","post","type-post","status-publish","format-standard","has-post-thumbnail","hentry","category-economia"],"jetpack_publicize_connections":[],"_links":{"self":[{"href":"https:\/\/www.enorsai.com\/noticias\/wp-json\/wp\/v2\/posts\/5966","targetHints":{"allow":["GET"]}}],"collection":[{"href":"https:\/\/www.enorsai.com\/noticias\/wp-json\/wp\/v2\/posts"}],"about":[{"href":"https:\/\/www.enorsai.com\/noticias\/wp-json\/wp\/v2\/types\/post"}],"author":[{"embeddable":true,"href":"https:\/\/www.enorsai.com\/noticias\/wp-json\/wp\/v2\/users\/9"}],"replies":[{"embeddable":true,"href":"https:\/\/www.enorsai.com\/noticias\/wp-json\/wp\/v2\/comments?post=5966"}],"version-history":[{"count":0,"href":"https:\/\/www.enorsai.com\/noticias\/wp-json\/wp\/v2\/posts\/5966\/revisions"}],"wp:featuredmedia":[{"embeddable":true,"href":"https:\/\/www.enorsai.com\/noticias\/wp-json\/wp\/v2\/media\/5965"}],"wp:attachment":[{"href":"https:\/\/www.enorsai.com\/noticias\/wp-json\/wp\/v2\/media?parent=5966"}],"wp:term":[{"taxonomy":"category","embeddable":true,"href":"https:\/\/www.enorsai.com\/noticias\/wp-json\/wp\/v2\/categories?post=5966"},{"taxonomy":"post_tag","embeddable":true,"href":"https:\/\/www.enorsai.com\/noticias\/wp-json\/wp\/v2\/tags?post=5966"}],"curies":[{"name":"wp","href":"https:\/\/api.w.org\/{rel}","templated":true}]}}