{"id":5943,"date":"2025-07-04T17:09:55","date_gmt":"2025-07-04T20:09:55","guid":{"rendered":"http:\/\/www.enorsai.com\/noticias\/?p=5943"},"modified":"2025-07-04T17:09:55","modified_gmt":"2025-07-04T20:09:55","slug":"la-misa-del-odio-el-ataque-homofobico-contra-esteban-paulon-es-el-odio-legitimado-desde-las-mas-altas-esferas-del-poder","status":"publish","type":"post","link":"https:\/\/www.enorsai.com\/noticias\/politica\/la-misa-del-odio-el-ataque-homofobico-contra-esteban-paulon-es-el-odio-legitimado-desde-las-mas-altas-esferas-del-poder\/","title":{"rendered":"La Misa del Odio: El ataque homof\u00f3bico contra Esteban Paul\u00f3n es el odio legitimado desde las m\u00e1s altas esferas del poder"},"content":{"rendered":"\n<p><strong><em>Cuando la ultraderecha medi\u00e1tica cruza la l\u00ednea de la infamia, la democracia queda reh\u00e9n de la violencia simb\u00f3lica y el fanatismo. La agresi\u00f3n a Esteban Paul\u00f3n en el programa libertario \u201cLa Misa\u201d desnuda el coraz\u00f3n podrido de un proyecto pol\u00edtico que se alimenta del desprecio al otro. Las risas, los insultos y las calumnias no son un simple exabrupto: son la versi\u00f3n televisada del odio legitimado desde las m\u00e1s altas esferas del poder.<\/em><\/strong><\/p>\n\n\n\n<p>Hay escenas que, por su vileza, deber\u00edan avergonzar a toda sociedad que aspire a llamarse democr\u00e1tica. El 2 de julio, durante una emisi\u00f3n de \u201cLa Misa\u201d, un programa de streaming que act\u00faa como altavoz oficialista, el diputado nacional Esteban Paul\u00f3n fue acusado de pedofilia y se le dese\u00f3 p\u00fablicamente el SIDA. El insulto no cay\u00f3 en un vac\u00edo: fue celebrado, entre carcajadas y gestos de suficiencia, por un panel que hace del matonismo verbal su marca registrada. Quiz\u00e1s lo m\u00e1s obsceno no sea el agravio en s\u00ed, sino la impunidad con la que se vomita el odio. Porque el conductor del programa, Daniel Parisini, alias el \u201cGordo Dan\u201d, no es un marginal que delira en un s\u00f3tano polvoriento. Es un influencer con acceso directo a los despachos del poder libertario, un engranaje m\u00e1s de la maquinaria de propaganda que Javier Milei ha montado para dinamitar los l\u00edmites de la convivencia democr\u00e1tica.<\/p>\n\n\n\n<p>La C\u00e1mara de Diputados reaccion\u00f3 con un pronunciamiento que re\u00fane 42 firmas de casi todos los bloques. El documento no se anda con eufemismos: califica de \u201caberrante\u201d la acusaci\u00f3n de pedofilia lanzada contra Paul\u00f3n y denuncia el discurso de odio que busca convertir a las minor\u00edas en chivos expiatorios de un pa\u00eds en crisis. \u201cPed\u00f3filo, operador, comunista y cara de pelotudo. SIDA para vos\u201d, escribi\u00f3 d\u00edas antes el panelista Pablo Sebasti\u00e1n Pazos en redes sociales, sin que ning\u00fan fiscal se diera por aludido. Cuando lleg\u00f3 la hora de repetirlo en c\u00e1mara, no solo no se retract\u00f3 sino que lo convirti\u00f3 en un espect\u00e1culo. As\u00ed funcionan los linchamientos contempor\u00e1neos: con la complicidad cobarde de quienes se limitan a mirar para otro lado mientras a otro ser humano se lo difama y se lo deshumaniza.<\/p>\n\n\n\n<p>Los voceros de Milei justifican esta estrategia con la coartada de la \u201cbatalla cultural\u201d. Pero \u00bfqu\u00e9 significa, en el fondo, esa expresi\u00f3n tan grandilocuente? En los hechos, consiste en sembrar odio y estigmatizaci\u00f3n para encubrir la miseria moral y pol\u00edtica que emana de la c\u00fapula oficialista. Que en ese set estuviera Nicol\u00e1s M\u00e1rquez, bi\u00f3grafo del propio Presidente, no es un dato menor. M\u00e1rquez se permiti\u00f3 diagnosticar un \u201cdesorden anal\u201d en Paul\u00f3n con una crueldad de circo romano. El propio Parisini no dud\u00f3 en describir el activismo LGBTIQ+ como un \u201cabuso infantil\u201d, empujando la falacia hasta el delirio. El mensaje es claro: quienes defienden derechos humanos deben ser tratados como criminales o pervertidos. Quien cuestione al poder libertario ser\u00e1 escupido, perseguido, injuriado.<\/p>\n\n\n\n<figure class=\"wp-block-embed is-type-rich is-provider-twitter wp-block-embed-twitter\"><div class=\"wp-block-embed__wrapper\">\n<blockquote class=\"twitter-tweet\" data-width=\"550\" data-dnt=\"true\"><p lang=\"es\" dir=\"ltr\">MEMORIA <br><br>Que la falta de empat\u00eda y el abandono del gobierno de <a href=\"https:\/\/twitter.com\/JMilei?ref_src=twsrc%5Etfw\">@JMilei<\/a> al pueblo bahiense y bonaerense NO nos sea indiferente.<br>Record\u00e9moslo para cuando vengan a pedir el voto <a href=\"https:\/\/t.co\/Q1n477GbGF\">https:\/\/t.co\/Q1n477GbGF<\/a><\/p>&mdash; Esteban Paul\u00f3n (@EstebanPaulon) <a href=\"https:\/\/twitter.com\/EstebanPaulon\/status\/1937479085468328205?ref_src=twsrc%5Etfw\">June 24, 2025<\/a><\/blockquote><script async src=\"https:\/\/platform.twitter.com\/widgets.js\" charset=\"utf-8\"><\/script>\n<\/div><\/figure>\n\n\n\n<p>En este delirio comunicacional, no se trata solo de Paul\u00f3n, aunque \u00e9l haya sido la v\u00edctima inmediata. Se trata de un ataque calculado contra todo un colectivo, de la puesta en escena de un relato que demoniza la diversidad sexual y recupera fantasmas de una \u00e9poca donde la homosexualidad se pagaba con c\u00e1rcel, ostracismo o muerte. Los propagandistas de Milei no inventan nada nuevo. Se limitan a reciclar prejuicios tan viejos como el miedo, pero con un envoltorio de memes, hashtags y streaming en alta definici\u00f3n. La mugre es la misma de siempre.<\/p>\n\n\n\n<p>La reacci\u00f3n parlamentaria fue transversal: legisladores del Frente Amplio, Uni\u00f3n por la Patria, la UCR, la Coalici\u00f3n C\u00edvica y Hacemos Coalici\u00f3n Federal coincidieron en se\u00f1alar que la difamaci\u00f3n es incompatible con los principios de igualdad y dignidad humana. Entre las firmas sobresale la de Silvia Lospennato, una referente hist\u00f3rica del PRO que hoy toma distancia del macrismo tradicional. Tambi\u00e9n la de Maximiliano Ferraro, que no dud\u00f3 en advertir que este mensaje \u201cbusca sembrar miedo y reforzar prejuicios tan antiguos como violentos\u201d. Es un alivio comprobar que, pese al clima de barbarie que se respira, todav\u00eda hay sectores de la pol\u00edtica dispuestos a ponerle un l\u00edmite al odio. Pero no basta con la solidaridad simb\u00f3lica. Cuando un canal de comunicaci\u00f3n se convierte en ariete para promover delitos y deshumanizar a minor\u00edas, no alcanza con los repudios. Hacen falta acciones concretas, porque el da\u00f1o se propaga r\u00e1pido y deja cicatrices profundas.<\/p>\n\n\n\n<p>Paul\u00f3n no es ajeno a este asedio. A comienzos de a\u00f1o, ya hab\u00eda denunciado a Javier Milei por incitaci\u00f3n al odio, cuando en el Foro de Davos se despach\u00f3 con diatribas que asociaban la diversidad sexual con \u201cla destrucci\u00f3n de valores morales\u201d. Aquellas palabras tuvieron el efecto de una chispa arrojada sobre un dep\u00f3sito de p\u00f3lvora: desde entonces, el hostigamiento digital escal\u00f3 en intensidad y ferocidad. La acusaci\u00f3n de pedofilia \u2014una de las m\u00e1s repugnantes que se pueden lanzar contra un activista\u2014 es solo la coronaci\u00f3n de un proceso de demonizaci\u00f3n que se cocina a fuego lento en los laboratorios comunicacionales del poder.<\/p>\n\n\n\n<p>Hay algo perverso en esta din\u00e1mica. Mientras Parisini y sus secuaces convierten la humillaci\u00f3n en espect\u00e1culo, el gobierno de Milei sigue vendiendo la ilusi\u00f3n de la libertad absoluta. Pero esa supuesta libertad tiene nombre y apellido: libertad de odiar, libertad de difamar, libertad de destruir la reputaci\u00f3n de quien no se someta. La convivencia democr\u00e1tica, esa conquista fr\u00e1gil que cost\u00f3 d\u00e9cadas de lucha, se vuelve papel mojado cuando un Presidente legitima con su silencio \u2014o con sus gui\u00f1os\u2014 la cacer\u00eda medi\u00e1tica contra disidentes.<\/p>\n\n\n\n<p>Quiz\u00e1s algunos crean que se trata apenas de un show grotesco que se consume en un pu\u00f1ado de canales libertarios. Ojal\u00e1 fuera tan inofensivo. Lo que se reproduce en \u201cLa Misa\u201d tiene efectos devastadores: normaliza la violencia simb\u00f3lica, alimenta el resentimiento y refuerza la idea de que la pol\u00edtica es un campo de exterminio moral donde todo vale con tal de aniquilar al otro. Y cuando la pol\u00edtica renuncia a la decencia, lo que queda es un lodazal de injurias, prejuicios y amenazas.<\/p>\n\n\n\n<p>En esta hora oscura, resulta imprescindible preguntarse qu\u00e9 clase de pa\u00eds estamos construyendo. Un pa\u00eds que r\u00ede mientras se humilla a un representante democr\u00e1tico, un pa\u00eds que aplaude mientras se le desea la enfermedad a quien piensa distinto, un pa\u00eds que confunde libertad con sadismo. No es una an\u00e9cdota, no es un exceso aislado: es un s\u00edntoma de una decadencia que nos involucra a todos. Y mientras sigamos tolerando que la difamaci\u00f3n se disfrace de debate y que el odio se maquille de libertad de expresi\u00f3n, la democracia ser\u00e1 solo una palabra hueca.<\/p>\n\n\n\n<p>Fuente:<\/p>\n\n\n\n<ul class=\"wp-block-list\">\n<li><a href=\"https:\/\/www.eldiarioar.com\/politica\/repudio-transversal-diputados-misa-programa-gordo-dan-discurso-odio_1_12440467.html\">https:\/\/www.eldiarioar.com\/politica\/repudio-transversal-diputados-misa-programa-gordo-dan-discurso-odio_1_12440467.html<\/a><\/li>\n<\/ul>\n","protected":false},"excerpt":{"rendered":"<p>El ataque homof\u00f3bico contra Esteban Paul\u00f3n en \u201cLa Misa\u201d expone el coraz\u00f3n podrido del oficialismo libertario: un proyecto que convierte la injuria y el desprecio en espect\u00e1culo. La C\u00e1mara de Diputados repudi\u00f3 la agresi\u00f3n, pero el silencio de Milei legitima la violencia simb\u00f3lica contra quienes defienden derechos humanos.<\/p>\n","protected":false},"author":1,"featured_media":5944,"comment_status":"open","ping_status":"open","sticky":false,"template":"","format":"standard","meta":{"_monsterinsights_skip_tracking":false,"_monsterinsights_sitenote_active":false,"_monsterinsights_sitenote_note":"","_monsterinsights_sitenote_category":0,"footnotes":"","jetpack_publicize_message":"","jetpack_publicize_feature_enabled":true,"jetpack_social_post_already_shared":true,"jetpack_social_options":{"image_generator_settings":{"template":"highway","default_image_id":0,"font":"","enabled":false},"version":2}},"categories":[2,4],"tags":[257,69,1904,823,135,1903,45,826,1902,1905],"class_list":["post-5943","post","type-post","status-publish","format-standard","has-post-thumbnail","hentry","category-politica","category-sociedad","tag-congreso","tag-derechos","tag-difamacion","tag-discriminacion","tag-diversidad","tag-homofobia","tag-milei","tag-odio","tag-paulon","tag-streaming"],"jetpack_publicize_connections":[],"_links":{"self":[{"href":"https:\/\/www.enorsai.com\/noticias\/wp-json\/wp\/v2\/posts\/5943","targetHints":{"allow":["GET"]}}],"collection":[{"href":"https:\/\/www.enorsai.com\/noticias\/wp-json\/wp\/v2\/posts"}],"about":[{"href":"https:\/\/www.enorsai.com\/noticias\/wp-json\/wp\/v2\/types\/post"}],"author":[{"embeddable":true,"href":"https:\/\/www.enorsai.com\/noticias\/wp-json\/wp\/v2\/users\/1"}],"replies":[{"embeddable":true,"href":"https:\/\/www.enorsai.com\/noticias\/wp-json\/wp\/v2\/comments?post=5943"}],"version-history":[{"count":1,"href":"https:\/\/www.enorsai.com\/noticias\/wp-json\/wp\/v2\/posts\/5943\/revisions"}],"predecessor-version":[{"id":5945,"href":"https:\/\/www.enorsai.com\/noticias\/wp-json\/wp\/v2\/posts\/5943\/revisions\/5945"}],"wp:featuredmedia":[{"embeddable":true,"href":"https:\/\/www.enorsai.com\/noticias\/wp-json\/wp\/v2\/media\/5944"}],"wp:attachment":[{"href":"https:\/\/www.enorsai.com\/noticias\/wp-json\/wp\/v2\/media?parent=5943"}],"wp:term":[{"taxonomy":"category","embeddable":true,"href":"https:\/\/www.enorsai.com\/noticias\/wp-json\/wp\/v2\/categories?post=5943"},{"taxonomy":"post_tag","embeddable":true,"href":"https:\/\/www.enorsai.com\/noticias\/wp-json\/wp\/v2\/tags?post=5943"}],"curies":[{"name":"wp","href":"https:\/\/api.w.org\/{rel}","templated":true}]}}