{"id":5935,"date":"2025-07-04T09:12:07","date_gmt":"2025-07-04T12:12:07","guid":{"rendered":"http:\/\/www.enorsai.com\/noticias\/?p=5935"},"modified":"2025-07-04T09:12:07","modified_gmt":"2025-07-04T12:12:07","slug":"festejando-la-condena-y-preparando-otras-por-hugo-muleiro","status":"publish","type":"post","link":"https:\/\/www.enorsai.com\/noticias\/opinion\/festejando-la-condena-y-preparando-otras-por-hugo-muleiro\/","title":{"rendered":"Festejando la condena. Y preparando otras. Por Hugo Muleiro"},"content":{"rendered":"\n<p><strong><em>El despliegue editorial de Clar\u00edn, La Naci\u00f3n e Infobae por la condena a Cristina Kirchner tuvo durante junio picos de euforia un\u00e1nime, atenuada apenas por las condiciones de la prisi\u00f3n domiciliaria, que quieren m\u00e1s severas, pero a la vez tomada como est\u00edmulo para empezar a mover el dispositivo hacia nuevas acciones judiciales contra la ex Presidenta, algunas ya con fecha puesta.<\/em><\/strong><\/p>\n\n\n\n<p>El 17 de junio, Pagni escribi\u00f3 en La Naci\u00f3n que la guerra que Israel desat\u00f3 contra Ir\u00e1n cre\u00f3 \u201cel momento ideal\u201d para ponerle fecha al juicio oral por el frustrado memor\u00e1ndum con Teher\u00e1n. Roa, en Clar\u00edn, comunic\u00f3 el 29 que el tribunal as\u00ed lo har\u00e1: lo anunciar\u00e1 antes del 18 de julio, d\u00eda del aniversario del atentado a la AMIA.<\/p>\n\n\n\n<p>La Naci\u00f3n recurri\u00f3 a Leonardo Fari\u00f1a para decir que la causa por los llamados \u201ccuadernos\u201d ser\u00e1 \u201cmucho m\u00e1s grande\u201d. Van der Kooy tecle\u00f3 en Clar\u00edn que la condena actu\u00f3 como prenda de unidad entre los cortesanos supremos y que es el pr\u00f3logo de \u201cotras novedades sonoras que pueden llegar\u201d.<\/p>\n\n\n\n<p>El grupo de tareas judiciales de Clar\u00edn, mano de obra muy bien ocupada, va moviendo novedades semana a semana, por una causa u otra, y por todas a la vez. El redactor Vaca, que puso su nombre al anuncio de septiembre de 2022, \u201cLa bala que no sali\u00f3. El fallo que si saldr\u00e1\u201d, subi\u00f3 la apuesta: saldr\u00e1n m\u00e1s fallos. Al fin no tan corajudo, quiso esconder la mano escribiendo que fallo no equivale a culpabilidad.<\/p>\n\n\n\n<p>La celebraci\u00f3n en coro por tan esperada condena, que se expres\u00f3 en decenas de notas de igual tono y contenido, fue acompa\u00f1ada por los festejos oficialistas y de los partidos unidos en el odio al peronismo, al kirchnerismo y en particular a Cristina: se anotaron macristas, autodenominados radicales y los republicanistas de Carri\u00f3, quien obtuvo lindos espacios medi\u00e1ticos para que declamara compasi\u00f3n con quien es objeto de su ira fuera de control.<\/p>\n\n\n\n<p>Las y los columnistas pusieron grandes esperanzas en que saliera esposada de Comodoro Py, reclamaron la tobillera para una de las personas m\u00e1s vigiladas del pa\u00eds, pidieron la prohibici\u00f3n del balc\u00f3n e imploraron \u2013Clar\u00edn, 15 de junio- que pasara \u201cal menos una noche en la alcald\u00eda\u201d. Cuando, como escribi\u00f3 Bonelli, el tribunal resolvi\u00f3 notificarla en su casa por orden del r\u00e9gimen de Milei, pasaron a festejar que se le hubiera impedido \u201cun 17 de octubre\u201d.<\/p>\n\n\n\n<p>Este gran paso del dispositivo de poder que conden\u00f3 y, se anuncia, seguir\u00e1 condenando a Cristina Kirchner, y del cual los medios dominantes son una pieza central, no alcanz\u00f3 para evitarles un regusto amargo porque ella no les ofreci\u00f3 una imagen de abatimiento.<\/p>\n\n\n\n<p>Morales Sol\u00e1 redujo la marcha a la Plaza de Mayo a un \u201cexiguo griter\u00edo\u201d; Sirven dijo que ella hace \u201cmoner\u00edas\u201d; Liotti que hay \u201cteatralidad de balc\u00f3n\u201d; Abascal, igual que animadores de TV entre quienes no pod\u00eda faltar la videlista Mirtha Legrand, protest\u00f3 por la \u201ceuforia balconera\u201d. Roa: ella \u201cempieza a cansar\u201d. Kirschbaum: ella \u201cprovoca a la justicia\u201d. E Infobae, con cuatro t\u00edtulos simult\u00e1neos el 19 de junio: A la Plaza fueron 48 mil personas; costo de la limpieza de la Plaza; el mileismo relativiz\u00f3 la marcha; cr\u00edtica al env\u00edo de un mensaje.<\/p>\n\n\n\n<p>Pagni, entre los columnistas que presumen de pensadores no exaltados y nutridos de inteligencia \u2013a diferencia de varios de sus compa\u00f1eros\/as- perdi\u00f3 la compostura y tach\u00f3 a Kicillof de \u201cmanifestante m\u00e1s destacado y problem\u00e1tico\u201d de la marcha a Plaza de Mayo, en la que M\u00e1ximo Kirchner, se burl\u00f3, \u201coficiaba de DJ\u201d.<\/p>\n\n\n\n<p>Desde ya, la condena desat\u00f3 una bater\u00eda tambi\u00e9n coordinada de diagn\u00f3sticos de fin de \u00e9poca: se acab\u00f3 el kirchnerismo y, por qu\u00e9 no, el peronismo, si so\u00f1ar no cuesta nada. Declinaci\u00f3n sin remedio (Morales Sol\u00e1), el kirchnerismo se termina (Bonelli), y ya se termin\u00f3 (Laborda), y fin de ciclo (Schmidt), y el PJ tendr\u00e1 ahora otro l\u00edder (Guyot), y el peronismo qued\u00f3 ahora en \u201corfandad\u201d (Kirschbaum).<\/p>\n\n\n\n<p>Sue\u00f1os renovados, s\u00ed, pero muy antiguos: Clar\u00edn recuper\u00f3 el deseo oligarca del voto calificado, al expresar que la condena a quien obtuvo 54 % de los votos sirve para pensar en \u201cel v\u00ednculo entre las grandes mayor\u00edas y las conductas \u00e9ticas y morales de los dirigentes pol\u00edticos\u201d (Van der Kooy, 11\/6). Tambi\u00e9n en Clar\u00edn, Vaca se relami\u00f3 con un peronismo \u201ccomo el de C\u00f3rdoba\u201d, que es casi lo mismo que decir un antiperonismo.<\/p>\n\n\n\n<p>La euforia compartida por la resoluci\u00f3n judicial sirvi\u00f3 durante junio para dejar en segundo plano el distanciamiento parcial de Clar\u00edn con el r\u00e9gimen de Milei, dada la disputa por los negocios y negociados en el oscur\u00edsimo universo de las telecomunicaciones. No obstante, se mantiene la t\u00f3nica anterior, con respaldo al modelo econ\u00f3mico y no tanto a quien ocupa la presidencia.<\/p>\n\n\n\n<p>Por ejemplo, los \u00edndices econ\u00f3micos claramente favorables al oficialismo, como los de la inflaci\u00f3n, adquieren gran visiblidad en la tapas y primeras pantallas. En cambio, el aumento de la desocupaci\u00f3n queda en p\u00e1ginas perdidas, casi invisible, igual que el cierre de empresas y comercios. Pero eso s\u00ed: cuando habla JP Morgan va a la tapa, porque la carro\u00f1a bancaria y financiera internacional est\u00e1 por encima de todo.<\/p>\n\n\n\n<p>PARA QUIENES GUSTAN DE LOS N\u00daMEROS. JUNIO.<br>T\u00cdTULOS A FAVOR DEL OFICIALISMO: 35,9 % (MAYO 39,7 %)<br>T\u00cdTULOS DESVAVORABLES AL OFICIALISMO: 24,9 % (MAYO 29,1 %)<br>T\u00cdTULOS EQUIDISTANTES\/NEUTRALES: 39,1 % (MAYO 31,0 %)<\/p>\n\n\n\n<p>T\u00cdTULOS FAVORABLES A LA OPOSICI\u00d3N; 8,3 % (MAYO 15,2 %)<br>T\u00cdTULOS DESFAVORABLES A LA OPOSICI\u00d3N: 83,2 % (MAYO 69,5 %)<br>T\u00cdTULOS EQUIDISTANTES\/NEUTRALES: 8,3 % (MAYO 15,2 %)<\/p>\n\n\n\n<p>TOTAL DE T\u00cdTULOS DE ACTUALIDAD POL\u00cdTICA Y ECON\u00d3MICA: 552<\/p>\n\n\n\n<p>-FAVORABLES AL OFICIALISMO M\u00c1S<br>DESFAVORABLES A LA OPOSICI\u00d3N: 58,5 % (MAYO 47,0 %)<br>-DESFAVORABLES AL OFICIALISMO<br>M\u00c1S FAVORABLES A LA OPOSICI\u00d3N: 17,0 % (MAYO 25,7 %)<br>-EQUIDISTANTES PARA UNOS Y OTROS: 24,4 % (MAYO 27,1 %)<\/p>\n\n\n\n<p>(T\u00edtulos diarios de portada de Clar\u00edn y La Naci\u00f3n, m\u00e1s los seis primeros de las ediciones digitales, m\u00e1s INFOBAE, registrados a primera hora cada ma\u00f1ana).<\/p>\n\n\n\n<p>(Rese\u00f1a de Hugo Muleiro)<\/p>\n","protected":false},"excerpt":{"rendered":"<p>El despliegue editorial de Clar\u00edn, La Naci\u00f3n e Infobae por la condena a Cristina Kirchner tuvo durante junio picos de euforia un\u00e1nime, atenuada apenas por las condiciones de la prisi\u00f3n domiciliaria, que quieren m\u00e1s severas, pero a la vez tomada como est\u00edmulo para empezar a mover el dispositivo hacia nuevas acciones judiciales contra la ex&#8230;<\/p>\n","protected":false},"author":10,"featured_media":5936,"comment_status":"open","ping_status":"open","sticky":false,"template":"","format":"standard","meta":{"_monsterinsights_skip_tracking":false,"_monsterinsights_sitenote_active":false,"_monsterinsights_sitenote_note":"","_monsterinsights_sitenote_category":0,"footnotes":"","jetpack_publicize_message":"","jetpack_publicize_feature_enabled":true,"jetpack_social_post_already_shared":true,"jetpack_social_options":{"image_generator_settings":{"template":"highway","default_image_id":0,"font":"","enabled":false},"version":2}},"categories":[17],"tags":[],"class_list":["post-5935","post","type-post","status-publish","format-standard","has-post-thumbnail","hentry","category-opinion"],"jetpack_publicize_connections":[],"_links":{"self":[{"href":"https:\/\/www.enorsai.com\/noticias\/wp-json\/wp\/v2\/posts\/5935","targetHints":{"allow":["GET"]}}],"collection":[{"href":"https:\/\/www.enorsai.com\/noticias\/wp-json\/wp\/v2\/posts"}],"about":[{"href":"https:\/\/www.enorsai.com\/noticias\/wp-json\/wp\/v2\/types\/post"}],"author":[{"embeddable":true,"href":"https:\/\/www.enorsai.com\/noticias\/wp-json\/wp\/v2\/users\/10"}],"replies":[{"embeddable":true,"href":"https:\/\/www.enorsai.com\/noticias\/wp-json\/wp\/v2\/comments?post=5935"}],"version-history":[{"count":1,"href":"https:\/\/www.enorsai.com\/noticias\/wp-json\/wp\/v2\/posts\/5935\/revisions"}],"predecessor-version":[{"id":5937,"href":"https:\/\/www.enorsai.com\/noticias\/wp-json\/wp\/v2\/posts\/5935\/revisions\/5937"}],"wp:featuredmedia":[{"embeddable":true,"href":"https:\/\/www.enorsai.com\/noticias\/wp-json\/wp\/v2\/media\/5936"}],"wp:attachment":[{"href":"https:\/\/www.enorsai.com\/noticias\/wp-json\/wp\/v2\/media?parent=5935"}],"wp:term":[{"taxonomy":"category","embeddable":true,"href":"https:\/\/www.enorsai.com\/noticias\/wp-json\/wp\/v2\/categories?post=5935"},{"taxonomy":"post_tag","embeddable":true,"href":"https:\/\/www.enorsai.com\/noticias\/wp-json\/wp\/v2\/tags?post=5935"}],"curies":[{"name":"wp","href":"https:\/\/api.w.org\/{rel}","templated":true}]}}