{"id":593,"date":"2025-02-03T09:58:55","date_gmt":"2025-02-03T12:58:55","guid":{"rendered":"https:\/\/www.enorsai.com\/noticias\/?p=593"},"modified":"2025-02-03T09:59:36","modified_gmt":"2025-02-03T12:59:36","slug":"no-hay-plata-gigante-derrumbe-en-la-compra-de-carne","status":"publish","type":"post","link":"https:\/\/www.enorsai.com\/noticias\/economia\/no-hay-plata-gigante-derrumbe-en-la-compra-de-carne\/","title":{"rendered":"No hay plata: gigante derrumbe en la compra de carne"},"content":{"rendered":"\n<p><em>El precio de la carne sube hasta un 7% este lunes. Carniceros advierten: &#8216;Cada vez es m\u00e1s complicado comprar&#8217;. \u00bfCu\u00e1nto costar\u00e1 el asado?<\/em><\/p>\n\n\n\n<p>En un contexto de ca\u00edda del consumo de carne vacuna, que en 2024 alcanz\u00f3 m\u00ednimos hist\u00f3ricos en el pa\u00eds, los cortes volver\u00e1n a aumentar entre un 5% y 7% este lunes debido a una importante reducci\u00f3n de la oferta en el mercado de hacienda. Los carniceros advierten que \u00abcada vez es much\u00edsimo m\u00e1s complicado comprar\u00bb.<\/p>\n\n\n\n<p>En las \u00faltimas semanas, los frigor\u00edficos aumentaron un 7% por una ca\u00edda de la hacienda en el Mercado Agroganadero de Ca\u00f1uelas (MAG). Este incremento ya empez\u00f3 a trasladarse a algunas carnicer\u00edas, aunque en la mayor\u00eda de los locales impactar\u00e1 con el comienzo de la semana.<\/p>\n\n\n\n<p>Mario Laurens, due\u00f1o de una carnicer\u00eda, expres\u00f3 su preocupaci\u00f3n: \u00abYa est\u00e1 todo por las nubes, no sabemos qu\u00e9 inventar. Se volvi\u00f3 ca\u00f3tico. Es domingo y no hay nadie, cada vez se pone much\u00edsimo m\u00e1s complicado\u00bb. Adem\u00e1s, destac\u00f3 que la carne aument\u00f3 el jueves y que la semana pr\u00f3xima habr\u00e1 incrementos en los cortes de cerdo.<\/p>\n\n\n\n<p>El impacto en el bolsillo de los consumidores<\/p>\n\n\n\n<p>Seg\u00fan Laurens, el precio de costo de una media res es de 6.000 el kilo, lo que lleva el kilo de asado a 12.000: \u00abEst\u00e1bamos pagando 5.300 y se fue a 6.000, es una guasada el porcentaje que le pusieron de aumento\u00bb, afirm\u00f3. Tambi\u00e9n se\u00f1al\u00f3 que la gente \u00abviene con la tarjeta de cr\u00e9dito y se ve cada vez m\u00e1s\u00bb.<\/p>\n\n\n\n<p>El carnicero recomend\u00f3 reemplazar los cortes m\u00e1s caros, como el lomo y el peceto, por \u00abotros m\u00e1s accesibles que tambi\u00e9n van a salir ricos\u00bb. Por ejemplo, sugiri\u00f3 usar palomita o cuadrada para preparar churrascos a la criolla. Adem\u00e1s, destac\u00f3 que el centro de entra\u00f1a es una opci\u00f3n econ\u00f3mica y vers\u00e1til, ideal para horno, parrilla o milanesas.<\/p>\n\n\n\n<p>Por Juan Manuel Villarreal para Grupo La Provincia.<\/p>\n","protected":false},"excerpt":{"rendered":"<p>El precio de la carne sube hasta un 7% este lunes. Carniceros advierten: &#8216;Cada vez es m\u00e1s complicado comprar&#8217;. \u00bfCu\u00e1nto costar\u00e1 el asado? En un contexto de ca\u00edda del consumo de carne vacuna, que en 2024 alcanz\u00f3 m\u00ednimos hist\u00f3ricos en el pa\u00eds, los cortes volver\u00e1n a aumentar entre un 5% y 7% este lunes debido&#8230;<\/p>\n","protected":false},"author":5,"featured_media":594,"comment_status":"open","ping_status":"open","sticky":false,"template":"","format":"standard","meta":{"_monsterinsights_skip_tracking":false,"_monsterinsights_sitenote_active":false,"_monsterinsights_sitenote_note":"","_monsterinsights_sitenote_category":0,"footnotes":"","jetpack_publicize_message":"","jetpack_publicize_feature_enabled":true,"jetpack_social_post_already_shared":true,"jetpack_social_options":{"image_generator_settings":{"template":"highway","default_image_id":0,"font":"","enabled":false},"version":2}},"categories":[3],"tags":[180,181,43,179,15,106,45],"class_list":["post-593","post","type-post","status-publish","format-standard","has-post-thumbnail","hentry","category-economia","tag-carnecara","tag-preciosargentina","tag-crisis","tag-crisis-economica","tag-economia","tag-javier-milei","tag-milei"],"jetpack_publicize_connections":[],"_links":{"self":[{"href":"https:\/\/www.enorsai.com\/noticias\/wp-json\/wp\/v2\/posts\/593","targetHints":{"allow":["GET"]}}],"collection":[{"href":"https:\/\/www.enorsai.com\/noticias\/wp-json\/wp\/v2\/posts"}],"about":[{"href":"https:\/\/www.enorsai.com\/noticias\/wp-json\/wp\/v2\/types\/post"}],"author":[{"embeddable":true,"href":"https:\/\/www.enorsai.com\/noticias\/wp-json\/wp\/v2\/users\/5"}],"replies":[{"embeddable":true,"href":"https:\/\/www.enorsai.com\/noticias\/wp-json\/wp\/v2\/comments?post=593"}],"version-history":[{"count":2,"href":"https:\/\/www.enorsai.com\/noticias\/wp-json\/wp\/v2\/posts\/593\/revisions"}],"predecessor-version":[{"id":596,"href":"https:\/\/www.enorsai.com\/noticias\/wp-json\/wp\/v2\/posts\/593\/revisions\/596"}],"wp:featuredmedia":[{"embeddable":true,"href":"https:\/\/www.enorsai.com\/noticias\/wp-json\/wp\/v2\/media\/594"}],"wp:attachment":[{"href":"https:\/\/www.enorsai.com\/noticias\/wp-json\/wp\/v2\/media?parent=593"}],"wp:term":[{"taxonomy":"category","embeddable":true,"href":"https:\/\/www.enorsai.com\/noticias\/wp-json\/wp\/v2\/categories?post=593"},{"taxonomy":"post_tag","embeddable":true,"href":"https:\/\/www.enorsai.com\/noticias\/wp-json\/wp\/v2\/tags?post=593"}],"curies":[{"name":"wp","href":"https:\/\/api.w.org\/{rel}","templated":true}]}}