{"id":5923,"date":"2025-07-04T06:10:50","date_gmt":"2025-07-04T09:10:50","guid":{"rendered":"http:\/\/www.enorsai.com\/noticias\/?p=5923"},"modified":"2025-07-04T06:10:50","modified_gmt":"2025-07-04T09:10:50","slug":"el-show-de-la-crueldad-el-gobierno-de-jorge-macri-busca-borrar-al-pobre-del-paisaje-urbano","status":"publish","type":"post","link":"https:\/\/www.enorsai.com\/noticias\/sociedad\/el-show-de-la-crueldad-el-gobierno-de-jorge-macri-busca-borrar-al-pobre-del-paisaje-urbano\/","title":{"rendered":"El show de la crueldad: El gobierno de Jorge Macri busca borrar al pobre del paisaje urbano"},"content":{"rendered":"\n<p><em>La ciudad que persigue pobres: la brutal postal del \u201corden\u201d seg\u00fan el gobierno porte\u00f1o. En las calles de Buenos Aires se despliega una cacer\u00eda feroz contra quienes trabajan para subsistir. La Polic\u00eda de la Ciudad, a plena luz del d\u00eda, humill\u00f3 y dej\u00f3 sin sustento a un vendedor ambulante en Balvanera. Un s\u00edmbolo de la violencia estatal que busca borrar al pobre del paisaje urbano.<\/em><\/p>\n\n\n\n<p>Termos volcados en la alcantarilla, medialunas confiscadas como si fueran mercanc\u00eda prohibida y el eco desesperado de un trabajador que clama: \u201cEstamos laburando, no estamos robando\u201d. En la Ciudad que gobierna la derecha, el delito parece ser la pobreza.<\/p>\n\n\n\n<p>Hay escenas que duelen no solo por lo que muestran, sino por lo que simbolizan. Im\u00e1genes que quedan adheridas a la retina como una marca, imposibles de olvidar. El video que circula desde Balvanera es una de esas postales: en plena Ciudad de Buenos Aires, dos agentes de la Polic\u00eda de la Ciudad vaciaron, uno tras otro, los termos de caf\u00e9, leche y agua caliente de un humilde vendedor ambulante. El hombre, con su carrito modesto y sus cajas de medialunas, miraba con ojos de incredulidad y rabia c\u00f3mo lo despojaban de lo \u00fanico que ten\u00eda para ganarse la vida. \u201cEstamos laburando, no estamos robando\u201d, les grit\u00f3, en vano, mientras ve\u00eda c\u00f3mo sus termos se derramaban en la alcantarilla, como si se tratara de veneno.<\/p>\n\n\n\n<p>No es casual que suceda en Balvanera. No es casual que suceda bajo el mandato de un gobierno porte\u00f1o que se llena la boca hablando de libertad mientras en las calles despliega un Estado policial al servicio de la limpieza social. Porque no se trata solo de un operativo policial: se trata de una definici\u00f3n pol\u00edtica. En el universo ideol\u00f3gico que hoy gobierna la Ciudad Aut\u00f3noma de Buenos Aires, ser pobre, laburar en la calle, ocupar el espacio p\u00fablico para vender un caf\u00e9 y una medialuna es visto como un atentado al \u201corden\u201d. Y a ese orden lo custodian hombres y mujeres con uniforme, gorra y un poder casi absoluto para decidir qui\u00e9n puede existir y qui\u00e9n debe ser barrido de la escena.<\/p>\n\n\n\n<p>La escena que se ve en el video es brutal. El polic\u00eda \u2014alto, fornido, expresi\u00f3n impenetrable\u2014 se acerca al carro de acero inoxidable, destapa un termo y vuelca el contenido en plena calle. A su lado, una polic\u00eda uniformada colabora en la tarea, revisa las cajas de medialunas y las mete en el ba\u00fal de la camioneta oficial como si fueran pruebas de un delito grav\u00edsimo. No hay forcejeo f\u00edsico contra el trabajador, pero la violencia es evidente, es simb\u00f3lica y es econ\u00f3mica. Le destruyen el capital m\u00ednimo con el que puede volver a trabajar ma\u00f1ana. Lo condenan a la nada, lo dejan en cero, como un castigo ejemplar. Para \u00e9l y para todos los que miran.<\/p>\n\n\n\n<p>Un hombre que estaba con el cafetero, seguramente otro laburante callejero, grita con bronca: \u201c\u00a1Verg\u00fcenza les tiene que dar llevar las chapas!\u201d. Y en ese grito vibra una certeza amarga: que portar uniforme no autoriza a arrasar con la dignidad de nadie. Que la funci\u00f3n policial deber\u00eda ser proteger, no castigar a los m\u00e1s vulnerables. Pero en la Buenos Aires gobernada por la derecha, parecer\u00eda que la \u00fanica funci\u00f3n es despejar las calles de \u201cmolestos\u201d, borrar toda traza de pobreza del paisaje, tapar la realidad bajo la alfombra.<\/p>\n\n\n\n<p>Es casi cinematogr\u00e1fico: el carrito met\u00e1lico, los termos humeantes, las medialunas ordenadas en cajas blancas y de pronto la irrupci\u00f3n policial, la leche y el caf\u00e9 fluyendo por la vereda, la humillaci\u00f3n convertida en espect\u00e1culo p\u00fablico. Todo sucede a la vista de peatones que se detienen, miran, graban con sus celulares. Y cada testigo sabe, aunque no lo diga, que podr\u00eda ser el pr\u00f3ximo.<\/p>\n\n\n\n<p>Es imposible no leer este episodio como parte de una pol\u00edtica m\u00e1s amplia. En el relato oficial, la libertad es solo para los poderosos. Para el resto, lo que hay es represi\u00f3n, ajuste y un desprecio feroz. Es el mismo Estado que no aparece para frenar el hambre, pero aparece con eficiencia quir\u00fargica para vaciar termos de caf\u00e9. El mismo Estado que se retira de la salud, de la educaci\u00f3n, de la ayuda social, pero se planta con toda su maquinaria represiva para destruir la econom\u00eda informal, esa \u00fanica tabla de salvaci\u00f3n que tienen miles de personas en esta crisis.<\/p>\n\n\n\n<p>Porque \u00bfqu\u00e9 delito estaba cometiendo ese hombre? \u00bfA qui\u00e9n perjudicaba? No molestaba a nadie, no robaba, no invad\u00eda el espacio m\u00e1s all\u00e1 de su metro cuadrado. Vend\u00eda caf\u00e9 a laburantes que arrancan la jornada bien temprano y que, muchas veces, no tienen plata para pagar un desayuno en un bar. Esos trabajadores callejeros son parte vital del pulso de la ciudad: sostienen econom\u00edas m\u00ednimas, alimentan cuerpos, mantienen redes sociales en los barrios. Pero para el dogma que hoy domina el poder en la Ciudad, esos laburantes son \u201cirregulares\u201d, una mancha en la postal prolija que quieren venderle al mundo.<\/p>\n\n\n\n<p>La pol\u00edtica porte\u00f1a no es nueva: es la doctrina de la tolerancia cero, la misma que demoniza a quienes duermen en la calle, a quienes venden pa\u00f1uelitos en los sem\u00e1foros, a quienes ofrecen un caf\u00e9 para parar el fr\u00edo. En su l\u00f3gica, la pobreza es delito. Y no importa que el vendedor ambulante no haya cometido crimen alguno: lo que molesta es su sola presencia, su visibilidad, el recordatorio constante de que el ajuste brutal que aplican tiene consecuencias humanas.<\/p>\n\n\n\n<p>\u00bfEsto es seguridad? \u00bfEsto es orden? No. Lo que se ve es violencia institucional, pura y dura. Un Estado que lejos de proteger, se dedica a castigar al m\u00e1s d\u00e9bil. Un Estado que no quiere ver pobres en sus calles y para lograrlo no duda en destruir vidas, herramientas de trabajo, dignidades.<\/p>\n\n\n\n<p>Basta detenerse un segundo en el rostro del cafetero en el video. Est\u00e1 paralizado. Mira c\u00f3mo su caf\u00e9 y su leche se pierden en el desag\u00fce como su esperanza. No grita insultos. Solo repite, una y otra vez, la misma frase: \u201cEstamos laburando, no estamos robando\u201d. Y ah\u00ed est\u00e1 la verdadera denuncia: en este pa\u00eds, laburar en la calle se ha convertido en un delito. El delito de existir sin plata, de no tener un local habilitado, de no tributar lo suficiente para que el Estado, mientras tanto, siga subsidiando a grandes empresarios.<\/p>\n\n\n\n<p>Las im\u00e1genes son tan contundentes que no necesitan banda sonora ni narrador. El ruido del termo volcando su contenido es casi m\u00e1s fuerte que cualquier sirena. Es el sonido de un pa\u00eds que est\u00e1 siendo arrasado por el ajuste, donde el pobre no solo es pobre: es enemigo.<\/p>\n\n\n\n<p>Queda flotando la pregunta de siempre: \u00bfqui\u00e9nes ser\u00e1n los pr\u00f3ximos? Porque hoy fue el cafetero de Balvanera. Ma\u00f1ana puede ser la se\u00f1ora que vende flores en la esquina, el hombre que ofrece empanadas caseras en Constituci\u00f3n, el muchacho que se gana unos mangos con garrapi\u00f1adas en el Subte. Es un sistema que funciona as\u00ed: disciplinar a uno para que los dem\u00e1s se callen.<\/p>\n\n\n\n<p>Exigimos explicaciones, s\u00ed. Pero sobre todo, exigimos que dejen de criminalizar la pobreza. Porque lo que vimos en Balvanera no es orden. Es abuso de poder. Es crueldad. Es la cara m\u00e1s obscena de un Estado que grita libertad mientras, en los hechos, aplasta a los m\u00e1s indefensos.<\/p>\n\n\n\n<p>Y es, sobre todo, una advertencia: que bajo este gobierno porte\u00f1o, el delito m\u00e1s imperdonable parece ser el de ser pobre y querer trabajar.<\/p>\n","protected":false},"excerpt":{"rendered":"<p>La Polic\u00eda de la Ciudad de Buenos Aires destruy\u00f3 el sustento de un vendedor ambulante en Balvanera, mostrando la crudeza de un Estado que criminaliza la pobreza. Esta humillaci\u00f3n es s\u00edmbolo de una pol\u00edtica represiva que prioriza la limpieza social sobre la dignidad y el derecho a trabajar.<\/p>\n","protected":false},"author":13,"featured_media":5924,"comment_status":"open","ping_status":"open","sticky":false,"template":"","format":"standard","meta":{"_monsterinsights_skip_tracking":false,"_monsterinsights_sitenote_active":false,"_monsterinsights_sitenote_note":"","_monsterinsights_sitenote_category":0,"footnotes":"","jetpack_publicize_message":"","jetpack_publicize_feature_enabled":true,"jetpack_social_post_already_shared":true,"jetpack_social_options":{"image_generator_settings":{"template":"highway","default_image_id":0,"font":"","enabled":false},"version":2}},"categories":[4],"tags":[1898,776,43,69,34,475,474,365,1899,711],"class_list":["post-5923","post","type-post","status-publish","format-standard","has-post-thumbnail","hentry","category-sociedad","tag-ambulantes","tag-buenos-aires","tag-crisis","tag-derechos","tag-desigualdad","tag-pobreza","tag-policia","tag-represion","tag-urbanismo","tag-violencia"],"jetpack_publicize_connections":[],"_links":{"self":[{"href":"https:\/\/www.enorsai.com\/noticias\/wp-json\/wp\/v2\/posts\/5923","targetHints":{"allow":["GET"]}}],"collection":[{"href":"https:\/\/www.enorsai.com\/noticias\/wp-json\/wp\/v2\/posts"}],"about":[{"href":"https:\/\/www.enorsai.com\/noticias\/wp-json\/wp\/v2\/types\/post"}],"author":[{"embeddable":true,"href":"https:\/\/www.enorsai.com\/noticias\/wp-json\/wp\/v2\/users\/13"}],"replies":[{"embeddable":true,"href":"https:\/\/www.enorsai.com\/noticias\/wp-json\/wp\/v2\/comments?post=5923"}],"version-history":[{"count":1,"href":"https:\/\/www.enorsai.com\/noticias\/wp-json\/wp\/v2\/posts\/5923\/revisions"}],"predecessor-version":[{"id":5925,"href":"https:\/\/www.enorsai.com\/noticias\/wp-json\/wp\/v2\/posts\/5923\/revisions\/5925"}],"wp:featuredmedia":[{"embeddable":true,"href":"https:\/\/www.enorsai.com\/noticias\/wp-json\/wp\/v2\/media\/5924"}],"wp:attachment":[{"href":"https:\/\/www.enorsai.com\/noticias\/wp-json\/wp\/v2\/media?parent=5923"}],"wp:term":[{"taxonomy":"category","embeddable":true,"href":"https:\/\/www.enorsai.com\/noticias\/wp-json\/wp\/v2\/categories?post=5923"},{"taxonomy":"post_tag","embeddable":true,"href":"https:\/\/www.enorsai.com\/noticias\/wp-json\/wp\/v2\/tags?post=5923"}],"curies":[{"name":"wp","href":"https:\/\/api.w.org\/{rel}","templated":true}]}}