{"id":5919,"date":"2025-07-04T05:48:58","date_gmt":"2025-07-04T08:48:58","guid":{"rendered":"http:\/\/www.enorsai.com\/noticias\/?p=5919"},"modified":"2025-07-04T05:48:58","modified_gmt":"2025-07-04T08:48:58","slug":"cristina-kirchner-denuncio-terrorismo-de-estado-de-baja-intensidad-y-acuso-a-milei-de-convertir-a-la-argentina-en-un-laboratorio-de-ajuste","status":"publish","type":"post","link":"https:\/\/www.enorsai.com\/noticias\/politica\/cristina-kirchner-denuncio-terrorismo-de-estado-de-baja-intensidad-y-acuso-a-milei-de-convertir-a-la-argentina-en-un-laboratorio-de-ajuste\/","title":{"rendered":"Cristina Kirchner denunci\u00f3 \u201cterrorismo de Estado de baja intensidad\u201d y acus\u00f3 a Milei de convertir a la Argentina en un laboratorio de ajuste"},"content":{"rendered":"\n<p><strong>La expresidenta recibi\u00f3 a Lula en su domicilio y lanz\u00f3 duras cr\u00edticas al Gobierno y al Poder Judicial. Denunci\u00f3 persecuci\u00f3n pol\u00edtica, retrocesos democr\u00e1ticos, represi\u00f3n y un plan econ\u00f3mico que, seg\u00fan afirm\u00f3, busca hambre y privatizaci\u00f3n.<\/strong><\/p>\n\n\n\n<p>Cristina Fern\u00e1ndez de Kirchner volvi\u00f3 a apuntar con dureza contra el Gobierno de Javier Milei y contra el Poder Judicial, al que acus\u00f3 de actuar como un \u201cpartido pol\u00edtico subordinado al poder econ\u00f3mico\u201d. En un extenso mensaje difundido en su cuenta oficial de la red social X (ex Twitter), la expresidenta denunci\u00f3 que la Argentina atraviesa \u201cuna aut\u00e9ntica deriva autoritaria\u201d y habl\u00f3 de un \u201cterrorismo de Estado de baja intensidad\u201d.<\/p>\n\n\n\n<p>Las declaraciones se produjeron tras recibir en su domicilio al presidente de Brasil, Luiz In\u00e1cio Lula da Silva, en lo que defini\u00f3 no solo como un gesto de amistad personal sino como \u201cun acto pol\u00edtico de solidaridad\u201d. Record\u00f3 que Lula tambi\u00e9n sufri\u00f3 persecuci\u00f3n judicial y prisi\u00f3n por causas de lawfare, pero que logr\u00f3 volver al poder \u201ccon el voto del pueblo brasile\u00f1o y la frente en alto\u201d. Para la expresidenta, la visita del l\u00edder brasile\u00f1o tuvo un fuerte contenido simb\u00f3lico en medio del escenario pol\u00edtico argentino.<\/p>\n\n\n\n<figure class=\"wp-block-embed is-type-rich is-provider-twitter wp-block-embed-twitter\"><div class=\"wp-block-embed__wrapper\">\n<blockquote class=\"twitter-tweet\" data-width=\"550\" data-dnt=\"true\"><p lang=\"es\" dir=\"ltr\">MISERIA PLANIFICADA Y TERRORISMO DE ESTADO DE BAJA INTENSIDAD.<br><br>HOY RECIBIMOS AL COMPA\u00d1ERO <a href=\"https:\/\/twitter.com\/LulaOficial?ref_src=twsrc%5Etfw\">@LulaOficial<\/a> en mi casa, donde estoy bajo detenci\u00f3n domiciliaria por decisi\u00f3n de un Poder Judicial que hace tiempo dej\u00f3 de disimular su subordinaci\u00f3n pol\u00edtica y se convirti\u00f3 en un partido\u2026 <a href=\"https:\/\/t.co\/4WgdyeZdrP\">pic.twitter.com\/4WgdyeZdrP<\/a><\/p>&mdash; Cristina Kirchner (@CFKArgentina) <a href=\"https:\/\/twitter.com\/CFKArgentina\/status\/1940824102845272509?ref_src=twsrc%5Etfw\">July 3, 2025<\/a><\/blockquote><script async src=\"https:\/\/platform.twitter.com\/widgets.js\" charset=\"utf-8\"><\/script>\n<\/div><\/figure>\n\n\n\n<h3 class=\"wp-block-heading\">Denuncias de represi\u00f3n y vigilancia<\/h3>\n\n\n\n<p>La exmandataria carg\u00f3 especialmente contra la ministra de Seguridad, Patricia Bullrich, a quien responsabiliz\u00f3 de ordenar la detenci\u00f3n de varias mujeres j\u00f3venes militantes, a pedido del diputado Jos\u00e9 Luis Espert. \u201cPara ellos, los opositores solo merecen c\u00e1rcel o bala\u201d, denunci\u00f3 Cristina, evocando incidentes ocurridos durante la movilizaci\u00f3n del 18 de junio hacia Plaza de Mayo, donde asegur\u00f3 que hubo identificaci\u00f3n y hostigamiento contra manifestantes.<\/p>\n\n\n\n<p>Advirti\u00f3 que el gobierno libertario, que dice defender la libertad, en realidad \u201csolo le da libertad a los m\u00e1s ricos\u201d mientras desmonta las bases de la democracia argentina. Para la expresidenta, la libertad de prensa es uno de los \u00e1mbitos m\u00e1s vulnerados: cit\u00f3 datos de Reporteros Sin Fronteras, que ubican a la Argentina como el pa\u00eds con mayor retroceso en libertad de prensa a nivel mundial durante la gesti\u00f3n de Milei. \u201cY eso fue antes de que dejaran en coma al reportero gr\u00e1fico Pablo Grillo por cubrir la marcha de los jubilados\u201d, se\u00f1al\u00f3.<\/p>\n\n\n\n<p>Adem\u00e1s, denunci\u00f3 la existencia de un plan de inteligencia nacional secreto que habilitar\u00eda el espionaje interno a cualquier persona considerada como un riesgo para la narrativa oficial. \u201c\u00bfY qui\u00e9n decide qu\u00e9 erosiona la confianza? \u00bfCaputo? \u00bfKarina? \u00bfConan?\u201d, ironiz\u00f3 en referencia al ministro de Econom\u00eda, a la hermana del presidente y a su perro.<\/p>\n\n\n\n<h3 class=\"wp-block-heading\">Libertades individuales en riesgo<\/h3>\n\n\n\n<p>Cristina tambi\u00e9n advirti\u00f3 sobre los intentos del Gobierno de permitir que la Polic\u00eda Federal vigile redes sociales sin orden judicial y aplique detenciones preventivas sin delito alguno. \u201cSi te quej\u00e1s de c\u00f3mo va el pa\u00eds o te burl\u00e1s del oficialismo, tal vez la polic\u00eda toque tu puerta. Ya lo vemos en otros pa\u00edses y parece que ac\u00e1 quieren copiarlo\u201d, alert\u00f3.<\/p>\n\n\n\n<p>Para la exjefa de Estado, estos episodios forman parte de una estrategia de \u201cterrorismo de Estado de baja intensidad\u201d, que busca someter a la sociedad mediante el miedo, el control y la represi\u00f3n. \u201cEst\u00e1n convirtiendo al pa\u00eds en un experimento continental, como lo fue Chile con Pinochet y los Chicago Boys. Hoy quieren que la Argentina sea el banco de pruebas de Milei y los Caputo Boys\u201d, acus\u00f3. Seg\u00fan Fern\u00e1ndez de Kirchner, el manual es el mismo: \u201cSalarios de hambre, privatizaci\u00f3n total y entrega absoluta al Fondo Monetario Internacional\u201d.<\/p>\n\n\n\n<figure class=\"wp-block-image size-large\"><img loading=\"lazy\" decoding=\"async\" width=\"1024\" height=\"577\" src=\"https:\/\/www.enorsai.com\/noticias\/wp-content\/uploads\/2025\/07\/EnOrsai-52-1024x577.png\" alt=\"Cristina, Milei, Lula, lawfare, represi\u00f3n, democracia, ajuste, Bullrich, Argentina, pol\u00edtica\" class=\"wp-image-5920\" srcset=\"https:\/\/www.enorsai.com\/noticias\/wp-content\/uploads\/2025\/07\/EnOrsai-52-1024x577.png 1024w, https:\/\/www.enorsai.com\/noticias\/wp-content\/uploads\/2025\/07\/EnOrsai-52-300x169.png 300w, https:\/\/www.enorsai.com\/noticias\/wp-content\/uploads\/2025\/07\/EnOrsai-52-768x433.png 768w, https:\/\/www.enorsai.com\/noticias\/wp-content\/uploads\/2025\/07\/EnOrsai-52-1536x865.png 1536w, https:\/\/www.enorsai.com\/noticias\/wp-content\/uploads\/2025\/07\/EnOrsai-52.png 1640w\" sizes=\"auto, (max-width: 1024px) 100vw, 1024px\" \/><figcaption class=\"wp-element-caption\">Cristina, Milei, Lula, lawfare, represi\u00f3n, democracia, ajuste, Bullrich, Argentina, pol\u00edtica<\/figcaption><\/figure>\n\n\n\n<h3 class=\"wp-block-heading\">\u201cUn ataque preventivo contra la organizaci\u00f3n popular\u201d<\/h3>\n\n\n\n<p>Cristina describi\u00f3 un clima de creciente censura medi\u00e1tica, leyes represivas y maniobras para acallar a dirigentes opositores. \u201cTodo forma parte de un ataque preventivo contra la capacidad del pueblo de organizarse\u201d, sostuvo, en un claro mensaje de alerta de cara a la segunda mitad del mandato de Milei.<\/p>\n\n\n\n<p>Tambi\u00e9n anticip\u00f3 que despu\u00e9s de octubre llegar\u00e1n, seg\u00fan palabras del propio ministro Caputo, \u201clas verdaderas medidas de ajuste\u201d, que incluir\u00edan reforma previsional, laboral y fiscal. Sin embargo, asegur\u00f3 que el pueblo argentino sabr\u00e1 resistir. \u201cSi el pueblo habla, se organiza y se defiende, no van a poder\u201d, afirm\u00f3. \u201cLos argentinos somos demasiados para que nos tengan solos, asustados y vigilados\u201d.<\/p>\n\n\n\n<h3 class=\"wp-block-heading\">Lula como ejemplo y una cr\u00edtica al tarifazo<\/h3>\n\n\n\n<p>En el tramo final de su publicaci\u00f3n, la expresidenta volvi\u00f3 sobre el ejemplo de Lula, a quien consider\u00f3 una prueba viviente de que \u201clos pueblos siempre vuelven\u201d. \u201cLula lo demostr\u00f3 en Brasil y nosotros tambi\u00e9n lo haremos\u201d, sentenci\u00f3.<\/p>\n\n\n\n<p>La exmandataria cerr\u00f3 su mensaje con un tono m\u00e1s ir\u00f3nico, dirigi\u00e9ndose directamente a Milei por los aumentos de tarifas en medio de las bajas temperaturas. Critic\u00f3 el nuevo recargo del 6,4% en las boletas de servicios y cuestion\u00f3 la gesti\u00f3n energ\u00e9tica del Gobierno. \u201cTarifas por las nubes, estufas apagadas y vos hablando de que hiciste un buen trabajo en el Mercosur\u2026 mientras dejaste Mar del Plata sin gas. Segu\u00ed vendiendo humo\u2026 l\u00e1stima que no calienta\u201d, dispar\u00f3.<\/p>\n\n\n\n<p>Con su publicaci\u00f3n, Cristina Fern\u00e1ndez de Kirchner profundiz\u00f3 su rol de figura opositora de peso, encendiendo las alarmas sobre lo que considera un proceso sistem\u00e1tico de autoritarismo creciente en la Argentina.<\/p>\n","protected":false},"excerpt":{"rendered":"<p>La expresidenta recibi\u00f3 a Lula en su domicilio y lanz\u00f3 duras cr\u00edticas al Gobierno y al Poder Judicial. Denunci\u00f3 persecuci\u00f3n pol\u00edtica, retrocesos democr\u00e1ticos, represi\u00f3n y un plan econ\u00f3mico que, seg\u00fan afirm\u00f3, busca hambre y privatizaci\u00f3n. Cristina Fern\u00e1ndez de Kirchner volvi\u00f3 a apuntar con dureza contra el Gobierno de Javier Milei y contra el Poder Judicial,&#8230;<\/p>\n","protected":false},"author":12,"featured_media":5920,"comment_status":"open","ping_status":"open","sticky":false,"template":"","format":"standard","meta":{"_monsterinsights_skip_tracking":false,"_monsterinsights_sitenote_active":false,"_monsterinsights_sitenote_note":"","_monsterinsights_sitenote_category":0,"footnotes":"","jetpack_publicize_message":"","jetpack_publicize_feature_enabled":true,"jetpack_social_post_already_shared":true,"jetpack_social_options":{"image_generator_settings":{"template":"highway","default_image_id":0,"font":"","enabled":false},"version":2}},"categories":[2],"tags":[],"class_list":["post-5919","post","type-post","status-publish","format-standard","has-post-thumbnail","hentry","category-politica"],"jetpack_publicize_connections":[],"_links":{"self":[{"href":"https:\/\/www.enorsai.com\/noticias\/wp-json\/wp\/v2\/posts\/5919","targetHints":{"allow":["GET"]}}],"collection":[{"href":"https:\/\/www.enorsai.com\/noticias\/wp-json\/wp\/v2\/posts"}],"about":[{"href":"https:\/\/www.enorsai.com\/noticias\/wp-json\/wp\/v2\/types\/post"}],"author":[{"embeddable":true,"href":"https:\/\/www.enorsai.com\/noticias\/wp-json\/wp\/v2\/users\/12"}],"replies":[{"embeddable":true,"href":"https:\/\/www.enorsai.com\/noticias\/wp-json\/wp\/v2\/comments?post=5919"}],"version-history":[{"count":1,"href":"https:\/\/www.enorsai.com\/noticias\/wp-json\/wp\/v2\/posts\/5919\/revisions"}],"predecessor-version":[{"id":5922,"href":"https:\/\/www.enorsai.com\/noticias\/wp-json\/wp\/v2\/posts\/5919\/revisions\/5922"}],"wp:featuredmedia":[{"embeddable":true,"href":"https:\/\/www.enorsai.com\/noticias\/wp-json\/wp\/v2\/media\/5920"}],"wp:attachment":[{"href":"https:\/\/www.enorsai.com\/noticias\/wp-json\/wp\/v2\/media?parent=5919"}],"wp:term":[{"taxonomy":"category","embeddable":true,"href":"https:\/\/www.enorsai.com\/noticias\/wp-json\/wp\/v2\/categories?post=5919"},{"taxonomy":"post_tag","embeddable":true,"href":"https:\/\/www.enorsai.com\/noticias\/wp-json\/wp\/v2\/tags?post=5919"}],"curies":[{"name":"wp","href":"https:\/\/api.w.org\/{rel}","templated":true}]}}