{"id":5915,"date":"2025-07-03T22:56:10","date_gmt":"2025-07-04T01:56:10","guid":{"rendered":"https:\/\/www.enorsai.com\/noticias\/politica\/tengo-por-cristina-una-amistad-que-va-mucho-mas-alla-de-lo-institucional-expreso-el-presidente-lula\/"},"modified":"2025-07-04T06:14:32","modified_gmt":"2025-07-04T09:14:32","slug":"tengo-por-cristina-una-amistad-que-va-mucho-mas-alla-de-lo-institucional-expreso-el-presidente-lula","status":"publish","type":"post","link":"https:\/\/www.enorsai.com\/noticias\/politica\/tengo-por-cristina-una-amistad-que-va-mucho-mas-alla-de-lo-institucional-expreso-el-presidente-lula\/","title":{"rendered":"\u201cTengo por Cristina una amistad que va mucho m\u00e1s all\u00e1 de lo institucional\u201d, expres\u00f3 el presidente Lula"},"content":{"rendered":"\n<p>El presidente de Brasil, Luiz In\u00e1cio Lula da Silva, visit\u00f3 este jueves a la exmandataria argentina Cristina Fern\u00e1ndez de Kirchner en su residencia en Buenos Aires. Tras el encuentro, comparti\u00f3 un mensaje en sus redes sociales donde resalt\u00f3 el v\u00ednculo personal y pol\u00edtico que los une, al tiempo que le manifest\u00f3 su solidaridad por los dif\u00edciles momentos que ha atravesado.<br><br>En una publicaci\u00f3n en su cuenta oficial de Twitter, Lula expres\u00f3:<br><br>&gt; \u201cHoy visit\u00e9 a la compa\u00f1era y expresidenta Cristina Kirchner en su residencia en Buenos Aires. Me sent\u00ed muy feliz de volver a verla y de encontrarla tan bien, con fuerza y ganas de lucha.\u201d<br><br>El mandatario brasile\u00f1o subray\u00f3 que su relaci\u00f3n con Cristina trasciende los v\u00ednculos diplom\u00e1ticos o de gesti\u00f3n:<br><br>&gt; \u201cTengo por Cristina una amistad de muchos a\u00f1os que va mucho m\u00e1s all\u00e1 de la relaci\u00f3n institucional. Un cari\u00f1o y afecto de amigos, compa\u00f1eros de campo pol\u00edtico y de ideales de justicia social y combate a las desigualdades.\u201d<br><br><br><br>Lula aprovech\u00f3 el encuentro para transmitirle palabras de apoyo:<br><br>&gt; \u201cAdem\u00e1s de brindarle mi solidaridad por todo lo que ha vivido, le dese\u00e9 toda la fuerza para seguir luchando con la misma firmeza que ha sido la marca de su trayectoria en la vida y en la pol\u00edtica.\u201d<br><br>Asimismo, destac\u00f3 el respaldo que, seg\u00fan observ\u00f3, contin\u00faa recibiendo la vicepresidenta argentina por parte de amplios sectores de la sociedad:<br><br>&gt; \u201cPude sentir en las calles el apoyo popular que ha recibido y s\u00e9 bien lo importante que es ese reconocimiento en los momentos m\u00e1s dif\u00edciles.\u201d<br><br>Finalmente, concluy\u00f3 su mensaje con un deseo:<br><br>&gt; \u201cQue est\u00e9 bien y siga firme en su lucha por la justicia.\u201d<br><br>La visita de Lula da Silva a Cristina Fern\u00e1ndez se da en un contexto de fuertes tensiones pol\u00edticas en la regi\u00f3n y mientras la expresidenta argentina contin\u00faa siendo una de las figuras m\u00e1s influyentes del escenario pol\u00edtico local, a pesar de las causas judiciales y los ataques medi\u00e1ticos de los que ha sido blanco en los \u00faltimos a\u00f1os.<br><br>La fotograf\u00eda oficial del encuentro fue tomada por Ricardo Stuckert, fot\u00f3grafo habitual de la presidencia brasile\u00f1a.<\/p>\n","protected":false},"excerpt":{"rendered":"<p>El presidente de Brasil, Luiz In\u00e1cio Lula da Silva, visit\u00f3 este jueves a la exmandataria argentina Cristina Fern\u00e1ndez de Kirchner en su residencia en Buenos Aires. Tras el encuentro, comparti\u00f3 un mensaje en sus redes sociales donde resalt\u00f3 el v\u00ednculo personal y pol\u00edtico que los une, al tiempo que le manifest\u00f3 su solidaridad por los&#8230;<\/p>\n","protected":false},"author":11,"featured_media":5914,"comment_status":"open","ping_status":"open","sticky":false,"template":"","format":"standard","meta":{"_monsterinsights_skip_tracking":false,"_monsterinsights_sitenote_active":false,"_monsterinsights_sitenote_note":"","_monsterinsights_sitenote_category":0,"footnotes":"","jetpack_publicize_message":"","jetpack_publicize_feature_enabled":true,"jetpack_social_post_already_shared":true,"jetpack_social_options":{"image_generator_settings":{"template":"highway","default_image_id":0,"font":"","enabled":false},"version":2}},"categories":[2],"tags":[],"class_list":["post-5915","post","type-post","status-publish","format-standard","has-post-thumbnail","hentry","category-politica"],"jetpack_publicize_connections":[],"_links":{"self":[{"href":"https:\/\/www.enorsai.com\/noticias\/wp-json\/wp\/v2\/posts\/5915","targetHints":{"allow":["GET"]}}],"collection":[{"href":"https:\/\/www.enorsai.com\/noticias\/wp-json\/wp\/v2\/posts"}],"about":[{"href":"https:\/\/www.enorsai.com\/noticias\/wp-json\/wp\/v2\/types\/post"}],"author":[{"embeddable":true,"href":"https:\/\/www.enorsai.com\/noticias\/wp-json\/wp\/v2\/users\/11"}],"replies":[{"embeddable":true,"href":"https:\/\/www.enorsai.com\/noticias\/wp-json\/wp\/v2\/comments?post=5915"}],"version-history":[{"count":1,"href":"https:\/\/www.enorsai.com\/noticias\/wp-json\/wp\/v2\/posts\/5915\/revisions"}],"predecessor-version":[{"id":5926,"href":"https:\/\/www.enorsai.com\/noticias\/wp-json\/wp\/v2\/posts\/5915\/revisions\/5926"}],"wp:featuredmedia":[{"embeddable":true,"href":"https:\/\/www.enorsai.com\/noticias\/wp-json\/wp\/v2\/media\/5914"}],"wp:attachment":[{"href":"https:\/\/www.enorsai.com\/noticias\/wp-json\/wp\/v2\/media?parent=5915"}],"wp:term":[{"taxonomy":"category","embeddable":true,"href":"https:\/\/www.enorsai.com\/noticias\/wp-json\/wp\/v2\/categories?post=5915"},{"taxonomy":"post_tag","embeddable":true,"href":"https:\/\/www.enorsai.com\/noticias\/wp-json\/wp\/v2\/tags?post=5915"}],"curies":[{"name":"wp","href":"https:\/\/api.w.org\/{rel}","templated":true}]}}