{"id":5905,"date":"2025-07-03T17:10:44","date_gmt":"2025-07-03T20:10:44","guid":{"rendered":"https:\/\/www.enorsai.com\/noticias\/?p=5905"},"modified":"2025-07-03T17:10:44","modified_gmt":"2025-07-03T20:10:44","slug":"escandalo-hidrico-en-mendoza-el-polemico-favor-de-irrigacion-a-empresa-agropecuaria-multinacional-que-pertenece-a-eduardo-elsztain","status":"publish","type":"post","link":"https:\/\/www.enorsai.com\/noticias\/uncategorized\/escandalo-hidrico-en-mendoza-el-polemico-favor-de-irrigacion-a-empresa-agropecuaria-multinacional-que-pertenece-a-eduardo-elsztain\/","title":{"rendered":"\u00a1Esc\u00e1ndalo h\u00eddrico en Mendoza! El pol\u00e9mico favor de Irrigaci\u00f3n a empresa agropecuaria multinacional que pertenece a Eduardo Elsztain"},"content":{"rendered":"\n<h3 class=\"wp-block-heading\"><strong>Autorizaciones secretas, v\u00ednculos empresariales y denuncias pol\u00edticas envuelven al \u201cgobernador de las aguas\u201d en una crisis que expone las tensiones entre grandes capitales y peque\u00f1os productores.<\/strong><\/h3>\n\n\n\n<p>Un nuevo esc\u00e1ndalo sacude los cimientos pol\u00edticos e institucionales de Mendoza y amenaza con escalar hasta la Corte provincial. En el ojo de la tormenta est\u00e1 el Departamento General de Irrigaci\u00f3n (DGI), cuyo titular, Sergio Marinelli \u2014apodado en la provincia como el \u201cgobernador de las aguas\u201d\u2014, autoriz\u00f3 en secreto perforaciones en un acu\u00edfero protegido, beneficiando a poderosos empresarios vinculados al presidente Javier Milei. El hecho desat\u00f3 una feroz pol\u00e9mica que involucra intereses econ\u00f3micos, recursos naturales estrat\u00e9gicos y cuestionamientos a la transparencia gubernamental.<\/p>\n\n\n\n<h3 class=\"wp-block-heading\"><strong>Una autorizaci\u00f3n secreta que contradice la ley<\/strong><\/h3>\n\n\n\n<p>El epicentro del conflicto es la autorizaci\u00f3n de <strong>nueve nuevos pozos en la zona de Agrelo<\/strong>, otorgada en febrero de este a\u00f1o a Cresud, empresa del magnate <strong>Eduardo Elsztain<\/strong>. Esto ocurri\u00f3 pese a que en agosto de 2024 Mendoza hab\u00eda resuelto suspender por dos a\u00f1os los permisos para nuevas perforaciones debido a la delicada situaci\u00f3n h\u00eddrica de la provincia.<\/p>\n\n\n\n<p>Seg\u00fan revel\u00f3 el sitio El Medio y reprodujo La Pol\u00edtica Online, la firma Cresud hab\u00eda solicitado el permiso para perforar en Agrelo y, al no recibir respuesta del organismo, acudi\u00f3 a la Justicia. La Corte mendocina oblig\u00f3 al DGI a emitir una respuesta, sin dictar si deb\u00eda ser positiva o negativa. Sin embargo, en febrero, Cresud y el organismo comparecieron ante la Corte para comunicar que hab\u00edan llegado a un acuerdo.<\/p>\n\n\n\n<p>Lo m\u00e1s alarmante es que la resoluci\u00f3n que habilita las perforaciones \u2014identificada ir\u00f3nicamente con el n\u00famero 125\u2014 <strong>no fue publicada en el Bolet\u00edn Oficial<\/strong>, manteni\u00e9ndose en secreto hasta que la investigaci\u00f3n period\u00edstica la sac\u00f3 a la luz. La medida contradice informes t\u00e9cnicos, jur\u00eddicos y cient\u00edficos del propio DGI, que recomendaban mantener las restricciones para proteger El Carrizal, un subacu\u00edfero considerado vulnerable. Tampoco se hizo p\u00fablico el informe que hablaba de un supuesto excedente h\u00eddrico que justificar\u00eda las perforaciones.<\/p>\n\n\n\n<h3 class=\"wp-block-heading\"><strong>Beneficios para Elsztain y otros empresarios<\/strong><\/h3>\n\n\n\n<p>La decisi\u00f3n benefici\u00f3 directamente a Elsztain, uno de los empresarios m\u00e1s cercanos al presidente Milei, quien incluso lo aloj\u00f3 en su Hotel Libertador durante la campa\u00f1a electoral. La resoluci\u00f3n <strong>revaloriz\u00f3 las m\u00e1s de 400 hect\u00e1reas que Cresud posee en Agrelo<\/strong>, zona estrat\u00e9gica para la vitivinicultura y el agro mendocino.<\/p>\n\n\n\n<p>No fue el \u00fanico favorecido: <strong>Chimpay La Rioja S.A.<\/strong>, perteneciente a Young Woo, recibi\u00f3 autorizaci\u00f3n para dos pozos, mientras que <strong>Grappolo S.A.<\/strong>, de Walter Bressia, y Pedro Garc\u00eda Mateo obtuvieron permiso para perforar un pozo cada uno.<\/p>\n\n\n\n<h3 class=\"wp-block-heading\"><strong>Silencio pol\u00edtico y pedido de jury<\/strong><\/h3>\n\n\n\n<p>Mientras la pol\u00e9mica crece, el gobernador Alfredo Cornejo opt\u00f3 por mantenerse en silencio, lo que aumenta las especulaciones sobre posibles repercusiones pol\u00edticas. El senador provincial <strong>F\u00e9lix Gonz\u00e1lez<\/strong>, alineado con Anabel Fern\u00e1ndez Sagasti, present\u00f3 un pedido de <strong>jury para remover a Marinelli<\/strong>.<\/p>\n\n\n\n<p>\u201cLa negligencia de los funcionarios tambi\u00e9n genera injusticias como esta. Que un grupo econ\u00f3mico poderoso pueda acceder al agua genera una distorsi\u00f3n frente a los peque\u00f1os productores a los que se les niega ese recurso\u201d, denunci\u00f3 Gonz\u00e1lez, reflejando el creciente enojo de sectores productivos menores que ven c\u00f3mo los grandes capitales avanzan sobre recursos vitales.<\/p>\n\n\n\n<h3 class=\"wp-block-heading\"><strong>La sombra del Atuel y la tensi\u00f3n interprovincial<\/strong><\/h3>\n\n\n\n<p>El esc\u00e1ndalo tambi\u00e9n reactualiza viejas tensiones interprovinciales. Marinelli es conocido en La Pampa por su hist\u00f3rica resistencia a acatar los fallos de la Corte Suprema de Justicia de la Naci\u00f3n sobre el caudal m\u00ednimo del r\u00edo Atuel. En 2020, la Corte estableci\u00f3 un flujo de 3,2 metros c\u00fabicos por segundo hacia La Pampa, caudal que Mendoza nunca cumpli\u00f3.<\/p>\n\n\n\n<p>Este antecedente alimenta las sospechas de manejo pol\u00edtico y discrecional de los recursos h\u00eddricos mendocinos, una provincia que desde hace a\u00f1os lidia con la escasez de agua y con fuertes reclamos de equidad en su distribuci\u00f3n.<\/p>\n\n\n\n<h3 class=\"wp-block-heading\"><strong>Futuro incierto<\/strong><\/h3>\n\n\n\n<p>Ahora, Marinelli <strong>dej\u00f3 entrever que las autorizaciones podr\u00edan quedar sin efecto<\/strong> si no obtienen el aval del tribunal provincial, abriendo un nuevo cap\u00edtulo judicial y pol\u00edtico que podr\u00eda repercutir no solo en Mendoza, sino en las relaciones con Naci\u00f3n y provincias vecinas.<\/p>\n\n\n\n<p>Mientras tanto, la opini\u00f3n p\u00fablica mendocina asiste a un espect\u00e1culo que desnuda las tensiones entre el poder econ\u00f3mico, los recursos naturales y la transparencia institucional. Y en el centro de todo, una pregunta inc\u00f3moda se impone: <strong>\u00bfQui\u00e9n gobierna realmente las aguas de Mendoza?<\/strong><\/p>\n\n\n\n<p>Fuente:<\/p>\n\n\n\n<ul class=\"wp-block-list\">\n<li><a href=\"https:\/\/www.laarena.com.ar\/el-pais\/escandalo-en-mendoza-con-el-gobernador-de-las-aguas--20257311270\">https:\/\/www.laarena.com.ar\/el-pais\/escandalo-en-mendoza-con-el-gobernador-de-las-aguas&#8211;20257311270<\/a><\/li>\n<\/ul>\n","protected":false},"excerpt":{"rendered":"<p>Autorizaciones secretas, v\u00ednculos empresariales y denuncias pol\u00edticas envuelven al \u201cgobernador de las aguas\u201d en una crisis que expone las tensiones entre grandes capitales y peque\u00f1os productores. Un nuevo esc\u00e1ndalo sacude los cimientos pol\u00edticos e institucionales de Mendoza y amenaza con escalar hasta la Corte provincial. En el ojo de la tormenta est\u00e1 el Departamento General&#8230;<\/p>\n","protected":false},"author":1,"featured_media":5908,"comment_status":"open","ping_status":"open","sticky":false,"template":"","format":"standard","meta":{"_monsterinsights_skip_tracking":false,"_monsterinsights_sitenote_active":false,"_monsterinsights_sitenote_note":"","_monsterinsights_sitenote_category":0,"footnotes":"","jetpack_publicize_message":"","jetpack_publicize_feature_enabled":true,"jetpack_social_post_already_shared":true,"jetpack_social_options":{"image_generator_settings":{"template":"highway","default_image_id":0,"font":"","enabled":false},"version":2}},"categories":[1],"tags":[],"class_list":["post-5905","post","type-post","status-publish","format-standard","has-post-thumbnail","hentry","category-uncategorized"],"jetpack_publicize_connections":[],"_links":{"self":[{"href":"https:\/\/www.enorsai.com\/noticias\/wp-json\/wp\/v2\/posts\/5905","targetHints":{"allow":["GET"]}}],"collection":[{"href":"https:\/\/www.enorsai.com\/noticias\/wp-json\/wp\/v2\/posts"}],"about":[{"href":"https:\/\/www.enorsai.com\/noticias\/wp-json\/wp\/v2\/types\/post"}],"author":[{"embeddable":true,"href":"https:\/\/www.enorsai.com\/noticias\/wp-json\/wp\/v2\/users\/1"}],"replies":[{"embeddable":true,"href":"https:\/\/www.enorsai.com\/noticias\/wp-json\/wp\/v2\/comments?post=5905"}],"version-history":[{"count":1,"href":"https:\/\/www.enorsai.com\/noticias\/wp-json\/wp\/v2\/posts\/5905\/revisions"}],"predecessor-version":[{"id":5907,"href":"https:\/\/www.enorsai.com\/noticias\/wp-json\/wp\/v2\/posts\/5905\/revisions\/5907"}],"wp:featuredmedia":[{"embeddable":true,"href":"https:\/\/www.enorsai.com\/noticias\/wp-json\/wp\/v2\/media\/5908"}],"wp:attachment":[{"href":"https:\/\/www.enorsai.com\/noticias\/wp-json\/wp\/v2\/media?parent=5905"}],"wp:term":[{"taxonomy":"category","embeddable":true,"href":"https:\/\/www.enorsai.com\/noticias\/wp-json\/wp\/v2\/categories?post=5905"},{"taxonomy":"post_tag","embeddable":true,"href":"https:\/\/www.enorsai.com\/noticias\/wp-json\/wp\/v2\/tags?post=5905"}],"curies":[{"name":"wp","href":"https:\/\/api.w.org\/{rel}","templated":true}]}}