{"id":5893,"date":"2025-07-03T14:10:50","date_gmt":"2025-07-03T17:10:50","guid":{"rendered":"http:\/\/www.enorsai.com\/noticias\/?p=5893"},"modified":"2025-07-03T14:10:50","modified_gmt":"2025-07-03T17:10:50","slug":"el-dia-que-milei-quiso-usar-la-reliquia-de-san-martin-y-no-lo-dejaron-el-sable-corvo-y-la-dignidad-nacional","status":"publish","type":"post","link":"https:\/\/www.enorsai.com\/noticias\/uncategorized\/el-dia-que-milei-quiso-usar-la-reliquia-de-san-martin-y-no-lo-dejaron-el-sable-corvo-y-la-dignidad-nacional\/","title":{"rendered":"El d\u00eda que Milei quiso usar la reliquia de San Mart\u00edn y no lo dejaron: El sable corvo y la dignidad nacional"},"content":{"rendered":"\n<h4 class=\"wp-block-heading\">La negativa a entregar el emblema al Presidente para que lo usara el 25 de mayo\u00a0puede ser la verdadera raz\u00f3n de la expulsi\u00f3n del director del Museo Hist\u00f3rico Nacional.<\/h4>\n\n\n\n<p>(Por Andr\u00e9s Ruggeri) \u00bfSe imaginan a Javier Milei disfrazado de granadero y agitando el sable corvo de San Mart\u00edn (el aut\u00e9ntico) en una suerte de show bizarro del 25 de mayo? La escena es imaginable porque el presidente nos tiene acostumbrados a performances no solo fuera de todo protocolo sino rid\u00edculas, extravagantes e insultantes. Sin embargo, es dif\u00edcil pensar en nada m\u00e1s insultante para el sentimiento nacional que el presidente m\u00e1s entreguista y cipayo de que tengamos memoria grite \u201cviva la libertad carajo\u201d esgrimiendo el mism\u00edsimo sable que el Libertador cedi\u00f3 a Juan Manuel de Rosas por su defensa de la soberan\u00eda frente a la flota combinada de los imperios brit\u00e1nico y franc\u00e9s.<\/p>\n\n\n\n<p>Y, sin embargo, esa escena estuvo a muy poco de convertirse en real si no hubiera sido frenada por la negativa de las autoridades del Museo Hist\u00f3rico Nacional a ceder el sable del Padre de la Patria para tal fin. Un fin innoble, en manos del mandatario que entrega las riquezas del pa\u00eds, que lo endeuda fervorosamente para financiar el enriquecimiento de unos pocos, que reprime sistem\u00e1ticamente a los perjudicados por sus pol\u00edticas de hambre, que quiere abrir una base naval de la OTAN en Tierra del Fuego, que niega permanentemente el reclamo hist\u00f3rico y regado de sangre sobre la soberan\u00eda de las Malvinas, y absolutamente opuesto a la historia del sable que vio las campa\u00f1as libertadoras en media Am\u00e9rica del Sur, convertido por voluntad del propio San Mart\u00edn en un emblema de soberan\u00eda y dignidad nacional.&nbsp;<\/p>\n\n\n\n<p>Tan innoble como ileg\u00edtimo, ya que el sable fue entregado por los herederos de Rosas y del mismo San Mart\u00edn con la condici\u00f3n de ser destinado a la exhibici\u00f3n en el Museo Hist\u00f3rico Nacional y para ning\u00fan otro fin (se trata de una donaci\u00f3n \u201ccon cargo\u201d, es decir, con la condici\u00f3n de ser expuesto en el MHN o, caso contrario, ser devuelto a la familia).&nbsp;<\/p>\n\n\n\n<p>Con este argumento, y las normativas de \u00e9tica p\u00fablica y patrimonio que son claras sobre el uso de los bienes resguardados en los museos, por m\u00e1s que sea el mismo presidente de la Naci\u00f3n, el sable sanmartiniano no abandon\u00f3 el Museo Hist\u00f3rico Nacional. La misma disputa, mucho m\u00e1s p\u00fablica, ya que todo esto fue entre bambalinas, se da con la custodia del sable corvo entre el Museo y el Regimiento de Granaderos a Caballo, que lo reclama.<\/p>\n\n\n\n<p>Esa situaci\u00f3n, junto con presentar una tarea museogr\u00e1fica y una visi\u00f3n hist\u00f3rica opuesta al relato farsante de la Argentina olig\u00e1rquica potencia mundial que, sin que nadie se r\u00eda, esgrime Javier Milei incluso en foros internacionales, puede ser la verdadera raz\u00f3n de la expulsi\u00f3n del director del MHN, el historiador Gabriel Di Meglio. Tambi\u00e9n, seguramente, influy\u00f3 la resistencia de las \u00e1reas que se ocupan de la preservaci\u00f3n del patrimonio hist\u00f3rico a despedir trabajadores, que es el mantra que atraviesa todo el gobierno \u201clibertario\u201d a partir del \u201cinnegociable\u201d d\u00e9ficit cero, junto al permanente reclamo por el presupuesto de la instituci\u00f3n.<\/p>\n\n\n\n<p>No es, por supuesto, la mayor afrenta a la dignidad nacional que hizo ni que har\u00e1 este gobierno que no merece ni llamarse cipayo, soldados indios al servicio del imperio brit\u00e1nico que, por lo menos, arriesgaban sus vidas, pero s\u00ed una de las m\u00e1s simb\u00f3licas y, como es costumbre en Milei, insultantes a la memoria de los patriotas de la independencia.&nbsp;<\/p>\n\n\n\n<p>(*) <strong>Andr\u00e9s Ruggeri es antrop\u00f3logo UBA, profesor UNAJ.<\/strong><\/p>\n\n\n\n<p>Fuente:<\/p>\n\n\n\n<ul class=\"wp-block-list\">\n<li><a href=\"https:\/\/www.pagina12.com.ar\/838966-el-sable-corvo-y-la-dignidad-nacional\">https:\/\/www.pagina12.com.ar\/838966-el-sable-corvo-y-la-dignidad-nacional<\/a><\/li>\n<\/ul>\n","protected":false},"excerpt":{"rendered":"<p>La negativa a entregar el emblema al Presidente para que lo usara el 25 de mayo\u00a0puede ser la verdadera raz\u00f3n de la expulsi\u00f3n del director del Museo Hist\u00f3rico Nacional. (Por Andr\u00e9s Ruggeri) \u00bfSe imaginan a Javier Milei disfrazado de granadero y agitando el sable corvo de San Mart\u00edn (el aut\u00e9ntico) en una suerte de show&#8230;<\/p>\n","protected":false},"author":1,"featured_media":5894,"comment_status":"open","ping_status":"open","sticky":false,"template":"","format":"standard","meta":{"_monsterinsights_skip_tracking":false,"_monsterinsights_sitenote_active":false,"_monsterinsights_sitenote_note":"","_monsterinsights_sitenote_category":0,"footnotes":"","jetpack_publicize_message":"","jetpack_publicize_feature_enabled":true,"jetpack_social_post_already_shared":true,"jetpack_social_options":{"image_generator_settings":{"template":"highway","default_image_id":0,"font":"","enabled":false},"version":2}},"categories":[1],"tags":[],"class_list":["post-5893","post","type-post","status-publish","format-standard","has-post-thumbnail","hentry","category-uncategorized"],"jetpack_publicize_connections":[],"_links":{"self":[{"href":"https:\/\/www.enorsai.com\/noticias\/wp-json\/wp\/v2\/posts\/5893","targetHints":{"allow":["GET"]}}],"collection":[{"href":"https:\/\/www.enorsai.com\/noticias\/wp-json\/wp\/v2\/posts"}],"about":[{"href":"https:\/\/www.enorsai.com\/noticias\/wp-json\/wp\/v2\/types\/post"}],"author":[{"embeddable":true,"href":"https:\/\/www.enorsai.com\/noticias\/wp-json\/wp\/v2\/users\/1"}],"replies":[{"embeddable":true,"href":"https:\/\/www.enorsai.com\/noticias\/wp-json\/wp\/v2\/comments?post=5893"}],"version-history":[{"count":1,"href":"https:\/\/www.enorsai.com\/noticias\/wp-json\/wp\/v2\/posts\/5893\/revisions"}],"predecessor-version":[{"id":5895,"href":"https:\/\/www.enorsai.com\/noticias\/wp-json\/wp\/v2\/posts\/5893\/revisions\/5895"}],"wp:featuredmedia":[{"embeddable":true,"href":"https:\/\/www.enorsai.com\/noticias\/wp-json\/wp\/v2\/media\/5894"}],"wp:attachment":[{"href":"https:\/\/www.enorsai.com\/noticias\/wp-json\/wp\/v2\/media?parent=5893"}],"wp:term":[{"taxonomy":"category","embeddable":true,"href":"https:\/\/www.enorsai.com\/noticias\/wp-json\/wp\/v2\/categories?post=5893"},{"taxonomy":"post_tag","embeddable":true,"href":"https:\/\/www.enorsai.com\/noticias\/wp-json\/wp\/v2\/tags?post=5893"}],"curies":[{"name":"wp","href":"https:\/\/api.w.org\/{rel}","templated":true}]}}