{"id":5890,"date":"2025-07-03T09:26:46","date_gmt":"2025-07-03T12:26:46","guid":{"rendered":"https:\/\/www.enorsai.com\/noticias\/?p=5890"},"modified":"2025-07-03T09:26:46","modified_gmt":"2025-07-03T12:26:46","slug":"grave-situacion-en-mar-del-plata-por-escasez-de-gas-sin-clases-y-sin-gnc","status":"publish","type":"post","link":"https:\/\/www.enorsai.com\/noticias\/politica\/grave-situacion-en-mar-del-plata-por-escasez-de-gas-sin-clases-y-sin-gnc\/","title":{"rendered":"Grave situaci\u00f3n en Mar del Plata por escasez de gas: sin clases y sin GNC"},"content":{"rendered":"\n<p><strong><em>La ciudad atraviesa una situaci\u00f3n cr\u00edtica en el suministro de gas. Se limitaron las actividades gastron\u00f3micas, industriales y se suspendi\u00f3 la venta de GNC en toda la ciudad.<\/em><\/strong><\/p>\n\n\n\n<p>La ola polar impacta con fuerza en todo el pa\u00eds. Las bajas temperaturas impulsan el encendido de todos los equipos de calefacci\u00f3n, lo que genera una alta demanda de energ\u00eda, tanto de luz, como de gas. Se sabe que la forma m\u00e1s extendida en nuestro pa\u00eds para calentar los hogares son los equipos y estufas que usan gas por lo que este insumo se volvi\u00f3 sumamante demandado.<\/p>\n\n\n\n<p>Desde hace unos d\u00edas comenzaron los cortes de luz, sobre todo en el conurbano bonaerense y la Ciudad de Buenos Aires, para administrar a la fuerza la demanda el\u00e9ctrica. Pero no es la \u00fanica regi\u00f3n afectada, otra de las grandes ciudades afectadas por esta situaci\u00f3n es la de Mar del Plata, en el municipio de General Pueyrred\u00f3n, que atraviesa un contexto cr\u00edtico.<\/p>\n\n\n\n<p>El municipio convoc\u00f3 a las 20 horas de este mi\u00e9rcoles a un Comit\u00e9 de Crisis y el propio intendente local, Guillermo Montenegro, comunic\u00f3 poco despu\u00e9s que se opt\u00f3 por limitar actividades no esenciales para asegurar que haya gas para atender las necesidades de cl\u00ednicas, hospitales y geri\u00e1tricos.<\/p>\n\n\n\n<p>En primer lugar se defini\u00f3 la suspensi\u00f3n de la clases para este jueves 3 de julio, \u00abLas clases est\u00e1n suspendidas\u00bb, dijo el jefe comunal, y agreg\u00f3: \u00abSe est\u00e1 trabajando en hospitales, cl\u00ednicas y geri\u00e1tricos, que son lugares cr\u00edticos. Se est\u00e1 hablando para que haya mayor presi\u00f3n en la transportadora. Estoy en permanente contacto no s\u00f3lo con Camuzzi sino con autoridades del Gobierno Nacional\u00bb.<\/p>\n\n\n\n<p>Tambi\u00e9n se suspendieron o se redujeron al m\u00ednimo las actividades en bares y restaurantes, como en industrias que tienen alta demanda de energ\u00eda: \u00abEmpez\u00f3 a sentirse en un primer momento en los barrios del sur, esto no depende de la ciudad, lo que se plantea es una serie de medidas que vamos a tomar y ya estamos tomando en gastronom\u00eda y en el Parque Industrial para bajar el consumo de gas en la ciudad. Cuando haya menor consumo, los lugares cr\u00edticas van a poder tener suministro\u00bb.<\/p>\n\n\n\n<p>Se suspendi\u00f3 la venta de GNC para veh\u00edculos. En un primer momento fueron 17 estaciones de servicio a las que se les clausuraron las actividades, pero luego se agregaron todas las dem\u00e1s de la ciudad, que totalizan 46, en todo el distrito.<\/p>\n\n\n\n<p>La venta de GNC se suspendi\u00f3 por tiempo indeterminado, ya que el gobierno municipal no dio fecha de reanudaci\u00f3n de este servicio.<\/p>\n\n\n\n<p>Adem\u00e1s, el intendente confirm\u00f3 que adem\u00e1s se dispusieron los cierres de todos los establecimientos culturales y deportivos, con lo cual se limitar\u00e1n los consumos de gas destinados a calefacci\u00f3n o calderas de piscinas, por ejemplo.<\/p>\n\n\n\n<p>Cortes de gas<\/p>\n\n\n\n<p>En algunos barrios el corte de gas fue total, generando una enorme complicaci\u00f3n para los usuarios ya que cuando pueda restablecerse el servicio, no vuelve autom\u00e1ticamente, sino que se debe realizar un operativo casa por casa.<\/p>\n\n\n\n<p>Desde Camuzzi Gas Pampeana reconocieron esta noche que \u201cse ha registrado una merma en la presi\u00f3n del sistema, provocando interrupciones del suministro en algunas zonas\u201d de Mar del Plata. \u201cEl sistema que abastece particularmente a Mar del Plata no est\u00e1 recibiendo, por parte de terceros, los vol\u00famenes de fluido y presiones necesarias para garantizar la normal prestaci\u00f3n del servicio. As\u00ed se explican los reclamos que comenzaron a recibir de cientos de vecinos, que a \u00faltima hora de la tarde vieron que la llama de hornallas mermaba hasta apagarse.<\/p>\n\n\n\n<p>Es una complicaci\u00f3n importante ya que, como tambi\u00e9n se explic\u00f3 en ese comunicado, esa interrupci\u00f3n en la red domiciliaria se da por esa baja de presi\u00f3n. La reconexi\u00f3n se debe hacer desde el medidor individual que tiene cada vivienda, por lo que se ha advertido a los vecinos que no intenten la maniobra y esperen a que pase por all\u00ed el personal de la empresa prestadora del servicio.<\/p>\n\n\n\n<p>Por Data Diario<\/p>\n","protected":false},"excerpt":{"rendered":"<p>La ciudad atraviesa una situaci\u00f3n cr\u00edtica en el suministro de gas. Se limitaron las actividades gastron\u00f3micas, industriales y se suspendi\u00f3 la venta de GNC en toda la ciudad. La ola polar impacta con fuerza en todo el pa\u00eds. Las bajas temperaturas impulsan el encendido de todos los equipos de calefacci\u00f3n, lo que genera una alta&#8230;<\/p>\n","protected":false},"author":5,"featured_media":5891,"comment_status":"open","ping_status":"open","sticky":false,"template":"","format":"standard","meta":{"_monsterinsights_skip_tracking":false,"_monsterinsights_sitenote_active":false,"_monsterinsights_sitenote_note":"","_monsterinsights_sitenote_category":0,"footnotes":"","jetpack_publicize_message":"","jetpack_publicize_feature_enabled":true,"jetpack_social_post_already_shared":true,"jetpack_social_options":{"image_generator_settings":{"template":"highway","default_image_id":0,"font":"","enabled":false},"version":2}},"categories":[2],"tags":[58,43,1895,45],"class_list":["post-5890","post","type-post","status-publish","format-standard","has-post-thumbnail","hentry","category-politica","tag-ajuste","tag-crisis","tag-mar-del-plata","tag-milei"],"jetpack_publicize_connections":[],"_links":{"self":[{"href":"https:\/\/www.enorsai.com\/noticias\/wp-json\/wp\/v2\/posts\/5890","targetHints":{"allow":["GET"]}}],"collection":[{"href":"https:\/\/www.enorsai.com\/noticias\/wp-json\/wp\/v2\/posts"}],"about":[{"href":"https:\/\/www.enorsai.com\/noticias\/wp-json\/wp\/v2\/types\/post"}],"author":[{"embeddable":true,"href":"https:\/\/www.enorsai.com\/noticias\/wp-json\/wp\/v2\/users\/5"}],"replies":[{"embeddable":true,"href":"https:\/\/www.enorsai.com\/noticias\/wp-json\/wp\/v2\/comments?post=5890"}],"version-history":[{"count":1,"href":"https:\/\/www.enorsai.com\/noticias\/wp-json\/wp\/v2\/posts\/5890\/revisions"}],"predecessor-version":[{"id":5892,"href":"https:\/\/www.enorsai.com\/noticias\/wp-json\/wp\/v2\/posts\/5890\/revisions\/5892"}],"wp:featuredmedia":[{"embeddable":true,"href":"https:\/\/www.enorsai.com\/noticias\/wp-json\/wp\/v2\/media\/5891"}],"wp:attachment":[{"href":"https:\/\/www.enorsai.com\/noticias\/wp-json\/wp\/v2\/media?parent=5890"}],"wp:term":[{"taxonomy":"category","embeddable":true,"href":"https:\/\/www.enorsai.com\/noticias\/wp-json\/wp\/v2\/categories?post=5890"},{"taxonomy":"post_tag","embeddable":true,"href":"https:\/\/www.enorsai.com\/noticias\/wp-json\/wp\/v2\/tags?post=5890"}],"curies":[{"name":"wp","href":"https:\/\/api.w.org\/{rel}","templated":true}]}}