{"id":5884,"date":"2025-07-03T06:40:52","date_gmt":"2025-07-03T09:40:52","guid":{"rendered":"http:\/\/www.enorsai.com\/noticias\/?p=5884"},"modified":"2025-07-03T06:40:52","modified_gmt":"2025-07-03T09:40:52","slug":"otra-vez-milei-contra-la-salud-publica-el-conflicto-en-el-garrahan-expone-el-ajuste-encubierto-de-un-modelo-que-amenaza-con-dinamitar-derechos-y-profundizar-el-exodo-de-profesionales","status":"publish","type":"post","link":"https:\/\/www.enorsai.com\/noticias\/sociedad\/otra-vez-milei-contra-la-salud-publica-el-conflicto-en-el-garrahan-expone-el-ajuste-encubierto-de-un-modelo-que-amenaza-con-dinamitar-derechos-y-profundizar-el-exodo-de-profesionales\/","title":{"rendered":"Otra vez Milei contra la salud p\u00fablica: El conflicto  en el Garrahan expone el ajuste encubierto de un modelo que amenaza con dinamitar derechos y profundizar el \u00e9xodo de profesionales"},"content":{"rendered":"\n<p>La crisis desatada en el Hospital Garrahan, tras la decisi\u00f3n oficial de eliminar residencias y reemplazarlas por \u201cbecas de concurrencia\u201d, deja al descubierto la brutalidad de las pol\u00edticas de ajuste de Javier Milei. Entre comunicados oficiales, desmentidas que suenan a relato y denuncias de los trabajadores, emerge una realidad que golpea de lleno al coraz\u00f3n de la salud p\u00fablica y anticipa un futuro desolador para el sistema sanitario argentino.<\/p>\n\n\n\n<p>No hay peor ciego que el que no quiere ver, y el Gobierno de Javier Milei parece empecinado en mantener esa venda en los ojos mientras el Hospital Garrahan se estremece con una de sus crisis m\u00e1s profundas. Porque, aunque desde el Ministerio de Salud y la propia administraci\u00f3n del Garrahan se esfuercen en negar lo evidente, la eliminaci\u00f3n de las residencias m\u00e9dicas no es un mero \u201ccambio de sistema\u201d sino una ofensiva quir\u00fargica contra la salud p\u00fablica y, por sobre todo, contra quienes la sostienen d\u00eda a d\u00eda: los m\u00e9dicos en formaci\u00f3n.<\/p>\n\n\n\n<p>Es cierto que desde la gesti\u00f3n oficial se apuraron a sacar comunicados \u2014como el difundido el 2 de julio por el Garrahan\u2014 para asegurar que las residencias contin\u00faan y que se \u201cgarantiza la formaci\u00f3n de profesionales\u201d. Pero alcanza con asomarse apenas al otro lado del mostrador para advertir que la realidad es bastante m\u00e1s cruda. Porque la orden emanada por el interventor designado por el gobierno libertario, Pablo Lugones, es contundente: suspender el ingreso de nuevos residentes y reemplazar ese esquema por becas de concurrencia que no implican relaci\u00f3n laboral ni salario. Un \u201cahorro\u201d fiscal, dicen puertas adentro. Un golpe artero a los trabajadores de la salud, gritan puertas afuera.<\/p>\n\n\n\n<p>Desde hace d\u00edas, las asambleas en el Garrahan se multiplican. Los pasillos, que deber\u00edan estar colmados de historias de ni\u00f1os luchando por vivir, son atravesados ahora por el murmullo indignado de profesionales que se sienten burlados y pisoteados. No es para menos. El sistema de residencias \u2014el mismo que convirti\u00f3 al Garrahan en referencia latinoamericana en pediatr\u00eda\u2014 implica formaci\u00f3n intensiva, tutor\u00edas, guardias pagas y la posibilidad de ingresar a planta permanente. Es, en definitiva, un pilar que asegura no s\u00f3lo la capacitaci\u00f3n de excelencia sino tambi\u00e9n retener talento en el hospital p\u00fablico. Dinamitarlo es invitar a los j\u00f3venes m\u00e9dicos a buscar futuro en otro lado.<\/p>\n\n\n\n<p>Las cr\u00f3nicas de estos d\u00edas dan cuenta de la misma pel\u00edcula: incertidumbre, bronca y una certeza que crece como un rumor sordo. \u201cEsto es un cierre encubierto\u201d, denuncian desde la Asociaci\u00f3n de Profesionales. Porque la maniobra de Lugones \u2014desmentida con torpeza por Infobae y voceros oficiales\u2014 no es aislada ni casual. Se enmarca en una l\u00f3gica de recorte furioso, la misma que recay\u00f3 sobre la obra p\u00fablica, sobre la universidad, sobre los programas sociales. Una l\u00f3gica que, a fuerza de motosierra, pretende reducir el Estado a la nada misma. Y si en esa poda caen derechos, profesionales y pacientes, parece no importarles demasiado.<\/p>\n\n\n\n<p>No es una conjetura. Basta leer la propia letra de la disposici\u00f3n que orden\u00f3 el recorte: el Gobierno decidi\u00f3 dejar sin efecto los cupos de residencias de las especialidades b\u00e1sicas y reemplazarlas por concurrencias, que son puestos sin salario, sin aportes, sin ART, sin nada. Apenas una acreditaci\u00f3n para sumar a un curr\u00edculum. \u201cEs una precarizaci\u00f3n brutal\u201d, advierten desde el Garrahan. Porque no se trata s\u00f3lo de plata. Se trata del valor simb\u00f3lico y material de considerar a los residentes como trabajadores, con derechos y obligaciones, no como meros estudiantes.<\/p>\n\n\n\n<p>El discurso oficial intenta disfrazar el desguace bajo la muletilla de \u201ceficiencia\u201d. Pero la eficiencia no se mide en costos fiscales sino en vidas salvadas, en ni\u00f1os que logran superar un trasplante, en madres que reciben contenci\u00f3n en medio del peor momento de sus vidas. Y esa eficiencia s\u00f3lo se consigue con profesionales bien formados, motivados, y con condiciones laborales dignas.<\/p>\n\n\n\n<p>El gobierno libertario ha demostrado, sin pudor, que la salud p\u00fablica no es su prioridad. En Infonews, la denuncia es directa: otro ataque de Javier Milei al Garrahan. Porque no es la primera vez que el hospital entra en el radar libertario. Ya hubo amenazas de privatizaci\u00f3n, recortes en insumos y deudas en pagos a proveedores. El Garrahan, s\u00edmbolo de excelencia y orgullo del sistema p\u00fablico, se ha convertido en blanco predilecto de quienes sue\u00f1an con \u201creducir el Estado a su m\u00ednima expresi\u00f3n\u201d.<\/p>\n\n\n\n<p>Sin embargo, el Gobierno se escuda en el relato. En Infobae, funcionarios y voceros oficiales se deshacen en desmentidas. Aseguran que las residencias siguen y que no habr\u00e1 cierres. Pero el comunicado del propio hospital, en su web oficial, es ambiguo: habla de \u201cadecuaciones\u201d y \u201cnuevos modelos de formaci\u00f3n\u201d. Una prosa burocr\u00e1tica que huele a ajuste. Y mientras los funcionarios juegan al lenguaje, la realidad estalla en la cara de los trabajadores, que se enteran de los cambios de un d\u00eda para el otro, sin informaci\u00f3n clara, sin negociaci\u00f3n ni di\u00e1logo.<\/p>\n\n\n\n<p>\u00bfEs realmente sustentable un sistema de salud que expulsa a sus profesionales m\u00e1s j\u00f3venes? Dif\u00edcil creerlo. Porque si algo hizo grande al Garrahan fue su escuela de formaci\u00f3n, su semillero de pediatras, cirujanos, anestesistas y profesionales que eligieron quedarse en el pa\u00eds, incluso cuando los tentaban sueldos infinitamente mejores en el exterior. Cortar las residencias es ponerle fecha de vencimiento a ese semillero. Y, con \u00e9l, al futuro de la salud p\u00fablica.<\/p>\n\n\n\n<p>Por supuesto, el conflicto es m\u00e1s profundo que un simple ajuste presupuestario. Se trata de una concepci\u00f3n pol\u00edtica. Para Milei y sus funcionarios, todo gasto estatal es sospechoso. Todo derecho conquistado, un privilegio a recortar. La salud se convierte as\u00ed en un n\u00famero en la planilla de Excel. Y lo que se esfuma detr\u00e1s de esa planilla es el rostro de cientos de chicos que, sin un Garrahan fuerte, quedar\u00edan a merced de un sistema privado que no siempre est\u00e1 dispuesto a atenderlos.<\/p>\n\n\n\n<p>As\u00ed las cosas, la crisis en el Garrahan no es un episodio aislado. Es apenas la punta del iceberg de un modelo que amenaza con demoler la salud p\u00fablica, al igual que la ciencia, la educaci\u00f3n y la cultura. Lo que ocurre hoy en el hospital pedi\u00e1trico es la postal anticipada de un pa\u00eds que puede quedarse sin m\u00e9dicos en los hospitales, sin docentes en las aulas, sin investigadores en los laboratorios.<\/p>\n\n\n\n<p>Pero a\u00fan en medio de la tormenta, los profesionales del Garrahan resisten. Con asambleas, con comunicados, con la voz firme de quienes no est\u00e1n dispuestos a resignar a\u00f1os de conquistas. Porque no hay Excel que mida la angustia de un padre en una sala de terapia intensiva. Ni hay \u201ceficiencia\u201d que justifique condenar a un hospital a quedarse sin su semillero de m\u00e9dicos.<\/p>\n\n\n\n<p>El gobierno de Javier Milei podr\u00e1 insistir con su relato. Podr\u00e1 firmar desmentidas y repetir hasta el cansancio que \u201clas residencias siguen\u201d. Pero los hechos, tozudos como siempre, dicen otra cosa. Y esa otra cosa es la evidencia de que, bajo el ropaje de la modernizaci\u00f3n y la eficiencia, lo que se est\u00e1 jugando es nada menos que el futuro de la salud p\u00fablica en la Argentina.<\/p>\n\n\n\n<p>Fuentes:<\/p>\n\n\n\n<ul class=\"wp-block-list\">\n<li><a href=\"https:\/\/www.garrahan.gov.ar\/prensa\/02-07-2025-residentes\">https:\/\/www.garrahan.gov.ar\/prensa\/02-07-2025-residentes<\/a><\/li>\n\n\n\n<li><a href=\"https:\/\/www.infobae.com\/sociedad\/2025\/07\/02\/el-gobierno-desmintio-los-rumores-y-ratifico-la-continuidad-de-las-residencias-en-el-hospital-garrahan\/\">https:\/\/www.infobae.com\/sociedad\/2025\/07\/02\/el-gobierno-desmintio-los-rumores-y-ratifico-la-continuidad-de-las-residencias-en-el-hospital-garrahan\/<\/a><\/li>\n\n\n\n<li><a href=\"https:\/\/www.lapoliticaonline.com\/politica\/lugones-elimina-las-residencias-y-detona-la-crisis-en-el-garrahan\/\">https:\/\/www.lapoliticaonline.com\/politica\/lugones-elimina-las-residencias-y-detona-la-crisis-en-el-garrahan\/<\/a><\/li>\n\n\n\n<li><a href=\"https:\/\/www.perfil.com\/noticias\/politica\/el-gobierno-cambia-el-sistema-de-residencias-y-en-el-garrahan-denuncian-un-cierre-encubierto.phtml\">https:\/\/www.perfil.com\/noticias\/politica\/el-gobierno-cambia-el-sistema-de-residencias-y-en-el-garrahan-denuncian-un-cierre-encubierto.phtml<\/a><\/li>\n\n\n\n<li><a href=\"https:\/\/www.infonews.com\/otro-ataque-de-javier-milei-al-hospital-garrahan.html\">https:\/\/www.infonews.com\/otro-ataque-de-javier-milei-al-hospital-garrahan.html<\/a><\/li>\n<\/ul>\n","protected":false},"excerpt":{"rendered":"<p>La eliminaci\u00f3n de residencias m\u00e9dicas en el Hospital Garrahan revela el verdadero rostro del ajuste libertario: precarizaci\u00f3n, desmantelamiento y un profundo desprecio por la salud p\u00fablica. Mientras el Gobierno niega la crisis, m\u00e9dicos denuncian un \u201ccierre encubierto\u201d que pone en riesgo el futuro del sistema sanitario argentino.<\/p>\n","protected":false},"author":9,"featured_media":5885,"comment_status":"open","ping_status":"open","sticky":false,"template":"","format":"standard","meta":{"_monsterinsights_skip_tracking":false,"_monsterinsights_sitenote_active":false,"_monsterinsights_sitenote_note":"","_monsterinsights_sitenote_category":0,"footnotes":"","jetpack_publicize_message":"","jetpack_publicize_feature_enabled":true,"jetpack_social_post_already_shared":true,"jetpack_social_options":{"image_generator_settings":{"template":"highway","default_image_id":0,"font":"","enabled":false},"version":2}},"categories":[4],"tags":[58,43,1414,1892,605,1572,45,1891,249],"class_list":["post-5884","post","type-post","status-publish","format-standard","has-post-thumbnail","hentry","category-sociedad","tag-ajuste","tag-crisis","tag-garrahan","tag-hospital","tag-libertarios","tag-medicos-2","tag-milei","tag-residencias","tag-salud"],"jetpack_publicize_connections":[],"_links":{"self":[{"href":"https:\/\/www.enorsai.com\/noticias\/wp-json\/wp\/v2\/posts\/5884","targetHints":{"allow":["GET"]}}],"collection":[{"href":"https:\/\/www.enorsai.com\/noticias\/wp-json\/wp\/v2\/posts"}],"about":[{"href":"https:\/\/www.enorsai.com\/noticias\/wp-json\/wp\/v2\/types\/post"}],"author":[{"embeddable":true,"href":"https:\/\/www.enorsai.com\/noticias\/wp-json\/wp\/v2\/users\/9"}],"replies":[{"embeddable":true,"href":"https:\/\/www.enorsai.com\/noticias\/wp-json\/wp\/v2\/comments?post=5884"}],"version-history":[{"count":1,"href":"https:\/\/www.enorsai.com\/noticias\/wp-json\/wp\/v2\/posts\/5884\/revisions"}],"predecessor-version":[{"id":5886,"href":"https:\/\/www.enorsai.com\/noticias\/wp-json\/wp\/v2\/posts\/5884\/revisions\/5886"}],"wp:featuredmedia":[{"embeddable":true,"href":"https:\/\/www.enorsai.com\/noticias\/wp-json\/wp\/v2\/media\/5885"}],"wp:attachment":[{"href":"https:\/\/www.enorsai.com\/noticias\/wp-json\/wp\/v2\/media?parent=5884"}],"wp:term":[{"taxonomy":"category","embeddable":true,"href":"https:\/\/www.enorsai.com\/noticias\/wp-json\/wp\/v2\/categories?post=5884"},{"taxonomy":"post_tag","embeddable":true,"href":"https:\/\/www.enorsai.com\/noticias\/wp-json\/wp\/v2\/tags?post=5884"}],"curies":[{"name":"wp","href":"https:\/\/api.w.org\/{rel}","templated":true}]}}