{"id":5878,"date":"2025-07-03T06:14:29","date_gmt":"2025-07-03T09:14:29","guid":{"rendered":"http:\/\/www.enorsai.com\/noticias\/?p=5878"},"modified":"2025-07-03T06:14:29","modified_gmt":"2025-07-03T09:14:29","slug":"la-justicia-y-la-policia-avanzan-sobre-militantes-peronistas-en-un-operativo-que-busca-disciplinamiento-politico-y-siembra-serias-dudas-sobre-el-estado-de-derecho","status":"publish","type":"post","link":"https:\/\/www.enorsai.com\/noticias\/politica\/la-justicia-y-la-policia-avanzan-sobre-militantes-peronistas-en-un-operativo-que-busca-disciplinamiento-politico-y-siembra-serias-dudas-sobre-el-estado-de-derecho\/","title":{"rendered":"La Justicia y la Polic\u00eda avanzan sobre militantes peronistas en un operativo que busca disciplinamiento pol\u00edtico y siembra serias dudas sobre el Estado de Derecho"},"content":{"rendered":"\n<p><strong><em>Concejales, militantes y domicilios particulares allanados en la provincia de Buenos Aires marcan una escalada judicial y policial impulsada por Patricia Bullrich y Jos\u00e9 Luis Espert tras un escrache. Las denuncias de ilegalidades procesales, el uso pol\u00edtico de la Justicia y el silencio del Gobierno encienden alarmas sobre el sesgo represivo del oficialismo.<\/em><\/strong><\/p>\n\n\n\n<p>El gobierno de Javier Milei se envuelve cada d\u00eda en el discurso rimbombante de la libertad, mientras, puertas adentro, despliega un entramado de procedimientos policiales, detenciones selectivas y operativos judiciales que evocan los peores recuerdos de persecuci\u00f3n pol\u00edtica. El episodio m\u00e1s reciente, disparado tras el escrache contra el diputado Jos\u00e9 Luis Espert, revela hasta qu\u00e9 punto la maquinaria estatal puede volcarse, con precisi\u00f3n quir\u00fargica, sobre opositores pol\u00edticos, en este caso militantes peronistas y una concejala kirchnerista de Quilmes, Eva Mieri, cuya detenci\u00f3n y posterior incomunicaci\u00f3n encendieron todas las alarmas democr\u00e1ticas. Es ir\u00f3nico, casi c\u00ednico, que quienes se llenan la boca hablando de Rep\u00fablica y divisi\u00f3n de poderes celebren un operativo plagado de irregularidades judiciales, filtraciones medi\u00e1ticas y show pol\u00edtico.<\/p>\n\n\n\n<p>El primero en frotarse las manos ante los allanamientos fue el propio Espert, quien utiliz\u00f3 las redes para mostrarse satisfecho con la \u201cr\u00e1pida acci\u00f3n de la Justicia y la Polic\u00eda bonaerense\u201d. Pero lo que \u00e9l define como \u201cjusticia\u201d huele m\u00e1s bien a venganza pol\u00edtica. Los hechos, seg\u00fan reconstruyen las cr\u00f3nicas de P\u00e1gina\/12, Tiempo Argentino, Infobae y DIB, son inequ\u00edvocos: se realizaron cuatro nuevas detenciones en la causa que investiga el escrache al legislador liberal, se allanaron domicilios particulares, se incautaron celulares, computadoras y hasta documentos personales, todo bajo la supervisi\u00f3n de la Polic\u00eda Bonaerense y a instancias de la fiscal Mar\u00eda Silvia Cavallo.<\/p>\n\n\n\n<p>En el epicentro de este vendaval represivo qued\u00f3 la concejala quilme\u00f1a Eva Mieri, dirigente cercana a la intendenta Mayra Mendoza, quien no tard\u00f3 en denunciar que el allanamiento en el municipio de Quilmes fue \u201cilegal, desmedido y un claro ataque a la democracia\u201d. A Mieri la tuvieron incomunicada tras su detenci\u00f3n. Un dato inquietante, porque cuando el Poder Judicial incomunica a dirigentes pol\u00edticos, est\u00e1 dando un mensaje tan brutal como expl\u00edcito: el poder castiga a quien ose cuestionar el orden.<\/p>\n\n\n\n<p>Tiempo Argentino revela detalles a\u00fan m\u00e1s turbios: durante los allanamientos en Quilmes, los efectivos no contaban con la orden judicial para requisar las oficinas donde se hallaban dirigentes del peronismo local, pero igual avanzaron con la medida, arrasando documentos y dispositivos electr\u00f3nicos. Es imposible no preguntarse qu\u00e9 buscan realmente: \u00bfevidencias sobre el escrache a Espert o informaci\u00f3n pol\u00edtica que pueda ser usada, m\u00e1s adelante, como herramienta de presi\u00f3n o escarnio p\u00fablico?<\/p>\n\n\n\n<p>La misma nota denuncia, adem\u00e1s, que la concejala Mieri se enter\u00f3 por los medios de su supuesta implicaci\u00f3n en la causa antes de recibir cualquier notificaci\u00f3n judicial. Esa filtraci\u00f3n habla de un funcionamiento perverso, donde la justicia se entrevera con la operaci\u00f3n medi\u00e1tica para construir \u201cculpables\u201d antes siquiera de que hable un juez. Infobae, en cambio, se muestra m\u00e1s sobrio en el relato, limit\u00e1ndose a contar la versi\u00f3n oficial: que hubo \u201cataques\u201d y pintadas en la casa de Espert en Avellaneda, que se identific\u00f3 a militantes peronistas y que, producto de las pesquisas, cay\u00f3 Mieri. Pero incluso en su recorte minimalista queda expuesta la incomodidad de un dato irrefutable: se imputa a una concejala opositora por actos que ni siquiera se han probado judicialmente, mientras la opini\u00f3n p\u00fablica es bombardeada con titulares que la condenan de antemano.<\/p>\n\n\n\n<p>Bullrich, la ministra que hoy se autoproclama garante del orden, tambi\u00e9n se sum\u00f3 al coro triunfalista, lanzando mensajes altisonantes sobre \u201clos violentos que deber\u00e1n rendir cuentas\u201d. Su tono de sheriff de western puede servir para alimentar la \u00e9pica libertaria de sus votantes, pero deja traslucir un peligroso desprecio por el debido proceso. No es casual que la propia DIB remarque que se han presentado denuncias por irregularidades judiciales y hasta por posibles delitos cometidos por la fiscal\u00eda interviniente.<\/p>\n\n\n\n<p>Si algo deja en claro esta cacer\u00eda es que, para el gobierno de Javier Milei, no hay mayor placer que blandir la ley como garrote contra sus adversarios. Mientras las cifras de pobreza crecen, la inflaci\u00f3n persiste y los salarios se pulverizan, Bullrich y Espert montan una puesta en escena de lucha contra \u201clos violentos\u201d, tratando de instalar la narrativa de que la inseguridad y el caos son obra del peronismo, cuando la verdadera violencia proviene, en no pocas ocasiones, del propio Estado.<\/p>\n\n\n\n<p>La persecuci\u00f3n no se agota en lo judicial. P\u00e1gina\/12 subraya el trasfondo pol\u00edtico de la avanzada: no solo se trata de esclarecer un escrache, sino de disciplinar a la militancia opositora en distritos clave como el conurbano bonaerense. Si algo ha sido el sello de los gobiernos autoritarios \u2014y esto no es exageraci\u00f3n\u2014 es la utilizaci\u00f3n de causas judiciales para silenciar voces inc\u00f3modas. Lo estamos viendo con Milei, un presidente que habla de libertad mientras cierra ministerios, recorta presupuestos universitarios y ahora detiene a concejalas kirchneristas.<\/p>\n\n\n\n<p>El tema no es menor ni anecd\u00f3tico. Porque si hoy el blanco es Eva Mieri, ma\u00f1ana puede ser cualquier dirigente opositor, cualquier periodista cr\u00edtico o cualquier ciudadano que ose levantar la voz. Por eso, lo que est\u00e1 en juego no es solo la suerte procesal de cuatro militantes acusados de pintar paredes o arrojar panfletos, sino la vigencia misma del Estado de Derecho. Porque si el gobierno cree que \u201clibertad\u201d es solo libertad de mercado, pero no libertad de expresi\u00f3n ni de militancia, estamos en problemas mucho m\u00e1s profundos que un simple escrache.<\/p>\n\n\n\n<p>Lo inquietante es que, aun con todas estas irregularidades a la vista, el oficialismo exhibe el operativo como trofeo. Espert sonr\u00ede en redes mientras la ministra Bullrich promete que no se detendr\u00e1n. Y en el medio, quedan ciudadanos esposados, oficinas allanadas, computadoras secuestradas y la sombra de un Estado que se vuelve cada vez m\u00e1s represivo.<\/p>\n\n\n\n<p>No es casualidad que los principales actores de este despliegue sean justamente Bullrich y Espert: dos figuras cuya narrativa pol\u00edtica se sustenta en la idea de \u201cmano dura\u201d y \u201corden\u201d. Para ellos, cualquier oposici\u00f3n es sin\u00f3nimo de violencia, cualquier disidencia es delito. Y lo m\u00e1s aterrador es que cuentan con una Justicia presta a ejecutar sus deseos, sin demasiadas preguntas.<\/p>\n\n\n\n<p>El caso Mieri es, en definitiva, un s\u00edntoma. Un s\u00edntoma del nuevo clima pol\u00edtico que se respira en la Argentina bajo el gobierno de Javier Milei: un clima donde se persigue, se filtra informaci\u00f3n, se exhiben opositores esposados y se celebra, con aires de victoria, la intimidaci\u00f3n pol\u00edtica. Todo mientras se habla, sin sonrojarse, de \u201clibertad\u201d.<\/p>\n\n\n\n<p>Fuentes:<\/p>\n\n\n\n<ul class=\"wp-block-list\">\n<li><a href=\"https:\/\/www.pagina12.com.ar\/839085-con-detenciones-y-allanamientos-bullrich-y-espert-desataron-\n(nota2) https:\/\/www.tiempoar.com.ar\/ta_article\/denunciaron-graves-irregularidades-en-las-detenciones-a-militantes-peronistas\/\n(nota3) https:\/\/www.infobae.com\/sociedad\/policiales\/2025\/07\/02\/detuvieron-a-una-concejala-kirchnerista-de-quilmes-por-el-ataque-a-la-casa-de-jose-luis-espert\/\n(nota4) https:\/\/dib.com.ar\/2025\/07\/hubo-cuatro-nuevas-detenciones-por-el-escrache-a-espert-y-denuncian-accionar-ilegal-de-la-justicia\/\">https:\/\/www.pagina12.com.ar\/839085-con-detenciones-y-allanamientos-bullrich-y-espert-desataron-<\/a><\/li>\n\n\n\n<li><a href=\"https:\/\/www.pagina12.com.ar\/839085-con-detenciones-y-allanamientos-bullrich-y-espert-desataron-\n(nota2) https:\/\/www.tiempoar.com.ar\/ta_article\/denunciaron-graves-irregularidades-en-las-detenciones-a-militantes-peronistas\/\n(nota3) https:\/\/www.infobae.com\/sociedad\/policiales\/2025\/07\/02\/detuvieron-a-una-concejala-kirchnerista-de-quilmes-por-el-ataque-a-la-casa-de-jose-luis-espert\/\n(nota4) https:\/\/dib.com.ar\/2025\/07\/hubo-cuatro-nuevas-detenciones-por-el-escrache-a-espert-y-denuncian-accionar-ilegal-de-la-justicia\/\">https:\/\/www.tiempoar.com.ar\/ta_article\/denunciaron-graves-irregularidades-en-las-detenciones-a-militantes-peronistas\/<\/a><\/li>\n\n\n\n<li><a href=\"https:\/\/www.pagina12.com.ar\/839085-con-detenciones-y-allanamientos-bullrich-y-espert-desataron-\n(nota2) https:\/\/www.tiempoar.com.ar\/ta_article\/denunciaron-graves-irregularidades-en-las-detenciones-a-militantes-peronistas\/\n(nota3) https:\/\/www.infobae.com\/sociedad\/policiales\/2025\/07\/02\/detuvieron-a-una-concejala-kirchnerista-de-quilmes-por-el-ataque-a-la-casa-de-jose-luis-espert\/\n(nota4) https:\/\/dib.com.ar\/2025\/07\/hubo-cuatro-nuevas-detenciones-por-el-escrache-a-espert-y-denuncian-accionar-ilegal-de-la-justicia\/\">https:\/\/www.infobae.com\/sociedad\/policiales\/2025\/07\/02\/detuvieron-a-una-concejala-kirchnerista-de-quilmes-por-el-ataque-a-la-casa-de-jose-luis-espert\/<\/a><\/li>\n\n\n\n<li><a href=\"https:\/\/www.pagina12.com.ar\/839085-con-detenciones-y-allanamientos-bullrich-y-espert-desataron-\n(nota2) https:\/\/www.tiempoar.com.ar\/ta_article\/denunciaron-graves-irregularidades-en-las-detenciones-a-militantes-peronistas\/\n(nota3) https:\/\/www.infobae.com\/sociedad\/policiales\/2025\/07\/02\/detuvieron-a-una-concejala-kirchnerista-de-quilmes-por-el-ataque-a-la-casa-de-jose-luis-espert\/\n(nota4) https:\/\/dib.com.ar\/2025\/07\/hubo-cuatro-nuevas-detenciones-por-el-escrache-a-espert-y-denuncian-accionar-ilegal-de-la-justicia\/\">https:\/\/dib.com.ar\/2025\/07\/hubo-cuatro-nuevas-detenciones-por-el-escrache-a-espert-y-denuncian-accionar-ilegal-de-la-justicia\/<\/a><\/li>\n<\/ul>\n","protected":false},"excerpt":{"rendered":"<p>Mientras Javier Milei se envuelve en el discurso de la libertad, Bullrich y Espert impulsan detenciones y allanamientos contra militantes peronistas tras un escrache. Las denuncias de ilegalidades judiciales y el sesgo represivo del operativo revelan un preocupante uso pol\u00edtico de la Justicia y amenazan libertades fundamentales.<\/p>\n","protected":false},"author":12,"featured_media":5879,"comment_status":"open","ping_status":"open","sticky":false,"template":"","format":"standard","meta":{"_monsterinsights_skip_tracking":false,"_monsterinsights_sitenote_active":false,"_monsterinsights_sitenote_note":"","_monsterinsights_sitenote_category":0,"footnotes":"","jetpack_publicize_message":"\u201cMientras hablan de libertad, persiguen a opositores. Allanamientos, detenciones y show medi\u00e1tico marcan la avanzada de Bullrich y Espert tras el escrache en Quilmes. \u00bfJusticia o cacer\u00eda pol\u00edtica? No podemos mirar para otro lado. ","jetpack_publicize_feature_enabled":true,"jetpack_social_post_already_shared":false,"jetpack_social_options":{"image_generator_settings":{"template":"highway","default_image_id":0,"enabled":false},"version":2}},"categories":[2],"tags":[262,923,70,1228,505,45,363,72,1888,365],"class_list":["post-5878","post","type-post","status-publish","format-standard","has-post-thumbnail","hentry","category-politica","tag-bullrich","tag-espert","tag-justicia","tag-kirchnerismo","tag-libertad","tag-milei","tag-peronismo","tag-politica","tag-quilmes","tag-represion"],"jetpack_publicize_connections":[],"_links":{"self":[{"href":"https:\/\/www.enorsai.com\/noticias\/wp-json\/wp\/v2\/posts\/5878","targetHints":{"allow":["GET"]}}],"collection":[{"href":"https:\/\/www.enorsai.com\/noticias\/wp-json\/wp\/v2\/posts"}],"about":[{"href":"https:\/\/www.enorsai.com\/noticias\/wp-json\/wp\/v2\/types\/post"}],"author":[{"embeddable":true,"href":"https:\/\/www.enorsai.com\/noticias\/wp-json\/wp\/v2\/users\/12"}],"replies":[{"embeddable":true,"href":"https:\/\/www.enorsai.com\/noticias\/wp-json\/wp\/v2\/comments?post=5878"}],"version-history":[{"count":1,"href":"https:\/\/www.enorsai.com\/noticias\/wp-json\/wp\/v2\/posts\/5878\/revisions"}],"predecessor-version":[{"id":5880,"href":"https:\/\/www.enorsai.com\/noticias\/wp-json\/wp\/v2\/posts\/5878\/revisions\/5880"}],"wp:featuredmedia":[{"embeddable":true,"href":"https:\/\/www.enorsai.com\/noticias\/wp-json\/wp\/v2\/media\/5879"}],"wp:attachment":[{"href":"https:\/\/www.enorsai.com\/noticias\/wp-json\/wp\/v2\/media?parent=5878"}],"wp:term":[{"taxonomy":"category","embeddable":true,"href":"https:\/\/www.enorsai.com\/noticias\/wp-json\/wp\/v2\/categories?post=5878"},{"taxonomy":"post_tag","embeddable":true,"href":"https:\/\/www.enorsai.com\/noticias\/wp-json\/wp\/v2\/tags?post=5878"}],"curies":[{"name":"wp","href":"https:\/\/api.w.org\/{rel}","templated":true}]}}