{"id":5858,"date":"2025-07-02T08:33:58","date_gmt":"2025-07-02T11:33:58","guid":{"rendered":"https:\/\/www.enorsai.com\/noticias\/?p=5858"},"modified":"2025-07-02T08:33:58","modified_gmt":"2025-07-02T11:33:58","slug":"kicillof-adelanto-que-investigaran-los-vinculos-de-milei-con-los-fondos-buitres-por-la-causa-ypf","status":"publish","type":"post","link":"https:\/\/www.enorsai.com\/noticias\/politica\/kicillof-adelanto-que-investigaran-los-vinculos-de-milei-con-los-fondos-buitres-por-la-causa-ypf\/","title":{"rendered":"Kicillof adelant\u00f3 que investigar\u00e1n los v\u00ednculos de Milei \u201ccon los fondos buitres\u201d por la causa YPF"},"content":{"rendered":"\n<p><strong><em>El gobernador bonaerense defendi\u00f3 su rol durante la expropiaci\u00f3n de YPF y sostuvo que investigar\u00e1 a Milei por supuestas vinculaciones con fondos buitres beneficiados por el reciente fallo de la Justicia estadounidense.<\/em><\/strong><\/p>\n\n\n\n<p>Tras el cimbronazo que signific\u00f3 el reciente fallo de la Justicia estadounidense que orden\u00f3 a la Argentina entregar el 51% de las acciones de YPF a los fondos Burford y Eton Capital, el gobernador bonaerense, Axel Kicillof, calific\u00f3 la resoluci\u00f3n como un \u201cdesprop\u00f3sito\u201d que avasalla derechos soberanos, al tiempo que cuestion\u00f3 la actitud del presidente Javier Milei de \u201cdarle la raz\u00f3n a los fondos buitres demandantes\u201d.<\/p>\n\n\n\n<p>A trav\u00e9s de una conferencia de prensa, Kicillof critic\u00f3 la doble postura del Jefe de Estado de apelar el fallo de la jueza Loretta Preska y, al mismo tiempo, criticar a quienes participaron del proceso de expropiaci\u00f3n de la actual situaci\u00f3n, como fue el caso del mandatario bonaerense, y calific\u00f3 esta postura como un eventual riesgo para el inter\u00e9s nacional.<\/p>\n\n\n\n<p>\u201cEmpieza a estar en riesgo YPF, lo cual tambi\u00e9n llama a diferentes investigaciones que vamos a iniciar, sobre todo la vinculaci\u00f3n del Presidente con fondos buitres. Responsabilizo a Milei de cualquier decisi\u00f3n que tome que ponga en riesgo la soberan\u00eda energ\u00e9tica, cuando no hay fallos firmes porque est\u00e1n siendo apelados\u201d, manifest\u00f3 el Gobernador.<\/p>\n\n\n\n<p>En rigor, el mandatario bonaerense dio a entender que los insultos que Milei le endilg\u00f3 a su persona implican una \u201cactitud sospechosa\u201d en el marco del litigio judicial, puesto que podr\u00eda tener eventuales consecuencias en el proceso. \u201cLo que se ha hecho, con insultos y agravios, es contradictorio y peligroso porque le da la raz\u00f3n a los demandantes\u201d, advirti\u00f3.<\/p>\n\n\n\n<p>En ese marco, Kicillof cuestion\u00f3 el discurso de reducci\u00f3n del Estado y a favor de las privatizaciones pregonado desde el Gobierno nacional y advirti\u00f3 que la provincia de Buenos Aires \u201cno admitir\u00e1 una eventual venta de la empresa petrolera\u201d. \u201cPor m\u00e1s que quiera sacar cierto r\u00e9dito electoral, es de una irresponsabilidad que vamos a investigar\u201d, a\u00f1adi\u00f3.<\/p>\n\n\n\n<p>Es preciso mencionar que, las cr\u00edticas de los libertarios a Kicillof parten de su actuaci\u00f3n como viceministro de Econom\u00eda cuando, al momento de la expropiaci\u00f3n de YPF en 2012, desconoci\u00f3 las condiciones de ofertar por el \u201ctotal de las acciones\u201d, como figuraba en el estatuto de la empresa, a causa del precio que ello hubiese implicado para la Argentina.<\/p>\n\n\n\n<p>Durante su alocuci\u00f3n en la sede de Gobernaci\u00f3n, el mandatario bonaerense critic\u00f3 que el fallo de la Justicia de Nueva York plantea que \u201cun papel firmado por una asamblea de accionistas vale m\u00e1s que las leyes de un pa\u00eds amparadas en su Constituci\u00f3n\u201d. \u201cEs una agresi\u00f3n a la soberan\u00eda argentina\u201c, calific\u00f3.<\/p>\n\n\n\n<p>\u201cEstoy convencido de que ning\u00fan juez argentino, simpatizante del sector que sea, puede estar de acuerdo con que le asiste la acci\u00f3n y el derecho al fallo a favor de un fondo buitre. Durante el proceso, cada autoridad del Estado argentino defendi\u00f3 la postura de que esto no debe discutirse en la Justicia de Nueva York\u201d, a\u00f1adi\u00f3 Kicillof.<\/p>\n\n\n\n<p>En esa l\u00ednea, Kicillof indic\u00f3 que lo que se est\u00e1 discutiendo es un fallo que condena a la Argentina a pagarle USD 16.000 millones a un fondo buitre que ni siquiera puede tener acciones, al que calific\u00f3 como \u201cun verdadero disparate jur\u00eddico que debe ser apelado\u201d.<\/p>\n\n\n\n<p>Por otra parte, el Gobernador puntualiz\u00f3 con gr\u00e1ficos las mejoras que obtuvo el pa\u00eds en la balanza energ\u00e9tica y en el desarrollo de Vaca Muerta gracias a la expropiaci\u00f3n de YPF. \u201cCon la empresa a mando de REPSOL, hubo una fuerte ca\u00edda de la producci\u00f3n de petr\u00f3leo y gas. Desde 2012 a 2024 ambas producciones volvieron a crecer\u201d, expres\u00f3.<\/p>\n\n\n\n<p>\u201cLos instrumentos legales para recuperar YPF estuvieron amparados en la Constituci\u00f3n nacional cuando algo es de \u2018inter\u00e9s p\u00fablico\u2019. Se consider\u00f3 sujeto a expropiaci\u00f3n el control de la compa\u00f1\u00eda, es decir un 51% de las acciones\u201d, se defendi\u00f3 Kicillof.<\/p>\n\n\n\n<p><a href=\"https:\/\/diputadosbsas.com.ar\/kicillof-milei-causa-ypf-fallo\/\" data-type=\"link\" data-id=\"https:\/\/diputadosbsas.com.ar\/kicillof-milei-causa-ypf-fallo\/\">Nota completa en Diputados Bonaerenses<\/a><\/p>\n","protected":false},"excerpt":{"rendered":"<p>El gobernador bonaerense defendi\u00f3 su rol durante la expropiaci\u00f3n de YPF y sostuvo que investigar\u00e1 a Milei por supuestas vinculaciones con fondos buitres beneficiados por el reciente fallo de la Justicia estadounidense. Tras el cimbronazo que signific\u00f3 el reciente fallo de la Justicia estadounidense que orden\u00f3 a la Argentina entregar el 51% de las acciones&#8230;<\/p>\n","protected":false},"author":5,"featured_media":5859,"comment_status":"open","ping_status":"open","sticky":false,"template":"","format":"standard","meta":{"_monsterinsights_skip_tracking":false,"_monsterinsights_sitenote_active":false,"_monsterinsights_sitenote_note":"","_monsterinsights_sitenote_category":0,"footnotes":"","jetpack_publicize_message":"","jetpack_publicize_feature_enabled":true,"jetpack_social_post_already_shared":true,"jetpack_social_options":{"image_generator_settings":{"template":"highway","default_image_id":0,"font":"","enabled":false},"version":2}},"categories":[2],"tags":[238,43,45,411],"class_list":["post-5858","post","type-post","status-publish","format-standard","has-post-thumbnail","hentry","category-politica","tag-axel-kicillof","tag-crisis","tag-milei","tag-ypf"],"jetpack_publicize_connections":[],"_links":{"self":[{"href":"https:\/\/www.enorsai.com\/noticias\/wp-json\/wp\/v2\/posts\/5858","targetHints":{"allow":["GET"]}}],"collection":[{"href":"https:\/\/www.enorsai.com\/noticias\/wp-json\/wp\/v2\/posts"}],"about":[{"href":"https:\/\/www.enorsai.com\/noticias\/wp-json\/wp\/v2\/types\/post"}],"author":[{"embeddable":true,"href":"https:\/\/www.enorsai.com\/noticias\/wp-json\/wp\/v2\/users\/5"}],"replies":[{"embeddable":true,"href":"https:\/\/www.enorsai.com\/noticias\/wp-json\/wp\/v2\/comments?post=5858"}],"version-history":[{"count":1,"href":"https:\/\/www.enorsai.com\/noticias\/wp-json\/wp\/v2\/posts\/5858\/revisions"}],"predecessor-version":[{"id":5860,"href":"https:\/\/www.enorsai.com\/noticias\/wp-json\/wp\/v2\/posts\/5858\/revisions\/5860"}],"wp:featuredmedia":[{"embeddable":true,"href":"https:\/\/www.enorsai.com\/noticias\/wp-json\/wp\/v2\/media\/5859"}],"wp:attachment":[{"href":"https:\/\/www.enorsai.com\/noticias\/wp-json\/wp\/v2\/media?parent=5858"}],"wp:term":[{"taxonomy":"category","embeddable":true,"href":"https:\/\/www.enorsai.com\/noticias\/wp-json\/wp\/v2\/categories?post=5858"},{"taxonomy":"post_tag","embeddable":true,"href":"https:\/\/www.enorsai.com\/noticias\/wp-json\/wp\/v2\/tags?post=5858"}],"curies":[{"name":"wp","href":"https:\/\/api.w.org\/{rel}","templated":true}]}}