{"id":5854,"date":"2025-07-02T06:17:53","date_gmt":"2025-07-02T09:17:53","guid":{"rendered":"http:\/\/www.enorsai.com\/noticias\/?p=5854"},"modified":"2025-07-02T06:43:53","modified_gmt":"2025-07-02T09:43:53","slug":"un-peon-lloro-tras-ser-despedido-su-video-se-hizo-viral-y-sus-patrones-tuvieron-consecuencias-cuando-el-estado-de-la-provincia-tomo-cartas-en-el-asunto","status":"publish","type":"post","link":"https:\/\/www.enorsai.com\/noticias\/sociedad\/un-peon-lloro-tras-ser-despedido-su-video-se-hizo-viral-y-sus-patrones-tuvieron-consecuencias-cuando-el-estado-de-la-provincia-tomo-cartas-en-el-asunto\/","title":{"rendered":"Un pe\u00f3n llor\u00f3 tras ser despedido, su video se hizo viral y sus patrones tuvieron consecuencias cuando el estado de la Provincia tomo cartas en el asunto"},"content":{"rendered":"\n<p><strong><em>La despedida de V\u00edctor D\u00edaz, un pe\u00f3n rural paraguayo que trabaj\u00f3 durante once a\u00f1os en una estancia de San Vicente, Buenos Aires, trascendi\u00f3 r\u00e1pidamente en las redes sociales y conmocion\u00f3 a miles. M\u00e1s all\u00e1 del dolor de perder su empleo, lo que realmente quebr\u00f3 a V\u00edctor fue dejar atr\u00e1s a su inseparable compa\u00f1ero: un perro que lo segu\u00eda todos los d\u00edas en sus tareas rurales.<\/em><\/strong><\/p>\n\n\n\n<p>En un video que se volvi\u00f3 viral, V\u00edctor aparece con l\u00e1grimas en los ojos, caminando hacia la salida del campo con sus pocas pertenencias. Mientras el perro lo acompa\u00f1a fiel, \u00e9l relata entre sollozos: \u201cMe sigue, cree que voy a trabajar como todos los d\u00edas. Dije que no iba a llorar, pero lo veo y lloro&#8230;\u201d. La escena refleja una despedida mucho m\u00e1s profunda que la p\u00e9rdida laboral: la despedida de un v\u00ednculo y una rutina que marc\u00f3 su vida durante m\u00e1s de una d\u00e9cada.<\/p>\n\n\n\n<p>V\u00edctor agradece a su patr\u00f3n con un tono resignado pero respetuoso: \u201cGracias patr\u00f3n por aguantarme tanto tiempo, mis estupideces, mis locuras\u201d. Sin embargo, tambi\u00e9n denuncia que la ruptura fue abrupta y sin previo aviso: \u201cNadie me avis\u00f3 que me iban a echar. Pas\u00e9 de todo y ojal\u00e1 no me caguen porque me quieren dar por 10 a\u00f1os plata que no sirve para nada\u201d.<\/p>\n\n\n\n<p>Con m\u00e1s de 400 mil seguidores en Instagram y 900 mil en TikTok, donde comparte su vida y trabajo rural, su historia conmovi\u00f3 no solo a sus seguidores sino a toda la sociedad argentina.<\/p>\n\n\n\n<p>Ante la viralizaci\u00f3n del video y la conmoci\u00f3n p\u00fablica, el Estado bonaerense tom\u00f3 cartas en el asunto a trav\u00e9s del Ministerio de Trabajo de la Provincia de Buenos Aires. Encabezado por el ministro Walter Correa, el organismo envi\u00f3 un equipo de inspecci\u00f3n a la estancia donde V\u00edctor trabajaba para constatar la situaci\u00f3n.<\/p>\n\n\n\n<p>La intervenci\u00f3n fue r\u00e1pida y contundente. En un posteo oficial en la red social X, el Ministerio inform\u00f3 que tras la inspecci\u00f3n se detectaron graves irregularidades: cables el\u00e9ctricos expuestos, ausencia de elementos de protecci\u00f3n personal, y condiciones higi\u00e9nicas deficientes tanto en el lugar de trabajo como en la vivienda del pe\u00f3n.<\/p>\n\n\n\n<p>El Estado bonaerense, actuando como garante de los derechos laborales, intim\u00f3 a los due\u00f1os de la finca a regularizar la relaci\u00f3n laboral de V\u00edctor, presentar la documentaci\u00f3n correspondiente sobre su registraci\u00f3n y acreditar el pago correcto de sus haberes, todo dentro de los plazos legales vigentes. Adem\u00e1s, se destac\u00f3 la colaboraci\u00f3n con la Uni\u00f3n Argentina de Trabajadores Rurales y Estibadores (UATRE), que present\u00f3 una denuncia formal y acompa\u00f1\u00f3 el proceso.<\/p>\n\n\n\n<p>Esta respuesta oficial no solo busca reparar la injusticia cometida contra un trabajador de larga trayectoria, sino tambi\u00e9n dar un mensaje claro sobre la importancia de respetar y garantizar los derechos laborales en el sector rural, uno de los m\u00e1s vulnerables y menos visibles del pa\u00eds.<\/p>\n\n\n\n<p>El video de V\u00edctor D\u00edaz no solo es la expresi\u00f3n de un hombre que llora la p\u00e9rdida de su trabajo y su amigo fiel, sino un llamado a la reflexi\u00f3n sobre las condiciones de trabajo y la protecci\u00f3n de quienes sostienen con esfuerzo diario la producci\u00f3n agropecuaria. En un pa\u00eds donde la lucha por derechos laborales a\u00fan enfrenta obst\u00e1culos, historias como la de V\u00edctor evidencian la necesidad de visibilizar y defender a quienes menos se ven pero m\u00e1s aportan.<\/p>\n\n\n\n<p>Fuente:<\/p>\n\n\n\n<ul class=\"wp-block-list\">\n<li><a href=\"https:\/\/noticiasargentinas.com\/sociedad\/un-peon-lloro-tras-ser-despedido--su-video-se-hizo-viral-y-hubo-consecuencias-para-sus-patrones_a6864946da7907703d86ca40d\">https:\/\/noticiasargentinas.com\/sociedad\/un-peon-lloro-tras-ser-despedido&#8211;su-video-se-hizo-viral-y-hubo-consecuencias-para-sus-patrones_a6864946da7907703d86ca40d<\/a><\/li>\n<\/ul>\n","protected":false},"excerpt":{"rendered":"<p>La despedida de V\u00edctor D\u00edaz, un pe\u00f3n rural paraguayo que trabaj\u00f3 durante once a\u00f1os en una estancia de San Vicente, Buenos Aires, trascendi\u00f3 r\u00e1pidamente en las redes sociales y conmocion\u00f3 a miles. M\u00e1s all\u00e1 del dolor de perder su empleo, lo que realmente quebr\u00f3 a V\u00edctor fue dejar atr\u00e1s a su inseparable compa\u00f1ero: un perro&#8230;<\/p>\n","protected":false},"author":12,"featured_media":5855,"comment_status":"open","ping_status":"open","sticky":false,"template":"","format":"standard","meta":{"_monsterinsights_skip_tracking":false,"_monsterinsights_sitenote_active":false,"_monsterinsights_sitenote_note":"","_monsterinsights_sitenote_category":0,"footnotes":"","jetpack_publicize_message":"","jetpack_publicize_feature_enabled":true,"jetpack_social_post_already_shared":true,"jetpack_social_options":{"image_generator_settings":{"template":"highway","default_image_id":0,"font":"","enabled":false},"version":2}},"categories":[4],"tags":[],"class_list":["post-5854","post","type-post","status-publish","format-standard","has-post-thumbnail","hentry","category-sociedad"],"jetpack_publicize_connections":[],"_links":{"self":[{"href":"https:\/\/www.enorsai.com\/noticias\/wp-json\/wp\/v2\/posts\/5854","targetHints":{"allow":["GET"]}}],"collection":[{"href":"https:\/\/www.enorsai.com\/noticias\/wp-json\/wp\/v2\/posts"}],"about":[{"href":"https:\/\/www.enorsai.com\/noticias\/wp-json\/wp\/v2\/types\/post"}],"author":[{"embeddable":true,"href":"https:\/\/www.enorsai.com\/noticias\/wp-json\/wp\/v2\/users\/12"}],"replies":[{"embeddable":true,"href":"https:\/\/www.enorsai.com\/noticias\/wp-json\/wp\/v2\/comments?post=5854"}],"version-history":[{"count":1,"href":"https:\/\/www.enorsai.com\/noticias\/wp-json\/wp\/v2\/posts\/5854\/revisions"}],"predecessor-version":[{"id":5856,"href":"https:\/\/www.enorsai.com\/noticias\/wp-json\/wp\/v2\/posts\/5854\/revisions\/5856"}],"wp:featuredmedia":[{"embeddable":true,"href":"https:\/\/www.enorsai.com\/noticias\/wp-json\/wp\/v2\/media\/5855"}],"wp:attachment":[{"href":"https:\/\/www.enorsai.com\/noticias\/wp-json\/wp\/v2\/media?parent=5854"}],"wp:term":[{"taxonomy":"category","embeddable":true,"href":"https:\/\/www.enorsai.com\/noticias\/wp-json\/wp\/v2\/categories?post=5854"},{"taxonomy":"post_tag","embeddable":true,"href":"https:\/\/www.enorsai.com\/noticias\/wp-json\/wp\/v2\/tags?post=5854"}],"curies":[{"name":"wp","href":"https:\/\/api.w.org\/{rel}","templated":true}]}}