{"id":5838,"date":"2025-07-01T22:20:17","date_gmt":"2025-07-02T01:20:17","guid":{"rendered":"https:\/\/www.enorsai.com\/noticias\/?p=5838"},"modified":"2025-07-01T22:20:17","modified_gmt":"2025-07-02T01:20:17","slug":"festival-por-la-democracia-y-convocatoria","status":"publish","type":"post","link":"https:\/\/www.enorsai.com\/noticias\/cultura\/festival-por-la-democracia-y-convocatoria\/","title":{"rendered":"Festival por la Democracia y Convocatoria."},"content":{"rendered":"\n<p><strong>\u00bfTen\u00e9s una banda? \u00bfSos solista y quer\u00e9s que tu m\u00fasica diga algo m\u00e1s? Este es tu momento para ser parte de un festival donde el arte suena fuerte y con sentido. \u2728 Buscamos m\u00fasicxs j\u00f3venes que quieran ponerle ritmo, poes\u00eda y rebeld\u00eda a una jornada que celebra la democracia, la igualdad y la potencia transformadora de las nuevas generaciones. \ud83c\udfa4 Rock, pop, rap, trap, folclore, electr\u00f3nica, cumbia, indie, fusi\u00f3n\u2026 \u00a1todas las voces, todos los estilos, todos los cuerpos!. \ud83d\udccd \u00bfQui\u00e9nes pueden participar?   <\/strong><\/p>\n\n\n\n<p><strong> \u2022    J\u00f3venes entre 15 y 30 a\u00f1os    \u2022    Solistas, bandas, d\u00faos o proyectos colectivos<\/strong>.<\/p>\n\n\n\n<p><strong>  \u2022    Con propuestas musicales propias o re interpretaciones con mirada propia<\/strong>.<\/p>\n\n\n\n<p>As\u00ed es como Liderar Mujer lanza la propuesta para convocar musiques j\u00f3venes para sumarse junto a otres musiques, a la pr\u00f3xima Expo y Festival por la democracia.<\/p>\n\n\n\n<figure class=\"wp-block-video\"><video height=\"720\" style=\"aspect-ratio: 1280 \/ 720;\" width=\"1280\" controls src=\"https:\/\/www.enorsai.com\/noticias\/wp-content\/uploads\/2025\/07\/1000799736.mp4\"><\/video><\/figure>\n\n\n\n<p>El mismo se realizar\u00e1 el pr\u00f3ximo domingo 6 de julio desde las 14 hs en el Centro Cultural OGA, en el barrio de Versalles de la Comuna 10, que se encuentra en la calle Roma 640.<\/p>\n\n\n\n<p>La inscripci\u00f3n estar\u00e1 abierta hasta el d\u00eda 5 de julio y para ello se encuentra disponible un formulario de inscripci\u00f3n que se puede pedir en el Ig de la organizaci\u00f3n Liderar Mujer o, en el creado para dicho evento.<\/p>\n\n\n\n<figure class=\"wp-block-image size-large\"><img loading=\"lazy\" decoding=\"async\" width=\"1024\" height=\"1024\" src=\"https:\/\/www.enorsai.com\/noticias\/wp-content\/uploads\/2025\/07\/1000799735-1024x1024.jpg\" alt=\"\" class=\"wp-image-5843\" srcset=\"https:\/\/www.enorsai.com\/noticias\/wp-content\/uploads\/2025\/07\/1000799735-1024x1024.jpg 1024w, https:\/\/www.enorsai.com\/noticias\/wp-content\/uploads\/2025\/07\/1000799735-300x300.jpg 300w, https:\/\/www.enorsai.com\/noticias\/wp-content\/uploads\/2025\/07\/1000799735-150x150.jpg 150w, https:\/\/www.enorsai.com\/noticias\/wp-content\/uploads\/2025\/07\/1000799735-768x768.jpg 768w, https:\/\/www.enorsai.com\/noticias\/wp-content\/uploads\/2025\/07\/1000799735.jpg 1080w\" sizes=\"auto, (max-width: 1024px) 100vw, 1024px\" \/><\/figure>\n\n\n\n<p>\ud83c\udfa7<strong> \u00abSubite al escenario del Festival y Expo L\u00edderar Mujer por la Democracia. Porque la cultura tambi\u00e9n es trinchera, y la m\u00fasica, un grito\u00bb <\/strong> Concluye la invitaci\u00f3n desde Liderar Mujer.<\/p>\n\n\n\n<p>Liderar Mujer es una organizaci\u00f3n sin fines de lucro de mujeres empresarias, comerciantes, cooperativistas profesionales, empoderadas en el marco de la integraci\u00f3n global.<\/p>\n","protected":false},"excerpt":{"rendered":"<p>\u00bfTen\u00e9s una banda? \u00bfSos solista y quer\u00e9s que tu m\u00fasica diga algo m\u00e1s? Este es tu momento para ser parte de un festival donde el arte suena fuerte y con sentido. \u2728 Buscamos m\u00fasicxs j\u00f3venes que quieran ponerle ritmo, poes\u00eda y rebeld\u00eda a una jornada que celebra la democracia, la igualdad y la potencia transformadora&#8230;<\/p>\n","protected":false},"author":15,"featured_media":0,"comment_status":"open","ping_status":"open","sticky":false,"template":"","format":"standard","meta":{"_monsterinsights_skip_tracking":false,"_monsterinsights_sitenote_active":false,"_monsterinsights_sitenote_note":"","_monsterinsights_sitenote_category":0,"footnotes":"","jetpack_publicize_message":"","jetpack_publicize_feature_enabled":true,"jetpack_social_post_already_shared":true,"jetpack_social_options":{"image_generator_settings":{"template":"highway","default_image_id":0,"font":"","enabled":false},"version":2}},"categories":[5,1584],"tags":[],"class_list":["post-5838","post","type-post","status-publish","format-standard","hentry","category-cultura","category-cultura-musica"],"jetpack_publicize_connections":[],"_links":{"self":[{"href":"https:\/\/www.enorsai.com\/noticias\/wp-json\/wp\/v2\/posts\/5838","targetHints":{"allow":["GET"]}}],"collection":[{"href":"https:\/\/www.enorsai.com\/noticias\/wp-json\/wp\/v2\/posts"}],"about":[{"href":"https:\/\/www.enorsai.com\/noticias\/wp-json\/wp\/v2\/types\/post"}],"author":[{"embeddable":true,"href":"https:\/\/www.enorsai.com\/noticias\/wp-json\/wp\/v2\/users\/15"}],"replies":[{"embeddable":true,"href":"https:\/\/www.enorsai.com\/noticias\/wp-json\/wp\/v2\/comments?post=5838"}],"version-history":[{"count":2,"href":"https:\/\/www.enorsai.com\/noticias\/wp-json\/wp\/v2\/posts\/5838\/revisions"}],"predecessor-version":[{"id":5845,"href":"https:\/\/www.enorsai.com\/noticias\/wp-json\/wp\/v2\/posts\/5838\/revisions\/5845"}],"wp:attachment":[{"href":"https:\/\/www.enorsai.com\/noticias\/wp-json\/wp\/v2\/media?parent=5838"}],"wp:term":[{"taxonomy":"category","embeddable":true,"href":"https:\/\/www.enorsai.com\/noticias\/wp-json\/wp\/v2\/categories?post=5838"},{"taxonomy":"post_tag","embeddable":true,"href":"https:\/\/www.enorsai.com\/noticias\/wp-json\/wp\/v2\/tags?post=5838"}],"curies":[{"name":"wp","href":"https:\/\/api.w.org\/{rel}","templated":true}]}}